{"id":947,"date":"2019-09-16T16:01:00","date_gmt":"2019-09-16T16:01:00","guid":{"rendered":"https:\/\/imaxilodental.com\/?p=947"},"modified":"2022-01-10T16:37:30","modified_gmt":"2022-01-10T16:37:30","slug":"quan-sha-diniciar-lortodoncia","status":"publish","type":"post","link":"https:\/\/imaxilodental.com\/ca\/quan-sha-diniciar-lortodoncia\/","title":{"rendered":"Quan s\u2019ha d&#8217;iniciar l&#8217;ortod\u00f2ncia?"},"content":{"rendered":"<\/p>\n<p>Tradicionalment, <strong>la primera visita a l&#8217;ortodoncista es fa una vegada que el nen ha perdut totes les seves dents de llet i la majoria (o tots) els seus dents permanents han comen\u00e7at a sortir.<\/strong> Aix\u00f2 sol succeir entre els 8 i els 14 anys, encara que si el nen visita regularment a un dentista, ell o ella ser\u00e0 l&#8217;indicat de decidir quan ha arribat el moment de visitar l&#8217;ortodontista.<\/p>\n<h2><b>Qu\u00e8 passar\u00e0 durant la primera visita a l&#8217;ortodoncista?<\/b><\/h2>\n<p><strong>Visitar l&#8217;ortodoncista no vol dir necess\u00e0riament que el nen comen\u00e7ar\u00e0 a portar un aparell ortod\u00f2ntic de seguida<\/strong>, sin\u00f3 que s&#8217;iniciar\u00e0 un monitoratge del correcte desenvolupament de les seves genives i les seves dents per prevenir problemes futurs.<\/p>\n<p>A la primera visita amb l&#8217;ortodoncista, l&#8217;especialista examinar\u00e0 a fons la boca, les dents i les genives del nen, ha de verificar l&#8217;oclusi\u00f3 (li demanar\u00e0 al nen que tanqui les dents per veure com encaixen) i far\u00e0 als pares algunes preguntes per saber si el nen t\u00e9 problemes per mastegar o empassar, o si presenta cruixits a la mand\u00edbula, entre d&#8217;altres.<\/p>\n<h2 data-tadv-p=\"keep\"><b>Quan s\u2019ha d&#8217;iniciar el tractament?<\/b><\/h2>\n<p>Alguns perfils es beneficien m\u00e9s d&#8217;un tractament preco\u00e7, ja que problemes com <span style=\"color: #000000;\"><span style=\"font-size: medium;\">la <\/span><\/span><span style=\"color: #000000;\"><span style=\"font-family: Liberation Serif, serif;\"><span style=\"font-size: medium;\">fissura palatina<\/span><\/span><\/span> , l&#8217;apinyament dental o la maloclusi\u00f3 poden comen\u00e7ar a tractar-se al voltant dels 6-7 anys; mentre que altres poden esperar. Al final <strong>l&#8217;objectiu \u00e9s prevenir els problemes abans que apareguin, o intervenir el m\u00e9s aviat possible per minimitzar el seu impacte<\/strong> i crear un ambient idoni perqu\u00e8 les dents adults es desenvolupin el millor possible.<\/p>\n<p>Cal tenir en compte que, encara si duem a terme aquests tractaments preventius, \u00e9s possible que el nen igualment necessiti portar un aparell d&#8217;ortod\u00f2ncia o altres tractaments en etapes posteriors del seu desenvolupament. Aix\u00f2 es deu als canvis que experimenten en el creixement, per\u00f2 normalment, <strong>si hi ha hagut un tractament correcte durant la inf\u00e0ncia, qualsevol tractament futur ser\u00e0 m\u00e9s curt i molt menys complicat.<\/strong><\/p>\n","protected":false},"excerpt":{"rendered":"<p>Tradicionalment, la primera visita a l&#8217;ortodoncista es fa una vegada que el nen ha perdut totes les seves dents de llet i la majoria (o tots) els seus dents permanents han comen\u00e7at a sortir. Aix\u00f2 sol succeir entre els 8 i els 14 anys, encara que si el nen visita regularment a un dentista, ell [&hellip;]<\/p>\n","protected":false},"author":1,"featured_media":942,"comment_status":"open","ping_status":"open","sticky":false,"template":"","format":"standard","meta":{"footnotes":""},"categories":[10,2],"tags":[13],"class_list":["post-947","post","type-post","status-publish","format-standard","has-post-thumbnail","hentry","category-actualitat","category-uncategorized-ca","tag-ortodoncia-infantil"],"yoast_head":"<!-- This site is optimized with the Yoast SEO plugin v27.2 - https:\/\/yoast.com\/product\/yoast-seo-wordpress\/ -->\n<title>Quan s\u2019ha d&#039;iniciar l&#039;ortod\u00f2ncia? - iMaxilodental<\/title>\n<meta name=\"description\" content=\"Quan un nen ha de fer la primera visita a l&#039;ortodoncista, i per a qu\u00e8 serveix aquesta visita? T&#039;ho expliquem aqu\u00ed.\" \/>\n<meta name=\"robots\" content=\"index, follow, max-snippet:-1, max-image-preview:large, max-video-preview:-1\" \/>\n<link rel=\"canonical\" href=\"https:\/\/imaxilodental.com\/ca\/quan-sha-diniciar-lortodoncia\/\" \/>\n<meta property=\"og:locale\" content=\"ca_ES\" \/>\n<meta property=\"og:type\" content=\"article\" \/>\n<meta property=\"og:title\" content=\"Quan s\u2019ha d&#039;iniciar l&#039;ortod\u00f2ncia? - iMaxilodental\" \/>\n<meta property=\"og:description\" content=\"Quan un nen ha de fer la primera visita a l&#039;ortodoncista, i per a qu\u00e8 serveix aquesta visita? T&#039;ho expliquem aqu\u00ed.\" \/>\n<meta property=\"og:url\" content=\"https:\/\/imaxilodental.com\/ca\/quan-sha-diniciar-lortodoncia\/\" \/>\n<meta property=\"og:site_name\" content=\"iMaxilodental\" \/>\n<meta property=\"article:published_time\" content=\"2019-09-16T16:01:00+00:00\" \/>\n<meta property=\"article:modified_time\" content=\"2022-01-10T16:37:30+00:00\" \/>\n<meta property=\"og:image\" content=\"https:\/\/imaxilodental.com\/wp-content\/uploads\/2019\/09\/iStock-482074530.jpg\" \/>\n\t<meta property=\"og:image:width\" content=\"789\" \/>\n\t<meta property=\"og:image:height\" content=\"904\" \/>\n\t<meta property=\"og:image:type\" content=\"image\/jpeg\" \/>\n<meta name=\"author\" content=\"Institut Maxil\u00b7lodental\" \/>\n<meta name=\"twitter:label1\" content=\"Escrit per\" \/>\n\t<meta name=\"twitter:data1\" content=\"Institut Maxil\u00b7lodental\" \/>\n\t<meta name=\"twitter:label2\" content=\"Temps estimat de lectura\" \/>\n\t<meta name=\"twitter:data2\" content=\"2 minuts\" \/>\n<script type=\"application\/ld+json\" class=\"yoast-schema-graph\">{\"@context\":\"https:\/\/schema.org\",\"@graph\":[{\"@type\":\"Article\",\"@id\":\"https:\/\/imaxilodental.com\/ca\/quan-sha-diniciar-lortodoncia\/#article\",\"isPartOf\":{\"@id\":\"https:\/\/imaxilodental.com\/ca\/quan-sha-diniciar-lortodoncia\/\"},\"author\":{\"name\":\"Institut Maxil\u00b7lodental\",\"@id\":\"https:\/\/imaxilodental.com\/#\/schema\/person\/0e2be65fe5c58a890def71626ff879eb\"},\"headline\":\"Quan s\u2019ha d&#8217;iniciar l&#8217;ortod\u00f2ncia?\",\"datePublished\":\"2019-09-16T16:01:00+00:00\",\"dateModified\":\"2022-01-10T16:37:30+00:00\",\"mainEntityOfPage\":{\"@id\":\"https:\/\/imaxilodental.com\/ca\/quan-sha-diniciar-lortodoncia\/\"},\"wordCount\":347,\"commentCount\":0,\"image\":{\"@id\":\"https:\/\/imaxilodental.com\/ca\/quan-sha-diniciar-lortodoncia\/#primaryimage\"},\"thumbnailUrl\":\"https:\/\/imaxilodental.com\/wp-content\/uploads\/2019\/09\/iStock-482074530.jpg\",\"keywords\":[\"ortodoncia infantil\"],\"articleSection\":[\"Actualitat\",\"Uncategorized @ca\"],\"inLanguage\":\"ca\",\"potentialAction\":[{\"@type\":\"CommentAction\",\"name\":\"Comment\",\"target\":[\"https:\/\/imaxilodental.com\/ca\/quan-sha-diniciar-lortodoncia\/#respond\"]}]},{\"@type\":\"WebPage\",\"@id\":\"https:\/\/imaxilodental.com\/ca\/quan-sha-diniciar-lortodoncia\/\",\"url\":\"https:\/\/imaxilodental.com\/ca\/quan-sha-diniciar-lortodoncia\/\",\"name\":\"Quan s\u2019ha d'iniciar l'ortod\u00f2ncia? - iMaxilodental\",\"isPartOf\":{\"@id\":\"https:\/\/imaxilodental.com\/#website\"},\"primaryImageOfPage\":{\"@id\":\"https:\/\/imaxilodental.com\/ca\/quan-sha-diniciar-lortodoncia\/#primaryimage\"},\"image\":{\"@id\":\"https:\/\/imaxilodental.com\/ca\/quan-sha-diniciar-lortodoncia\/#primaryimage\"},\"thumbnailUrl\":\"https:\/\/imaxilodental.com\/wp-content\/uploads\/2019\/09\/iStock-482074530.jpg\",\"datePublished\":\"2019-09-16T16:01:00+00:00\",\"dateModified\":\"2022-01-10T16:37:30+00:00\",\"author\":{\"@id\":\"https:\/\/imaxilodental.com\/#\/schema\/person\/0e2be65fe5c58a890def71626ff879eb\"},\"description\":\"Quan un nen ha de fer la primera visita a l'ortodoncista, i per a qu\u00e8 serveix aquesta visita? T'ho expliquem aqu\u00ed.\",\"breadcrumb\":{\"@id\":\"https:\/\/imaxilodental.com\/ca\/quan-sha-diniciar-lortodoncia\/#breadcrumb\"},\"inLanguage\":\"ca\",\"potentialAction\":[{\"@type\":\"ReadAction\",\"target\":[\"https:\/\/imaxilodental.com\/ca\/quan-sha-diniciar-lortodoncia\/\"]}]},{\"@type\":\"ImageObject\",\"inLanguage\":\"ca\",\"@id\":\"https:\/\/imaxilodental.com\/ca\/quan-sha-diniciar-lortodoncia\/#primaryimage\",\"url\":\"https:\/\/imaxilodental.com\/wp-content\/uploads\/2019\/09\/iStock-482074530.jpg\",\"contentUrl\":\"https:\/\/imaxilodental.com\/wp-content\/uploads\/2019\/09\/iStock-482074530.jpg\",\"width\":789,\"height\":904},{\"@type\":\"BreadcrumbList\",\"@id\":\"https:\/\/imaxilodental.com\/ca\/quan-sha-diniciar-lortodoncia\/#breadcrumb\",\"itemListElement\":[{\"@type\":\"ListItem\",\"position\":1,\"name\":\"Portada\",\"item\":\"https:\/\/imaxilodental.com\/ca\/\"},{\"@type\":\"ListItem\",\"position\":2,\"name\":\"Quan s\u2019ha d&#8217;iniciar l&#8217;ortod\u00f2ncia?\"}]},{\"@type\":\"WebSite\",\"@id\":\"https:\/\/imaxilodental.com\/#website\",\"url\":\"https:\/\/imaxilodental.com\/\",\"name\":\"iMaxilodental\",\"description\":\"\",\"potentialAction\":[{\"@type\":\"SearchAction\",\"target\":{\"@type\":\"EntryPoint\",\"urlTemplate\":\"https:\/\/imaxilodental.com\/?s={search_term_string}\"},\"query-input\":{\"@type\":\"PropertyValueSpecification\",\"valueRequired\":true,\"valueName\":\"search_term_string\"}}],\"inLanguage\":\"ca\"},{\"@type\":\"Person\",\"@id\":\"https:\/\/imaxilodental.com\/#\/schema\/person\/0e2be65fe5c58a890def71626ff879eb\",\"name\":\"Institut Maxil\u00b7lodental\",\"image\":{\"@type\":\"ImageObject\",\"inLanguage\":\"ca\",\"@id\":\"https:\/\/secure.gravatar.com\/avatar\/dd77c6bb181e05063fd56a8b54fa4fc916d912b7ff5940a9b931c9f84fa29360?s=96&d=mm&r=g\",\"url\":\"https:\/\/secure.gravatar.com\/avatar\/dd77c6bb181e05063fd56a8b54fa4fc916d912b7ff5940a9b931c9f84fa29360?s=96&d=mm&r=g\",\"contentUrl\":\"https:\/\/secure.gravatar.com\/avatar\/dd77c6bb181e05063fd56a8b54fa4fc916d912b7ff5940a9b931c9f84fa29360?s=96&d=mm&r=g\",\"caption\":\"Institut Maxil\u00b7lodental\"},\"url\":\"https:\/\/imaxilodental.com\/ca\/author\/admin\/\"}]}<\/script>\n<!-- \/ Yoast SEO plugin. -->","yoast_head_json":{"title":"Quan s\u2019ha d'iniciar l'ortod\u00f2ncia? - iMaxilodental","description":"Quan un nen ha de fer la primera visita a l'ortodoncista, i per a qu\u00e8 serveix aquesta visita? T'ho expliquem aqu\u00ed.","robots":{"index":"index","follow":"follow","max-snippet":"max-snippet:-1","max-image-preview":"max-image-preview:large","max-video-preview":"max-video-preview:-1"},"canonical":"https:\/\/imaxilodental.com\/ca\/quan-sha-diniciar-lortodoncia\/","og_locale":"ca_ES","og_type":"article","og_title":"Quan s\u2019ha d'iniciar l'ortod\u00f2ncia? - iMaxilodental","og_description":"Quan un nen ha de fer la primera visita a l'ortodoncista, i per a qu\u00e8 serveix aquesta visita? T'ho expliquem aqu\u00ed.","og_url":"https:\/\/imaxilodental.com\/ca\/quan-sha-diniciar-lortodoncia\/","og_site_name":"iMaxilodental","article_published_time":"2019-09-16T16:01:00+00:00","article_modified_time":"2022-01-10T16:37:30+00:00","og_image":[{"width":789,"height":904,"url":"https:\/\/imaxilodental.com\/wp-content\/uploads\/2019\/09\/iStock-482074530.jpg","type":"image\/jpeg"}],"author":"Institut Maxil\u00b7lodental","twitter_misc":{"Escrit per":"Institut Maxil\u00b7lodental","Temps estimat de lectura":"2 minuts"},"schema":{"@context":"https:\/\/schema.org","@graph":[{"@type":"Article","@id":"https:\/\/imaxilodental.com\/ca\/quan-sha-diniciar-lortodoncia\/#article","isPartOf":{"@id":"https:\/\/imaxilodental.com\/ca\/quan-sha-diniciar-lortodoncia\/"},"author":{"name":"Institut Maxil\u00b7lodental","@id":"https:\/\/imaxilodental.com\/#\/schema\/person\/0e2be65fe5c58a890def71626ff879eb"},"headline":"Quan s\u2019ha d&#8217;iniciar l&#8217;ortod\u00f2ncia?","datePublished":"2019-09-16T16:01:00+00:00","dateModified":"2022-01-10T16:37:30+00:00","mainEntityOfPage":{"@id":"https:\/\/imaxilodental.com\/ca\/quan-sha-diniciar-lortodoncia\/"},"wordCount":347,"commentCount":0,"image":{"@id":"https:\/\/imaxilodental.com\/ca\/quan-sha-diniciar-lortodoncia\/#primaryimage"},"thumbnailUrl":"https:\/\/imaxilodental.com\/wp-content\/uploads\/2019\/09\/iStock-482074530.jpg","keywords":["ortodoncia infantil"],"articleSection":["Actualitat","Uncategorized @ca"],"inLanguage":"ca","potentialAction":[{"@type":"CommentAction","name":"Comment","target":["https:\/\/imaxilodental.com\/ca\/quan-sha-diniciar-lortodoncia\/#respond"]}]},{"@type":"WebPage","@id":"https:\/\/imaxilodental.com\/ca\/quan-sha-diniciar-lortodoncia\/","url":"https:\/\/imaxilodental.com\/ca\/quan-sha-diniciar-lortodoncia\/","name":"Quan s\u2019ha d'iniciar l'ortod\u00f2ncia? - iMaxilodental","isPartOf":{"@id":"https:\/\/imaxilodental.com\/#website"},"primaryImageOfPage":{"@id":"https:\/\/imaxilodental.com\/ca\/quan-sha-diniciar-lortodoncia\/#primaryimage"},"image":{"@id":"https:\/\/imaxilodental.com\/ca\/quan-sha-diniciar-lortodoncia\/#primaryimage"},"thumbnailUrl":"https:\/\/imaxilodental.com\/wp-content\/uploads\/2019\/09\/iStock-482074530.jpg","datePublished":"2019-09-16T16:01:00+00:00","dateModified":"2022-01-10T16:37:30+00:00","author":{"@id":"https:\/\/imaxilodental.com\/#\/schema\/person\/0e2be65fe5c58a890def71626ff879eb"},"description":"Quan un nen ha de fer la primera visita a l'ortodoncista, i per a qu\u00e8 serveix aquesta visita? T'ho expliquem aqu\u00ed.","breadcrumb":{"@id":"https:\/\/imaxilodental.com\/ca\/quan-sha-diniciar-lortodoncia\/#breadcrumb"},"inLanguage":"ca","potentialAction":[{"@type":"ReadAction","target":["https:\/\/imaxilodental.com\/ca\/quan-sha-diniciar-lortodoncia\/"]}]},{"@type":"ImageObject","inLanguage":"ca","@id":"https:\/\/imaxilodental.com\/ca\/quan-sha-diniciar-lortodoncia\/#primaryimage","url":"https:\/\/imaxilodental.com\/wp-content\/uploads\/2019\/09\/iStock-482074530.jpg","contentUrl":"https:\/\/imaxilodental.com\/wp-content\/uploads\/2019\/09\/iStock-482074530.jpg","width":789,"height":904},{"@type":"BreadcrumbList","@id":"https:\/\/imaxilodental.com\/ca\/quan-sha-diniciar-lortodoncia\/#breadcrumb","itemListElement":[{"@type":"ListItem","position":1,"name":"Portada","item":"https:\/\/imaxilodental.com\/ca\/"},{"@type":"ListItem","position":2,"name":"Quan s\u2019ha d&#8217;iniciar l&#8217;ortod\u00f2ncia?"}]},{"@type":"WebSite","@id":"https:\/\/imaxilodental.com\/#website","url":"https:\/\/imaxilodental.com\/","name":"iMaxilodental","description":"","potentialAction":[{"@type":"SearchAction","target":{"@type":"EntryPoint","urlTemplate":"https:\/\/imaxilodental.com\/?s={search_term_string}"},"query-input":{"@type":"PropertyValueSpecification","valueRequired":true,"valueName":"search_term_string"}}],"inLanguage":"ca"},{"@type":"Person","@id":"https:\/\/imaxilodental.com\/#\/schema\/person\/0e2be65fe5c58a890def71626ff879eb","name":"Institut Maxil\u00b7lodental","image":{"@type":"ImageObject","inLanguage":"ca","@id":"https:\/\/secure.gravatar.com\/avatar\/dd77c6bb181e05063fd56a8b54fa4fc916d912b7ff5940a9b931c9f84fa29360?s=96&d=mm&r=g","url":"https:\/\/secure.gravatar.com\/avatar\/dd77c6bb181e05063fd56a8b54fa4fc916d912b7ff5940a9b931c9f84fa29360?s=96&d=mm&r=g","contentUrl":"https:\/\/secure.gravatar.com\/avatar\/dd77c6bb181e05063fd56a8b54fa4fc916d912b7ff5940a9b931c9f84fa29360?s=96&d=mm&r=g","caption":"Institut Maxil\u00b7lodental"},"url":"https:\/\/imaxilodental.com\/ca\/author\/admin\/"}]}},"meta_box":[],"_links":{"self":[{"href":"https:\/\/imaxilodental.com\/ca\/wp-json\/wp\/v2\/posts\/947","targetHints":{"allow":["GET"]}}],"collection":[{"href":"https:\/\/imaxilodental.com\/ca\/wp-json\/wp\/v2\/posts"}],"about":[{"href":"https:\/\/imaxilodental.com\/ca\/wp-json\/wp\/v2\/types\/post"}],"author":[{"embeddable":true,"href":"https:\/\/imaxilodental.com\/ca\/wp-json\/wp\/v2\/users\/1"}],"replies":[{"embeddable":true,"href":"https:\/\/imaxilodental.com\/ca\/wp-json\/wp\/v2\/comments?post=947"}],"version-history":[{"count":5,"href":"https:\/\/imaxilodental.com\/ca\/wp-json\/wp\/v2\/posts\/947\/revisions"}],"predecessor-version":[{"id":2123,"href":"https:\/\/imaxilodental.com\/ca\/wp-json\/wp\/v2\/posts\/947\/revisions\/2123"}],"wp:featuredmedia":[{"embeddable":true,"href":"https:\/\/imaxilodental.com\/ca\/wp-json\/wp\/v2\/media\/942"}],"wp:attachment":[{"href":"https:\/\/imaxilodental.com\/ca\/wp-json\/wp\/v2\/media?parent=947"}],"wp:term":[{"taxonomy":"category","embeddable":true,"href":"https:\/\/imaxilodental.com\/ca\/wp-json\/wp\/v2\/categories?post=947"},{"taxonomy":"post_tag","embeddable":true,"href":"https:\/\/imaxilodental.com\/ca\/wp-json\/wp\/v2\/tags?post=947"}],"curies":[{"name":"wp","href":"https:\/\/api.w.org\/{rel}","templated":true}]}}