{"id":939,"date":"2019-09-16T15:49:41","date_gmt":"2019-09-16T15:49:41","guid":{"rendered":"https:\/\/imaxilodental.com\/?p=939"},"modified":"2022-01-10T16:49:49","modified_gmt":"2022-01-10T16:49:49","slug":"soc-massa-gran-per-utilitzar-ortodoncia","status":"publish","type":"post","link":"https:\/\/imaxilodental.com\/ca\/soc-massa-gran-per-utilitzar-ortodoncia\/","title":{"rendered":"S\u00f3c massa gran per utilitzar ortod\u00f2ncia?"},"content":{"rendered":"<p>S\u00f3n comptades les persones que poden lluir un somriure bonic sense haver passat per un tractament ortod\u00f2ntic. Si no vas tenir aquesta oportunitat de petit, o si per qualsevol ra\u00f3 les teves dents han patit desajustos en l&#8217;edat adulta, has de saber que <strong>no tens per qu\u00e8 resignar a viure amb dents mal alineats o apinyats, mai \u00e9s tard per somriure amb confian\u00e7a!<\/strong><\/p>\n<p>Encara que \u00e9s veritat que fer un tractament ortod\u00f2ntic en l&#8217;adultesa pot ser una mica m\u00e9s complex a causa de que els pacients poden presentar diversos quadres, com dents que falten, empastaments, problemes periodontals, o altres complicacions, cal saber que <strong>no hi ha una edat l\u00edmit per arreglar-se les dents, ja que aquests respondran b\u00e9 al tractament a qualsevol edat.<\/strong> Els nostres especialistes coneixen perfectament aquestes complicacions i estan preparats per dissenyar el millor tractament en cada cas.<\/p>\n<h3><b>Quin tipus d&#8217;ortod\u00f2ncia he de triar?<\/b><\/h3>\n<p>Amb els nous aven\u00e7os en odontologia, portar un aparell ortod\u00f2ntic no ha d&#8217;afectar la nostra imatge. E<strong>xisteixen moltes opcions per arreglar les nostres dents sense patir incomoditat ni sacrificar la nostra imatge.<\/strong> Algunes opcions en ortod\u00f2ncia per a adults son l&#8217;ortod\u00f2ncia lingual, l&#8217;ortod\u00f2ncia de cer\u00e0mica i l&#8217;ortod\u00f2ncia invisible. Pots veure les diferents opcions de tractament en aquest <span style=\"color: #c9211e;\">enlla\u00e7.<\/span><\/p>\n<h3 data-tadv-p=\"keep\"><b>Quant de temps haur\u00e9 de portar l\u2019ortod\u00f2ncia?<\/b><\/h3>\n<p>Els adults solen estar m\u00e9s preocupats per la durada de l&#8217;ortod\u00f2ncia que els nens i adolescents. Aix\u00f2 sempre dep\u00e8n de la condici\u00f3 inicial i el tipus de tractament escollit, per\u00f2 de manera orientativa, <strong>un tractament ortod\u00f2ntic pot portar entre 6 mesos fins al voltant de dos anys.<\/strong><\/p>\n<p>\u00c9s important tenir en compte que unes dents sanes s\u00f3n una pe\u00e7a fonamental tant per tenir una bona sana com una bona imatge, de manera que sempre seran una bona inversi\u00f3, no importa l&#8217;edat que tinguem. Un somriure bonic pot fer meravelles en la nostra autoconfian\u00e7a, i en la forma com els altres ens perceben, a m\u00e9s de disminuir la probabilitat de patir de malalties periodontals que puguin afectar la nostra salut.<\/p>\n","protected":false},"excerpt":{"rendered":"<p>S\u00f3n comptades les persones que poden lluir un somriure bonic sense haver passat per un tractament ortod\u00f2ntic. Si no vas tenir aquesta oportunitat de petit, o si per qualsevol ra\u00f3 les teves dents han patit desajustos en l&#8217;edat adulta, has de saber que no tens per qu\u00e8 resignar a viure amb dents mal alineats o [&hellip;]<\/p>\n","protected":false},"author":1,"featured_media":938,"comment_status":"open","ping_status":"open","sticky":false,"template":"","format":"standard","meta":{"footnotes":""},"categories":[10],"tags":[],"class_list":["post-939","post","type-post","status-publish","format-standard","has-post-thumbnail","hentry","category-actualitat"],"yoast_head":"<!-- This site is optimized with the Yoast SEO plugin v27.2 - https:\/\/yoast.com\/product\/yoast-seo-wordpress\/ -->\n<title>S\u00f3c massa gran per utilitzar ortod\u00f2ncia? - iMaxilodental<\/title>\n<meta name=\"description\" content=\"No hi ha una edat l\u00edmit per arreglar-se les dents, ja que aquestes respondran b\u00e9 al tractament a qualsevol edat.\" \/>\n<meta name=\"robots\" content=\"index, follow, max-snippet:-1, max-image-preview:large, max-video-preview:-1\" \/>\n<link rel=\"canonical\" href=\"https:\/\/imaxilodental.com\/ca\/soc-massa-gran-per-utilitzar-ortodoncia\/\" \/>\n<meta property=\"og:locale\" content=\"ca_ES\" \/>\n<meta property=\"og:type\" content=\"article\" \/>\n<meta property=\"og:title\" content=\"S\u00f3c massa gran per utilitzar ortod\u00f2ncia? - iMaxilodental\" \/>\n<meta property=\"og:description\" content=\"No hi ha una edat l\u00edmit per arreglar-se les dents, ja que aquestes respondran b\u00e9 al tractament a qualsevol edat.\" \/>\n<meta property=\"og:url\" content=\"https:\/\/imaxilodental.com\/ca\/soc-massa-gran-per-utilitzar-ortodoncia\/\" \/>\n<meta property=\"og:site_name\" content=\"iMaxilodental\" \/>\n<meta property=\"article:published_time\" content=\"2019-09-16T15:49:41+00:00\" \/>\n<meta property=\"article:modified_time\" content=\"2022-01-10T16:49:49+00:00\" \/>\n<meta property=\"og:image\" content=\"https:\/\/imaxilodental.com\/wp-content\/uploads\/2019\/09\/iStock-53041273.jpg\" \/>\n\t<meta property=\"og:image:width\" content=\"789\" \/>\n\t<meta property=\"og:image:height\" content=\"911\" \/>\n\t<meta property=\"og:image:type\" content=\"image\/jpeg\" \/>\n<meta name=\"author\" content=\"Institut Maxil\u00b7lodental\" \/>\n<meta name=\"twitter:label1\" content=\"Escrit per\" \/>\n\t<meta name=\"twitter:data1\" content=\"Institut Maxil\u00b7lodental\" \/>\n\t<meta name=\"twitter:label2\" content=\"Temps estimat de lectura\" \/>\n\t<meta name=\"twitter:data2\" content=\"2 minuts\" \/>\n<script type=\"application\/ld+json\" class=\"yoast-schema-graph\">{\"@context\":\"https:\/\/schema.org\",\"@graph\":[{\"@type\":\"Article\",\"@id\":\"https:\/\/imaxilodental.com\/ca\/soc-massa-gran-per-utilitzar-ortodoncia\/#article\",\"isPartOf\":{\"@id\":\"https:\/\/imaxilodental.com\/ca\/soc-massa-gran-per-utilitzar-ortodoncia\/\"},\"author\":{\"name\":\"Institut Maxil\u00b7lodental\",\"@id\":\"https:\/\/imaxilodental.com\/#\/schema\/person\/0e2be65fe5c58a890def71626ff879eb\"},\"headline\":\"S\u00f3c massa gran per utilitzar ortod\u00f2ncia?\",\"datePublished\":\"2019-09-16T15:49:41+00:00\",\"dateModified\":\"2022-01-10T16:49:49+00:00\",\"mainEntityOfPage\":{\"@id\":\"https:\/\/imaxilodental.com\/ca\/soc-massa-gran-per-utilitzar-ortodoncia\/\"},\"wordCount\":371,\"commentCount\":0,\"image\":{\"@id\":\"https:\/\/imaxilodental.com\/ca\/soc-massa-gran-per-utilitzar-ortodoncia\/#primaryimage\"},\"thumbnailUrl\":\"https:\/\/imaxilodental.com\/wp-content\/uploads\/2019\/09\/iStock-53041273.jpg\",\"articleSection\":[\"Actualitat\"],\"inLanguage\":\"ca\",\"potentialAction\":[{\"@type\":\"CommentAction\",\"name\":\"Comment\",\"target\":[\"https:\/\/imaxilodental.com\/ca\/soc-massa-gran-per-utilitzar-ortodoncia\/#respond\"]}]},{\"@type\":\"WebPage\",\"@id\":\"https:\/\/imaxilodental.com\/ca\/soc-massa-gran-per-utilitzar-ortodoncia\/\",\"url\":\"https:\/\/imaxilodental.com\/ca\/soc-massa-gran-per-utilitzar-ortodoncia\/\",\"name\":\"S\u00f3c massa gran per utilitzar ortod\u00f2ncia? - iMaxilodental\",\"isPartOf\":{\"@id\":\"https:\/\/imaxilodental.com\/#website\"},\"primaryImageOfPage\":{\"@id\":\"https:\/\/imaxilodental.com\/ca\/soc-massa-gran-per-utilitzar-ortodoncia\/#primaryimage\"},\"image\":{\"@id\":\"https:\/\/imaxilodental.com\/ca\/soc-massa-gran-per-utilitzar-ortodoncia\/#primaryimage\"},\"thumbnailUrl\":\"https:\/\/imaxilodental.com\/wp-content\/uploads\/2019\/09\/iStock-53041273.jpg\",\"datePublished\":\"2019-09-16T15:49:41+00:00\",\"dateModified\":\"2022-01-10T16:49:49+00:00\",\"author\":{\"@id\":\"https:\/\/imaxilodental.com\/#\/schema\/person\/0e2be65fe5c58a890def71626ff879eb\"},\"description\":\"No hi ha una edat l\u00edmit per arreglar-se les dents, ja que aquestes respondran b\u00e9 al tractament a qualsevol edat.\",\"breadcrumb\":{\"@id\":\"https:\/\/imaxilodental.com\/ca\/soc-massa-gran-per-utilitzar-ortodoncia\/#breadcrumb\"},\"inLanguage\":\"ca\",\"potentialAction\":[{\"@type\":\"ReadAction\",\"target\":[\"https:\/\/imaxilodental.com\/ca\/soc-massa-gran-per-utilitzar-ortodoncia\/\"]}]},{\"@type\":\"ImageObject\",\"inLanguage\":\"ca\",\"@id\":\"https:\/\/imaxilodental.com\/ca\/soc-massa-gran-per-utilitzar-ortodoncia\/#primaryimage\",\"url\":\"https:\/\/imaxilodental.com\/wp-content\/uploads\/2019\/09\/iStock-53041273.jpg\",\"contentUrl\":\"https:\/\/imaxilodental.com\/wp-content\/uploads\/2019\/09\/iStock-53041273.jpg\",\"width\":789,\"height\":911},{\"@type\":\"BreadcrumbList\",\"@id\":\"https:\/\/imaxilodental.com\/ca\/soc-massa-gran-per-utilitzar-ortodoncia\/#breadcrumb\",\"itemListElement\":[{\"@type\":\"ListItem\",\"position\":1,\"name\":\"Portada\",\"item\":\"https:\/\/imaxilodental.com\/ca\/\"},{\"@type\":\"ListItem\",\"position\":2,\"name\":\"S\u00f3c massa gran per utilitzar ortod\u00f2ncia?\"}]},{\"@type\":\"WebSite\",\"@id\":\"https:\/\/imaxilodental.com\/#website\",\"url\":\"https:\/\/imaxilodental.com\/\",\"name\":\"iMaxilodental\",\"description\":\"\",\"potentialAction\":[{\"@type\":\"SearchAction\",\"target\":{\"@type\":\"EntryPoint\",\"urlTemplate\":\"https:\/\/imaxilodental.com\/?s={search_term_string}\"},\"query-input\":{\"@type\":\"PropertyValueSpecification\",\"valueRequired\":true,\"valueName\":\"search_term_string\"}}],\"inLanguage\":\"ca\"},{\"@type\":\"Person\",\"@id\":\"https:\/\/imaxilodental.com\/#\/schema\/person\/0e2be65fe5c58a890def71626ff879eb\",\"name\":\"Institut Maxil\u00b7lodental\",\"image\":{\"@type\":\"ImageObject\",\"inLanguage\":\"ca\",\"@id\":\"https:\/\/secure.gravatar.com\/avatar\/dd77c6bb181e05063fd56a8b54fa4fc916d912b7ff5940a9b931c9f84fa29360?s=96&d=mm&r=g\",\"url\":\"https:\/\/secure.gravatar.com\/avatar\/dd77c6bb181e05063fd56a8b54fa4fc916d912b7ff5940a9b931c9f84fa29360?s=96&d=mm&r=g\",\"contentUrl\":\"https:\/\/secure.gravatar.com\/avatar\/dd77c6bb181e05063fd56a8b54fa4fc916d912b7ff5940a9b931c9f84fa29360?s=96&d=mm&r=g\",\"caption\":\"Institut Maxil\u00b7lodental\"},\"url\":\"https:\/\/imaxilodental.com\/ca\/author\/admin\/\"}]}<\/script>\n<!-- \/ Yoast SEO plugin. -->","yoast_head_json":{"title":"S\u00f3c massa gran per utilitzar ortod\u00f2ncia? - iMaxilodental","description":"No hi ha una edat l\u00edmit per arreglar-se les dents, ja que aquestes respondran b\u00e9 al tractament a qualsevol edat.","robots":{"index":"index","follow":"follow","max-snippet":"max-snippet:-1","max-image-preview":"max-image-preview:large","max-video-preview":"max-video-preview:-1"},"canonical":"https:\/\/imaxilodental.com\/ca\/soc-massa-gran-per-utilitzar-ortodoncia\/","og_locale":"ca_ES","og_type":"article","og_title":"S\u00f3c massa gran per utilitzar ortod\u00f2ncia? - iMaxilodental","og_description":"No hi ha una edat l\u00edmit per arreglar-se les dents, ja que aquestes respondran b\u00e9 al tractament a qualsevol edat.","og_url":"https:\/\/imaxilodental.com\/ca\/soc-massa-gran-per-utilitzar-ortodoncia\/","og_site_name":"iMaxilodental","article_published_time":"2019-09-16T15:49:41+00:00","article_modified_time":"2022-01-10T16:49:49+00:00","og_image":[{"width":789,"height":911,"url":"https:\/\/imaxilodental.com\/wp-content\/uploads\/2019\/09\/iStock-53041273.jpg","type":"image\/jpeg"}],"author":"Institut Maxil\u00b7lodental","twitter_misc":{"Escrit per":"Institut Maxil\u00b7lodental","Temps estimat de lectura":"2 minuts"},"schema":{"@context":"https:\/\/schema.org","@graph":[{"@type":"Article","@id":"https:\/\/imaxilodental.com\/ca\/soc-massa-gran-per-utilitzar-ortodoncia\/#article","isPartOf":{"@id":"https:\/\/imaxilodental.com\/ca\/soc-massa-gran-per-utilitzar-ortodoncia\/"},"author":{"name":"Institut Maxil\u00b7lodental","@id":"https:\/\/imaxilodental.com\/#\/schema\/person\/0e2be65fe5c58a890def71626ff879eb"},"headline":"S\u00f3c massa gran per utilitzar ortod\u00f2ncia?","datePublished":"2019-09-16T15:49:41+00:00","dateModified":"2022-01-10T16:49:49+00:00","mainEntityOfPage":{"@id":"https:\/\/imaxilodental.com\/ca\/soc-massa-gran-per-utilitzar-ortodoncia\/"},"wordCount":371,"commentCount":0,"image":{"@id":"https:\/\/imaxilodental.com\/ca\/soc-massa-gran-per-utilitzar-ortodoncia\/#primaryimage"},"thumbnailUrl":"https:\/\/imaxilodental.com\/wp-content\/uploads\/2019\/09\/iStock-53041273.jpg","articleSection":["Actualitat"],"inLanguage":"ca","potentialAction":[{"@type":"CommentAction","name":"Comment","target":["https:\/\/imaxilodental.com\/ca\/soc-massa-gran-per-utilitzar-ortodoncia\/#respond"]}]},{"@type":"WebPage","@id":"https:\/\/imaxilodental.com\/ca\/soc-massa-gran-per-utilitzar-ortodoncia\/","url":"https:\/\/imaxilodental.com\/ca\/soc-massa-gran-per-utilitzar-ortodoncia\/","name":"S\u00f3c massa gran per utilitzar ortod\u00f2ncia? - iMaxilodental","isPartOf":{"@id":"https:\/\/imaxilodental.com\/#website"},"primaryImageOfPage":{"@id":"https:\/\/imaxilodental.com\/ca\/soc-massa-gran-per-utilitzar-ortodoncia\/#primaryimage"},"image":{"@id":"https:\/\/imaxilodental.com\/ca\/soc-massa-gran-per-utilitzar-ortodoncia\/#primaryimage"},"thumbnailUrl":"https:\/\/imaxilodental.com\/wp-content\/uploads\/2019\/09\/iStock-53041273.jpg","datePublished":"2019-09-16T15:49:41+00:00","dateModified":"2022-01-10T16:49:49+00:00","author":{"@id":"https:\/\/imaxilodental.com\/#\/schema\/person\/0e2be65fe5c58a890def71626ff879eb"},"description":"No hi ha una edat l\u00edmit per arreglar-se les dents, ja que aquestes respondran b\u00e9 al tractament a qualsevol edat.","breadcrumb":{"@id":"https:\/\/imaxilodental.com\/ca\/soc-massa-gran-per-utilitzar-ortodoncia\/#breadcrumb"},"inLanguage":"ca","potentialAction":[{"@type":"ReadAction","target":["https:\/\/imaxilodental.com\/ca\/soc-massa-gran-per-utilitzar-ortodoncia\/"]}]},{"@type":"ImageObject","inLanguage":"ca","@id":"https:\/\/imaxilodental.com\/ca\/soc-massa-gran-per-utilitzar-ortodoncia\/#primaryimage","url":"https:\/\/imaxilodental.com\/wp-content\/uploads\/2019\/09\/iStock-53041273.jpg","contentUrl":"https:\/\/imaxilodental.com\/wp-content\/uploads\/2019\/09\/iStock-53041273.jpg","width":789,"height":911},{"@type":"BreadcrumbList","@id":"https:\/\/imaxilodental.com\/ca\/soc-massa-gran-per-utilitzar-ortodoncia\/#breadcrumb","itemListElement":[{"@type":"ListItem","position":1,"name":"Portada","item":"https:\/\/imaxilodental.com\/ca\/"},{"@type":"ListItem","position":2,"name":"S\u00f3c massa gran per utilitzar ortod\u00f2ncia?"}]},{"@type":"WebSite","@id":"https:\/\/imaxilodental.com\/#website","url":"https:\/\/imaxilodental.com\/","name":"iMaxilodental","description":"","potentialAction":[{"@type":"SearchAction","target":{"@type":"EntryPoint","urlTemplate":"https:\/\/imaxilodental.com\/?s={search_term_string}"},"query-input":{"@type":"PropertyValueSpecification","valueRequired":true,"valueName":"search_term_string"}}],"inLanguage":"ca"},{"@type":"Person","@id":"https:\/\/imaxilodental.com\/#\/schema\/person\/0e2be65fe5c58a890def71626ff879eb","name":"Institut Maxil\u00b7lodental","image":{"@type":"ImageObject","inLanguage":"ca","@id":"https:\/\/secure.gravatar.com\/avatar\/dd77c6bb181e05063fd56a8b54fa4fc916d912b7ff5940a9b931c9f84fa29360?s=96&d=mm&r=g","url":"https:\/\/secure.gravatar.com\/avatar\/dd77c6bb181e05063fd56a8b54fa4fc916d912b7ff5940a9b931c9f84fa29360?s=96&d=mm&r=g","contentUrl":"https:\/\/secure.gravatar.com\/avatar\/dd77c6bb181e05063fd56a8b54fa4fc916d912b7ff5940a9b931c9f84fa29360?s=96&d=mm&r=g","caption":"Institut Maxil\u00b7lodental"},"url":"https:\/\/imaxilodental.com\/ca\/author\/admin\/"}]}},"meta_box":[],"_links":{"self":[{"href":"https:\/\/imaxilodental.com\/ca\/wp-json\/wp\/v2\/posts\/939","targetHints":{"allow":["GET"]}}],"collection":[{"href":"https:\/\/imaxilodental.com\/ca\/wp-json\/wp\/v2\/posts"}],"about":[{"href":"https:\/\/imaxilodental.com\/ca\/wp-json\/wp\/v2\/types\/post"}],"author":[{"embeddable":true,"href":"https:\/\/imaxilodental.com\/ca\/wp-json\/wp\/v2\/users\/1"}],"replies":[{"embeddable":true,"href":"https:\/\/imaxilodental.com\/ca\/wp-json\/wp\/v2\/comments?post=939"}],"version-history":[{"count":2,"href":"https:\/\/imaxilodental.com\/ca\/wp-json\/wp\/v2\/posts\/939\/revisions"}],"predecessor-version":[{"id":2136,"href":"https:\/\/imaxilodental.com\/ca\/wp-json\/wp\/v2\/posts\/939\/revisions\/2136"}],"wp:featuredmedia":[{"embeddable":true,"href":"https:\/\/imaxilodental.com\/ca\/wp-json\/wp\/v2\/media\/938"}],"wp:attachment":[{"href":"https:\/\/imaxilodental.com\/ca\/wp-json\/wp\/v2\/media?parent=939"}],"wp:term":[{"taxonomy":"category","embeddable":true,"href":"https:\/\/imaxilodental.com\/ca\/wp-json\/wp\/v2\/categories?post=939"},{"taxonomy":"post_tag","embeddable":true,"href":"https:\/\/imaxilodental.com\/ca\/wp-json\/wp\/v2\/tags?post=939"}],"curies":[{"name":"wp","href":"https:\/\/api.w.org\/{rel}","templated":true}]}}