{"id":861,"date":"2019-04-24T11:30:14","date_gmt":"2019-04-24T11:30:14","guid":{"rendered":"https:\/\/imaxilodental.com\/?p=861"},"modified":"2022-01-10T16:52:53","modified_gmt":"2022-01-10T16:52:53","slug":"tajudem-a-combatre-les-malalties-periodontals","status":"publish","type":"post","link":"https:\/\/imaxilodental.com\/ca\/tajudem-a-combatre-les-malalties-periodontals\/","title":{"rendered":"T\u2019ajudem a combatre les malalties periodontals"},"content":{"rendered":"\n<p>Des de l\u2019<strong>Institut Maxil\u00b7lodental del Vall\u00e8s<\/strong> ens agradaria explicar-te com pots combatre <strong>la malaltia periodontal<\/strong>, un dels problemes de salut bucal que <strong>afecta a un 70 per cent de la poblaci\u00f3<\/strong>.<\/p>\n\n\n\n<p><br> Aquestes s\u00f3n les <strong>3 manifestacions m\u00e9s habituals<\/strong> d\u2019aquest tipus de malaltia:<\/p>\n\n\n\n<ul class=\"wp-block-list\"><li> Envermelliment de les genives i sagnat espontani o amb raspallat.<\/li><li> Halitosi.<\/li><li> Sensibilitat al fred i a la calor.<\/li><\/ul>\n\n\n\n<h2 class=\"wp-block-heading\">Quins tipus de tractaments realitzem a l\u2019Institut Maxil\u00b7lodental del Vall\u00e8s?<\/h2>\n\n\n\n<p><br> <strong>1.-Raspat i Allisat Radicular<\/strong><br> \u00c9s la fase b\u00e0sica de tractament que va dirigida a l\u2019eliminaci\u00f3 de bact\u00e8ries acumulades a la boca. La malaltia periodontal causada per una infecci\u00f3 es por tractar amb antibi\u00f2tics.<\/p>\n\n\n\n<p><br><strong> 2.-Cirurgia periodontal<\/strong><br> \u00c9s la fase de tractament que t\u00e9 com a objectiu eliminar les bact\u00e8ries que es troben en una profunditat major. A m\u00e9s, en aquest tipus d\u2019intervenci\u00f3 es poden corregir defectes anat\u00f2mics produ\u00efts com a conseq\u00fc\u00e8ncia de la malaltia.<\/p>\n\n\n\n<p><br> <strong>3.-Cirurgia Regenerativa<\/strong><br> S\u00f3n procediments que permeten recuperar l\u2019os perdut mitjan\u00e7ant la col\u00b7locaci\u00f3 de materials per augmentar el volum que afavoreixen el creixement ossi.<\/p>\n\n\n\n<p><br> <strong>4.-Cirurgia Mucogingival<\/strong><br> S\u00f3n t\u00e8cniques quir\u00fargiques que permeten corregir la qualitat o quantitat de geniva sobre les zones que ho necessitin.<\/p>\n\n\n\n<p><br> <strong>5.-Cirurgia est\u00e8tica periodontal<\/strong><br> S\u00f3n una s\u00e8rie de procediments que ajuden a mantenir l\u2019harmonia del somriure o a corregir els defectes produ\u00efts per una periodontitis anterior o altres causes.<\/p>\n\n\n\n<p><br> Qualsevol sospita que puguis tenir sobre la teva salut bucal, consulta amb els nostres professionals. <strong>No esperis que el problema es compliqui.<\/strong> Tenim un equip m\u00e8dic que t\u2019assessorar\u00e0 en tot moment sobre cada pas del teu tractament.<\/p>\n","protected":false},"excerpt":{"rendered":"<p>Des de l\u2019Institut Maxil\u00b7lodental del Vall\u00e8s ens agradaria explicar-te com pots combatre la malaltia periodontal, un dels problemes de salut bucal que afecta a un 70 per cent de la poblaci\u00f3. Aquestes s\u00f3n les 3 manifestacions m\u00e9s habituals d\u2019aquest tipus de malaltia: Envermelliment de les genives i sagnat espontani o amb raspallat. Halitosi. Sensibilitat al [&hellip;]<\/p>\n","protected":false},"author":1,"featured_media":866,"comment_status":"open","ping_status":"open","sticky":false,"template":"","format":"standard","meta":{"footnotes":""},"categories":[10],"tags":[],"class_list":["post-861","post","type-post","status-publish","format-standard","has-post-thumbnail","hentry","category-actualitat"],"yoast_head":"<!-- This site is optimized with the Yoast SEO plugin v27.2 - https:\/\/yoast.com\/product\/yoast-seo-wordpress\/ -->\n<title>T\u2019ajudem a combatre les malalties periodontals - iMaxilodental<\/title>\n<meta name=\"description\" content=\"T&#039;expliquem com pots combatre la malaltia periodontal, un dels problemes de salut bucal m\u00e9s comuns entre la poblaci\u00f3.\" \/>\n<meta name=\"robots\" content=\"index, follow, max-snippet:-1, max-image-preview:large, max-video-preview:-1\" \/>\n<link rel=\"canonical\" href=\"https:\/\/imaxilodental.com\/ca\/tajudem-a-combatre-les-malalties-periodontals\/\" \/>\n<meta property=\"og:locale\" content=\"ca_ES\" \/>\n<meta property=\"og:type\" content=\"article\" \/>\n<meta property=\"og:title\" content=\"T\u2019ajudem a combatre les malalties periodontals - iMaxilodental\" \/>\n<meta property=\"og:description\" content=\"T&#039;expliquem com pots combatre la malaltia periodontal, un dels problemes de salut bucal m\u00e9s comuns entre la poblaci\u00f3.\" \/>\n<meta property=\"og:url\" content=\"https:\/\/imaxilodental.com\/ca\/tajudem-a-combatre-les-malalties-periodontals\/\" \/>\n<meta property=\"og:site_name\" content=\"iMaxilodental\" \/>\n<meta property=\"article:published_time\" content=\"2019-04-24T11:30:14+00:00\" \/>\n<meta property=\"article:modified_time\" content=\"2022-01-10T16:52:53+00:00\" \/>\n<meta property=\"og:image\" content=\"https:\/\/imaxilodental.com\/wp-content\/uploads\/2019\/04\/iStock-45902914.jpg\" \/>\n\t<meta property=\"og:image:width\" content=\"789\" \/>\n\t<meta property=\"og:image:height\" content=\"913\" \/>\n\t<meta property=\"og:image:type\" content=\"image\/jpeg\" \/>\n<meta name=\"author\" content=\"Institut Maxil\u00b7lodental\" \/>\n<meta name=\"twitter:label1\" content=\"Escrit per\" \/>\n\t<meta name=\"twitter:data1\" content=\"Institut Maxil\u00b7lodental\" \/>\n\t<meta name=\"twitter:label2\" content=\"Temps estimat de lectura\" \/>\n\t<meta name=\"twitter:data2\" content=\"2 minuts\" \/>\n<script type=\"application\/ld+json\" class=\"yoast-schema-graph\">{\"@context\":\"https:\/\/schema.org\",\"@graph\":[{\"@type\":\"Article\",\"@id\":\"https:\/\/imaxilodental.com\/ca\/tajudem-a-combatre-les-malalties-periodontals\/#article\",\"isPartOf\":{\"@id\":\"https:\/\/imaxilodental.com\/ca\/tajudem-a-combatre-les-malalties-periodontals\/\"},\"author\":{\"name\":\"Institut Maxil\u00b7lodental\",\"@id\":\"https:\/\/imaxilodental.com\/#\/schema\/person\/0e2be65fe5c58a890def71626ff879eb\"},\"headline\":\"T\u2019ajudem a combatre les malalties periodontals\",\"datePublished\":\"2019-04-24T11:30:14+00:00\",\"dateModified\":\"2022-01-10T16:52:53+00:00\",\"mainEntityOfPage\":{\"@id\":\"https:\/\/imaxilodental.com\/ca\/tajudem-a-combatre-les-malalties-periodontals\/\"},\"wordCount\":289,\"commentCount\":0,\"image\":{\"@id\":\"https:\/\/imaxilodental.com\/ca\/tajudem-a-combatre-les-malalties-periodontals\/#primaryimage\"},\"thumbnailUrl\":\"https:\/\/imaxilodental.com\/wp-content\/uploads\/2019\/04\/iStock-45902914.jpg\",\"articleSection\":[\"Actualitat\"],\"inLanguage\":\"ca\",\"potentialAction\":[{\"@type\":\"CommentAction\",\"name\":\"Comment\",\"target\":[\"https:\/\/imaxilodental.com\/ca\/tajudem-a-combatre-les-malalties-periodontals\/#respond\"]}]},{\"@type\":\"WebPage\",\"@id\":\"https:\/\/imaxilodental.com\/ca\/tajudem-a-combatre-les-malalties-periodontals\/\",\"url\":\"https:\/\/imaxilodental.com\/ca\/tajudem-a-combatre-les-malalties-periodontals\/\",\"name\":\"T\u2019ajudem a combatre les malalties periodontals - iMaxilodental\",\"isPartOf\":{\"@id\":\"https:\/\/imaxilodental.com\/#website\"},\"primaryImageOfPage\":{\"@id\":\"https:\/\/imaxilodental.com\/ca\/tajudem-a-combatre-les-malalties-periodontals\/#primaryimage\"},\"image\":{\"@id\":\"https:\/\/imaxilodental.com\/ca\/tajudem-a-combatre-les-malalties-periodontals\/#primaryimage\"},\"thumbnailUrl\":\"https:\/\/imaxilodental.com\/wp-content\/uploads\/2019\/04\/iStock-45902914.jpg\",\"datePublished\":\"2019-04-24T11:30:14+00:00\",\"dateModified\":\"2022-01-10T16:52:53+00:00\",\"author\":{\"@id\":\"https:\/\/imaxilodental.com\/#\/schema\/person\/0e2be65fe5c58a890def71626ff879eb\"},\"description\":\"T'expliquem com pots combatre la malaltia periodontal, un dels problemes de salut bucal m\u00e9s comuns entre la poblaci\u00f3.\",\"breadcrumb\":{\"@id\":\"https:\/\/imaxilodental.com\/ca\/tajudem-a-combatre-les-malalties-periodontals\/#breadcrumb\"},\"inLanguage\":\"ca\",\"potentialAction\":[{\"@type\":\"ReadAction\",\"target\":[\"https:\/\/imaxilodental.com\/ca\/tajudem-a-combatre-les-malalties-periodontals\/\"]}]},{\"@type\":\"ImageObject\",\"inLanguage\":\"ca\",\"@id\":\"https:\/\/imaxilodental.com\/ca\/tajudem-a-combatre-les-malalties-periodontals\/#primaryimage\",\"url\":\"https:\/\/imaxilodental.com\/wp-content\/uploads\/2019\/04\/iStock-45902914.jpg\",\"contentUrl\":\"https:\/\/imaxilodental.com\/wp-content\/uploads\/2019\/04\/iStock-45902914.jpg\",\"width\":789,\"height\":913},{\"@type\":\"BreadcrumbList\",\"@id\":\"https:\/\/imaxilodental.com\/ca\/tajudem-a-combatre-les-malalties-periodontals\/#breadcrumb\",\"itemListElement\":[{\"@type\":\"ListItem\",\"position\":1,\"name\":\"Portada\",\"item\":\"https:\/\/imaxilodental.com\/ca\/\"},{\"@type\":\"ListItem\",\"position\":2,\"name\":\"T\u2019ajudem a combatre les malalties periodontals\"}]},{\"@type\":\"WebSite\",\"@id\":\"https:\/\/imaxilodental.com\/#website\",\"url\":\"https:\/\/imaxilodental.com\/\",\"name\":\"iMaxilodental\",\"description\":\"\",\"potentialAction\":[{\"@type\":\"SearchAction\",\"target\":{\"@type\":\"EntryPoint\",\"urlTemplate\":\"https:\/\/imaxilodental.com\/?s={search_term_string}\"},\"query-input\":{\"@type\":\"PropertyValueSpecification\",\"valueRequired\":true,\"valueName\":\"search_term_string\"}}],\"inLanguage\":\"ca\"},{\"@type\":\"Person\",\"@id\":\"https:\/\/imaxilodental.com\/#\/schema\/person\/0e2be65fe5c58a890def71626ff879eb\",\"name\":\"Institut Maxil\u00b7lodental\",\"image\":{\"@type\":\"ImageObject\",\"inLanguage\":\"ca\",\"@id\":\"https:\/\/secure.gravatar.com\/avatar\/dd77c6bb181e05063fd56a8b54fa4fc916d912b7ff5940a9b931c9f84fa29360?s=96&d=mm&r=g\",\"url\":\"https:\/\/secure.gravatar.com\/avatar\/dd77c6bb181e05063fd56a8b54fa4fc916d912b7ff5940a9b931c9f84fa29360?s=96&d=mm&r=g\",\"contentUrl\":\"https:\/\/secure.gravatar.com\/avatar\/dd77c6bb181e05063fd56a8b54fa4fc916d912b7ff5940a9b931c9f84fa29360?s=96&d=mm&r=g\",\"caption\":\"Institut Maxil\u00b7lodental\"},\"url\":\"https:\/\/imaxilodental.com\/ca\/author\/admin\/\"}]}<\/script>\n<!-- \/ Yoast SEO plugin. -->","yoast_head_json":{"title":"T\u2019ajudem a combatre les malalties periodontals - iMaxilodental","description":"T'expliquem com pots combatre la malaltia periodontal, un dels problemes de salut bucal m\u00e9s comuns entre la poblaci\u00f3.","robots":{"index":"index","follow":"follow","max-snippet":"max-snippet:-1","max-image-preview":"max-image-preview:large","max-video-preview":"max-video-preview:-1"},"canonical":"https:\/\/imaxilodental.com\/ca\/tajudem-a-combatre-les-malalties-periodontals\/","og_locale":"ca_ES","og_type":"article","og_title":"T\u2019ajudem a combatre les malalties periodontals - iMaxilodental","og_description":"T'expliquem com pots combatre la malaltia periodontal, un dels problemes de salut bucal m\u00e9s comuns entre la poblaci\u00f3.","og_url":"https:\/\/imaxilodental.com\/ca\/tajudem-a-combatre-les-malalties-periodontals\/","og_site_name":"iMaxilodental","article_published_time":"2019-04-24T11:30:14+00:00","article_modified_time":"2022-01-10T16:52:53+00:00","og_image":[{"width":789,"height":913,"url":"https:\/\/imaxilodental.com\/wp-content\/uploads\/2019\/04\/iStock-45902914.jpg","type":"image\/jpeg"}],"author":"Institut Maxil\u00b7lodental","twitter_misc":{"Escrit per":"Institut Maxil\u00b7lodental","Temps estimat de lectura":"2 minuts"},"schema":{"@context":"https:\/\/schema.org","@graph":[{"@type":"Article","@id":"https:\/\/imaxilodental.com\/ca\/tajudem-a-combatre-les-malalties-periodontals\/#article","isPartOf":{"@id":"https:\/\/imaxilodental.com\/ca\/tajudem-a-combatre-les-malalties-periodontals\/"},"author":{"name":"Institut Maxil\u00b7lodental","@id":"https:\/\/imaxilodental.com\/#\/schema\/person\/0e2be65fe5c58a890def71626ff879eb"},"headline":"T\u2019ajudem a combatre les malalties periodontals","datePublished":"2019-04-24T11:30:14+00:00","dateModified":"2022-01-10T16:52:53+00:00","mainEntityOfPage":{"@id":"https:\/\/imaxilodental.com\/ca\/tajudem-a-combatre-les-malalties-periodontals\/"},"wordCount":289,"commentCount":0,"image":{"@id":"https:\/\/imaxilodental.com\/ca\/tajudem-a-combatre-les-malalties-periodontals\/#primaryimage"},"thumbnailUrl":"https:\/\/imaxilodental.com\/wp-content\/uploads\/2019\/04\/iStock-45902914.jpg","articleSection":["Actualitat"],"inLanguage":"ca","potentialAction":[{"@type":"CommentAction","name":"Comment","target":["https:\/\/imaxilodental.com\/ca\/tajudem-a-combatre-les-malalties-periodontals\/#respond"]}]},{"@type":"WebPage","@id":"https:\/\/imaxilodental.com\/ca\/tajudem-a-combatre-les-malalties-periodontals\/","url":"https:\/\/imaxilodental.com\/ca\/tajudem-a-combatre-les-malalties-periodontals\/","name":"T\u2019ajudem a combatre les malalties periodontals - iMaxilodental","isPartOf":{"@id":"https:\/\/imaxilodental.com\/#website"},"primaryImageOfPage":{"@id":"https:\/\/imaxilodental.com\/ca\/tajudem-a-combatre-les-malalties-periodontals\/#primaryimage"},"image":{"@id":"https:\/\/imaxilodental.com\/ca\/tajudem-a-combatre-les-malalties-periodontals\/#primaryimage"},"thumbnailUrl":"https:\/\/imaxilodental.com\/wp-content\/uploads\/2019\/04\/iStock-45902914.jpg","datePublished":"2019-04-24T11:30:14+00:00","dateModified":"2022-01-10T16:52:53+00:00","author":{"@id":"https:\/\/imaxilodental.com\/#\/schema\/person\/0e2be65fe5c58a890def71626ff879eb"},"description":"T'expliquem com pots combatre la malaltia periodontal, un dels problemes de salut bucal m\u00e9s comuns entre la poblaci\u00f3.","breadcrumb":{"@id":"https:\/\/imaxilodental.com\/ca\/tajudem-a-combatre-les-malalties-periodontals\/#breadcrumb"},"inLanguage":"ca","potentialAction":[{"@type":"ReadAction","target":["https:\/\/imaxilodental.com\/ca\/tajudem-a-combatre-les-malalties-periodontals\/"]}]},{"@type":"ImageObject","inLanguage":"ca","@id":"https:\/\/imaxilodental.com\/ca\/tajudem-a-combatre-les-malalties-periodontals\/#primaryimage","url":"https:\/\/imaxilodental.com\/wp-content\/uploads\/2019\/04\/iStock-45902914.jpg","contentUrl":"https:\/\/imaxilodental.com\/wp-content\/uploads\/2019\/04\/iStock-45902914.jpg","width":789,"height":913},{"@type":"BreadcrumbList","@id":"https:\/\/imaxilodental.com\/ca\/tajudem-a-combatre-les-malalties-periodontals\/#breadcrumb","itemListElement":[{"@type":"ListItem","position":1,"name":"Portada","item":"https:\/\/imaxilodental.com\/ca\/"},{"@type":"ListItem","position":2,"name":"T\u2019ajudem a combatre les malalties periodontals"}]},{"@type":"WebSite","@id":"https:\/\/imaxilodental.com\/#website","url":"https:\/\/imaxilodental.com\/","name":"iMaxilodental","description":"","potentialAction":[{"@type":"SearchAction","target":{"@type":"EntryPoint","urlTemplate":"https:\/\/imaxilodental.com\/?s={search_term_string}"},"query-input":{"@type":"PropertyValueSpecification","valueRequired":true,"valueName":"search_term_string"}}],"inLanguage":"ca"},{"@type":"Person","@id":"https:\/\/imaxilodental.com\/#\/schema\/person\/0e2be65fe5c58a890def71626ff879eb","name":"Institut Maxil\u00b7lodental","image":{"@type":"ImageObject","inLanguage":"ca","@id":"https:\/\/secure.gravatar.com\/avatar\/dd77c6bb181e05063fd56a8b54fa4fc916d912b7ff5940a9b931c9f84fa29360?s=96&d=mm&r=g","url":"https:\/\/secure.gravatar.com\/avatar\/dd77c6bb181e05063fd56a8b54fa4fc916d912b7ff5940a9b931c9f84fa29360?s=96&d=mm&r=g","contentUrl":"https:\/\/secure.gravatar.com\/avatar\/dd77c6bb181e05063fd56a8b54fa4fc916d912b7ff5940a9b931c9f84fa29360?s=96&d=mm&r=g","caption":"Institut Maxil\u00b7lodental"},"url":"https:\/\/imaxilodental.com\/ca\/author\/admin\/"}]}},"meta_box":[],"_links":{"self":[{"href":"https:\/\/imaxilodental.com\/ca\/wp-json\/wp\/v2\/posts\/861","targetHints":{"allow":["GET"]}}],"collection":[{"href":"https:\/\/imaxilodental.com\/ca\/wp-json\/wp\/v2\/posts"}],"about":[{"href":"https:\/\/imaxilodental.com\/ca\/wp-json\/wp\/v2\/types\/post"}],"author":[{"embeddable":true,"href":"https:\/\/imaxilodental.com\/ca\/wp-json\/wp\/v2\/users\/1"}],"replies":[{"embeddable":true,"href":"https:\/\/imaxilodental.com\/ca\/wp-json\/wp\/v2\/comments?post=861"}],"version-history":[{"count":1,"href":"https:\/\/imaxilodental.com\/ca\/wp-json\/wp\/v2\/posts\/861\/revisions"}],"predecessor-version":[{"id":862,"href":"https:\/\/imaxilodental.com\/ca\/wp-json\/wp\/v2\/posts\/861\/revisions\/862"}],"wp:featuredmedia":[{"embeddable":true,"href":"https:\/\/imaxilodental.com\/ca\/wp-json\/wp\/v2\/media\/866"}],"wp:attachment":[{"href":"https:\/\/imaxilodental.com\/ca\/wp-json\/wp\/v2\/media?parent=861"}],"wp:term":[{"taxonomy":"category","embeddable":true,"href":"https:\/\/imaxilodental.com\/ca\/wp-json\/wp\/v2\/categories?post=861"},{"taxonomy":"post_tag","embeddable":true,"href":"https:\/\/imaxilodental.com\/ca\/wp-json\/wp\/v2\/tags?post=861"}],"curies":[{"name":"wp","href":"https:\/\/api.w.org\/{rel}","templated":true}]}}