{"id":657,"date":"2018-08-21T13:29:48","date_gmt":"2018-08-21T13:29:48","guid":{"rendered":"https:\/\/imaxilodental.com\/?p=657"},"modified":"2022-01-10T16:33:34","modified_gmt":"2022-01-10T16:33:34","slug":"puede-el-estres-llegar-a-afectar-a-mi-salud-bucal","status":"publish","type":"post","link":"https:\/\/imaxilodental.com\/ca\/puede-el-estres-llegar-a-afectar-a-mi-salud-bucal\/","title":{"rendered":"Pot l&#8217;estr\u00e8s afectar la meva salut bucal?"},"content":{"rendered":"<p>Doncs s\u00ed, aix\u00ed \u00e9s. De fet, l&#8217;estr\u00e8s \u00e9s un dels factors amb m\u00e9s potencialment nociu per als nostres teixits bucodentals. A continuaci\u00f3 t&#8217;expliquem per qu\u00e8.<\/p>\n<p>\u00a0Segons un estudi realitzat en una universitat americana, l&#8217;estr\u00e8s afecta la regulaci\u00f3 del sistema immunol\u00f2gic, que no \u00e9s capa\u00e7 llavors de defensar-se adequadament dels bacteris de la cavitat oral. Especialment, sembla ser que davant de situacions d&#8217;estr\u00e8s elevat, el cos augmenta la producci\u00f3 de l&#8217;hormona cortisol. Aquesta situaci\u00f3 s&#8217;associa amb la gingivitis, inflamaci\u00f3 de les genives, que al seu torn \u00e9s precursora de la malaltia periodontal.<\/p>\n<p>D&#8217;altra banda, l&#8217;estr\u00e8s elevat va de la m\u00e0 del bruxisme, que es d\u00f3na sobretot durant el son. El bruxisme no nom\u00e9s desgasta les superf\u00edcies dentals sin\u00f3 que tamb\u00e9 augmenta la malaltia periodontal. A m\u00e9s, es produeix sobrec\u00e0rrega dels m\u00fasculs de la masticaci\u00f3 i de les articulacions temporomandibulars (que articulen la mand\u00edbula amb la base del crani).<\/p>\n<p>A l&#8217;Institut Maxil\u00b7lodental del Vall\u00e8s podem aconsellar com prevenir i tractar aquests problemes per evitar que l&#8217;estr\u00e8s arru\u00efni el teu somriure.<\/p>\n","protected":false},"excerpt":{"rendered":"<p>Doncs s\u00ed, aix\u00ed \u00e9s. De fet, l&#8217;estr\u00e8s \u00e9s un dels factors amb m\u00e9s potencialment nociu per als nostres teixits bucodentals. A continuaci\u00f3 t&#8217;expliquem per qu\u00e8. \u00a0Segons un estudi realitzat en una universitat americana, l&#8217;estr\u00e8s afecta la regulaci\u00f3 del sistema immunol\u00f2gic, que no \u00e9s capa\u00e7 llavors de defensar-se adequadament dels bacteris de la cavitat oral. Especialment, [&hellip;]<\/p>\n","protected":false},"author":1,"featured_media":481,"comment_status":"open","ping_status":"open","sticky":false,"template":"","format":"standard","meta":{"footnotes":""},"categories":[10],"tags":[],"class_list":["post-657","post","type-post","status-publish","format-standard","has-post-thumbnail","hentry","category-actualitat"],"yoast_head":"<!-- This site is optimized with the Yoast SEO plugin v27.2 - https:\/\/yoast.com\/product\/yoast-seo-wordpress\/ -->\n<title>Pot l&#039;estr\u00e8s afectar la meva salut bucal? - iMaxilodental<\/title>\n<meta name=\"description\" content=\"Sabies que l&#039;estr\u00e8s \u00e9s un dels factors m\u00e9s potencialment nocius per als nostres teixits bucodentals? Apr\u00e8n-ne m\u00e9s.\" \/>\n<meta name=\"robots\" content=\"index, follow, max-snippet:-1, max-image-preview:large, max-video-preview:-1\" \/>\n<link rel=\"canonical\" href=\"https:\/\/imaxilodental.com\/ca\/puede-el-estres-llegar-a-afectar-a-mi-salud-bucal\/\" \/>\n<meta property=\"og:locale\" content=\"ca_ES\" \/>\n<meta property=\"og:type\" content=\"article\" \/>\n<meta property=\"og:title\" content=\"Pot l&#039;estr\u00e8s afectar la meva salut bucal? - iMaxilodental\" \/>\n<meta property=\"og:description\" content=\"Sabies que l&#039;estr\u00e8s \u00e9s un dels factors m\u00e9s potencialment nocius per als nostres teixits bucodentals? Apr\u00e8n-ne m\u00e9s.\" \/>\n<meta property=\"og:url\" content=\"https:\/\/imaxilodental.com\/ca\/puede-el-estres-llegar-a-afectar-a-mi-salud-bucal\/\" \/>\n<meta property=\"og:site_name\" content=\"iMaxilodental\" \/>\n<meta property=\"article:published_time\" content=\"2018-08-21T13:29:48+00:00\" \/>\n<meta property=\"article:modified_time\" content=\"2022-01-10T16:33:34+00:00\" \/>\n<meta property=\"og:image\" content=\"https:\/\/imaxilodental.com\/wp-content\/uploads\/2018\/07\/Puede-el-estr\u00e9s-llegar-a-afectar-a-mi-salud-bucal.jpg\" \/>\n\t<meta property=\"og:image:width\" content=\"800\" \/>\n\t<meta property=\"og:image:height\" content=\"879\" \/>\n\t<meta property=\"og:image:type\" content=\"image\/jpeg\" \/>\n<meta name=\"author\" content=\"Institut Maxil\u00b7lodental\" \/>\n<meta name=\"twitter:label1\" content=\"Escrit per\" \/>\n\t<meta name=\"twitter:data1\" content=\"Institut Maxil\u00b7lodental\" \/>\n\t<meta name=\"twitter:label2\" content=\"Temps estimat de lectura\" \/>\n\t<meta name=\"twitter:data2\" content=\"1 minut\" \/>\n<script type=\"application\/ld+json\" class=\"yoast-schema-graph\">{\"@context\":\"https:\/\/schema.org\",\"@graph\":[{\"@type\":\"Article\",\"@id\":\"https:\/\/imaxilodental.com\/ca\/puede-el-estres-llegar-a-afectar-a-mi-salud-bucal\/#article\",\"isPartOf\":{\"@id\":\"https:\/\/imaxilodental.com\/ca\/puede-el-estres-llegar-a-afectar-a-mi-salud-bucal\/\"},\"author\":{\"name\":\"Institut Maxil\u00b7lodental\",\"@id\":\"https:\/\/imaxilodental.com\/#\/schema\/person\/0e2be65fe5c58a890def71626ff879eb\"},\"headline\":\"Pot l&#8217;estr\u00e8s afectar la meva salut bucal?\",\"datePublished\":\"2018-08-21T13:29:48+00:00\",\"dateModified\":\"2022-01-10T16:33:34+00:00\",\"mainEntityOfPage\":{\"@id\":\"https:\/\/imaxilodental.com\/ca\/puede-el-estres-llegar-a-afectar-a-mi-salud-bucal\/\"},\"wordCount\":204,\"commentCount\":0,\"image\":{\"@id\":\"https:\/\/imaxilodental.com\/ca\/puede-el-estres-llegar-a-afectar-a-mi-salud-bucal\/#primaryimage\"},\"thumbnailUrl\":\"https:\/\/imaxilodental.com\/wp-content\/uploads\/2018\/07\/Puede-el-estr\u00e9s-llegar-a-afectar-a-mi-salud-bucal.jpg\",\"articleSection\":[\"Actualitat\"],\"inLanguage\":\"ca\",\"potentialAction\":[{\"@type\":\"CommentAction\",\"name\":\"Comment\",\"target\":[\"https:\/\/imaxilodental.com\/ca\/puede-el-estres-llegar-a-afectar-a-mi-salud-bucal\/#respond\"]}]},{\"@type\":\"WebPage\",\"@id\":\"https:\/\/imaxilodental.com\/ca\/puede-el-estres-llegar-a-afectar-a-mi-salud-bucal\/\",\"url\":\"https:\/\/imaxilodental.com\/ca\/puede-el-estres-llegar-a-afectar-a-mi-salud-bucal\/\",\"name\":\"Pot l'estr\u00e8s afectar la meva salut bucal? - iMaxilodental\",\"isPartOf\":{\"@id\":\"https:\/\/imaxilodental.com\/#website\"},\"primaryImageOfPage\":{\"@id\":\"https:\/\/imaxilodental.com\/ca\/puede-el-estres-llegar-a-afectar-a-mi-salud-bucal\/#primaryimage\"},\"image\":{\"@id\":\"https:\/\/imaxilodental.com\/ca\/puede-el-estres-llegar-a-afectar-a-mi-salud-bucal\/#primaryimage\"},\"thumbnailUrl\":\"https:\/\/imaxilodental.com\/wp-content\/uploads\/2018\/07\/Puede-el-estr\u00e9s-llegar-a-afectar-a-mi-salud-bucal.jpg\",\"datePublished\":\"2018-08-21T13:29:48+00:00\",\"dateModified\":\"2022-01-10T16:33:34+00:00\",\"author\":{\"@id\":\"https:\/\/imaxilodental.com\/#\/schema\/person\/0e2be65fe5c58a890def71626ff879eb\"},\"description\":\"Sabies que l'estr\u00e8s \u00e9s un dels factors m\u00e9s potencialment nocius per als nostres teixits bucodentals? Apr\u00e8n-ne m\u00e9s.\",\"breadcrumb\":{\"@id\":\"https:\/\/imaxilodental.com\/ca\/puede-el-estres-llegar-a-afectar-a-mi-salud-bucal\/#breadcrumb\"},\"inLanguage\":\"ca\",\"potentialAction\":[{\"@type\":\"ReadAction\",\"target\":[\"https:\/\/imaxilodental.com\/ca\/puede-el-estres-llegar-a-afectar-a-mi-salud-bucal\/\"]}]},{\"@type\":\"ImageObject\",\"inLanguage\":\"ca\",\"@id\":\"https:\/\/imaxilodental.com\/ca\/puede-el-estres-llegar-a-afectar-a-mi-salud-bucal\/#primaryimage\",\"url\":\"https:\/\/imaxilodental.com\/wp-content\/uploads\/2018\/07\/Puede-el-estr\u00e9s-llegar-a-afectar-a-mi-salud-bucal.jpg\",\"contentUrl\":\"https:\/\/imaxilodental.com\/wp-content\/uploads\/2018\/07\/Puede-el-estr\u00e9s-llegar-a-afectar-a-mi-salud-bucal.jpg\",\"width\":800,\"height\":879},{\"@type\":\"BreadcrumbList\",\"@id\":\"https:\/\/imaxilodental.com\/ca\/puede-el-estres-llegar-a-afectar-a-mi-salud-bucal\/#breadcrumb\",\"itemListElement\":[{\"@type\":\"ListItem\",\"position\":1,\"name\":\"Portada\",\"item\":\"https:\/\/imaxilodental.com\/ca\/\"},{\"@type\":\"ListItem\",\"position\":2,\"name\":\"Pot l&#8217;estr\u00e8s afectar la meva salut bucal?\"}]},{\"@type\":\"WebSite\",\"@id\":\"https:\/\/imaxilodental.com\/#website\",\"url\":\"https:\/\/imaxilodental.com\/\",\"name\":\"iMaxilodental\",\"description\":\"\",\"potentialAction\":[{\"@type\":\"SearchAction\",\"target\":{\"@type\":\"EntryPoint\",\"urlTemplate\":\"https:\/\/imaxilodental.com\/?s={search_term_string}\"},\"query-input\":{\"@type\":\"PropertyValueSpecification\",\"valueRequired\":true,\"valueName\":\"search_term_string\"}}],\"inLanguage\":\"ca\"},{\"@type\":\"Person\",\"@id\":\"https:\/\/imaxilodental.com\/#\/schema\/person\/0e2be65fe5c58a890def71626ff879eb\",\"name\":\"Institut Maxil\u00b7lodental\",\"image\":{\"@type\":\"ImageObject\",\"inLanguage\":\"ca\",\"@id\":\"https:\/\/secure.gravatar.com\/avatar\/dd77c6bb181e05063fd56a8b54fa4fc916d912b7ff5940a9b931c9f84fa29360?s=96&d=mm&r=g\",\"url\":\"https:\/\/secure.gravatar.com\/avatar\/dd77c6bb181e05063fd56a8b54fa4fc916d912b7ff5940a9b931c9f84fa29360?s=96&d=mm&r=g\",\"contentUrl\":\"https:\/\/secure.gravatar.com\/avatar\/dd77c6bb181e05063fd56a8b54fa4fc916d912b7ff5940a9b931c9f84fa29360?s=96&d=mm&r=g\",\"caption\":\"Institut Maxil\u00b7lodental\"},\"url\":\"https:\/\/imaxilodental.com\/ca\/author\/admin\/\"}]}<\/script>\n<!-- \/ Yoast SEO plugin. -->","yoast_head_json":{"title":"Pot l'estr\u00e8s afectar la meva salut bucal? - iMaxilodental","description":"Sabies que l'estr\u00e8s \u00e9s un dels factors m\u00e9s potencialment nocius per als nostres teixits bucodentals? Apr\u00e8n-ne m\u00e9s.","robots":{"index":"index","follow":"follow","max-snippet":"max-snippet:-1","max-image-preview":"max-image-preview:large","max-video-preview":"max-video-preview:-1"},"canonical":"https:\/\/imaxilodental.com\/ca\/puede-el-estres-llegar-a-afectar-a-mi-salud-bucal\/","og_locale":"ca_ES","og_type":"article","og_title":"Pot l'estr\u00e8s afectar la meva salut bucal? - iMaxilodental","og_description":"Sabies que l'estr\u00e8s \u00e9s un dels factors m\u00e9s potencialment nocius per als nostres teixits bucodentals? Apr\u00e8n-ne m\u00e9s.","og_url":"https:\/\/imaxilodental.com\/ca\/puede-el-estres-llegar-a-afectar-a-mi-salud-bucal\/","og_site_name":"iMaxilodental","article_published_time":"2018-08-21T13:29:48+00:00","article_modified_time":"2022-01-10T16:33:34+00:00","og_image":[{"width":800,"height":879,"url":"https:\/\/imaxilodental.com\/wp-content\/uploads\/2018\/07\/Puede-el-estr\u00e9s-llegar-a-afectar-a-mi-salud-bucal.jpg","type":"image\/jpeg"}],"author":"Institut Maxil\u00b7lodental","twitter_misc":{"Escrit per":"Institut Maxil\u00b7lodental","Temps estimat de lectura":"1 minut"},"schema":{"@context":"https:\/\/schema.org","@graph":[{"@type":"Article","@id":"https:\/\/imaxilodental.com\/ca\/puede-el-estres-llegar-a-afectar-a-mi-salud-bucal\/#article","isPartOf":{"@id":"https:\/\/imaxilodental.com\/ca\/puede-el-estres-llegar-a-afectar-a-mi-salud-bucal\/"},"author":{"name":"Institut Maxil\u00b7lodental","@id":"https:\/\/imaxilodental.com\/#\/schema\/person\/0e2be65fe5c58a890def71626ff879eb"},"headline":"Pot l&#8217;estr\u00e8s afectar la meva salut bucal?","datePublished":"2018-08-21T13:29:48+00:00","dateModified":"2022-01-10T16:33:34+00:00","mainEntityOfPage":{"@id":"https:\/\/imaxilodental.com\/ca\/puede-el-estres-llegar-a-afectar-a-mi-salud-bucal\/"},"wordCount":204,"commentCount":0,"image":{"@id":"https:\/\/imaxilodental.com\/ca\/puede-el-estres-llegar-a-afectar-a-mi-salud-bucal\/#primaryimage"},"thumbnailUrl":"https:\/\/imaxilodental.com\/wp-content\/uploads\/2018\/07\/Puede-el-estr\u00e9s-llegar-a-afectar-a-mi-salud-bucal.jpg","articleSection":["Actualitat"],"inLanguage":"ca","potentialAction":[{"@type":"CommentAction","name":"Comment","target":["https:\/\/imaxilodental.com\/ca\/puede-el-estres-llegar-a-afectar-a-mi-salud-bucal\/#respond"]}]},{"@type":"WebPage","@id":"https:\/\/imaxilodental.com\/ca\/puede-el-estres-llegar-a-afectar-a-mi-salud-bucal\/","url":"https:\/\/imaxilodental.com\/ca\/puede-el-estres-llegar-a-afectar-a-mi-salud-bucal\/","name":"Pot l'estr\u00e8s afectar la meva salut bucal? - iMaxilodental","isPartOf":{"@id":"https:\/\/imaxilodental.com\/#website"},"primaryImageOfPage":{"@id":"https:\/\/imaxilodental.com\/ca\/puede-el-estres-llegar-a-afectar-a-mi-salud-bucal\/#primaryimage"},"image":{"@id":"https:\/\/imaxilodental.com\/ca\/puede-el-estres-llegar-a-afectar-a-mi-salud-bucal\/#primaryimage"},"thumbnailUrl":"https:\/\/imaxilodental.com\/wp-content\/uploads\/2018\/07\/Puede-el-estr\u00e9s-llegar-a-afectar-a-mi-salud-bucal.jpg","datePublished":"2018-08-21T13:29:48+00:00","dateModified":"2022-01-10T16:33:34+00:00","author":{"@id":"https:\/\/imaxilodental.com\/#\/schema\/person\/0e2be65fe5c58a890def71626ff879eb"},"description":"Sabies que l'estr\u00e8s \u00e9s un dels factors m\u00e9s potencialment nocius per als nostres teixits bucodentals? Apr\u00e8n-ne m\u00e9s.","breadcrumb":{"@id":"https:\/\/imaxilodental.com\/ca\/puede-el-estres-llegar-a-afectar-a-mi-salud-bucal\/#breadcrumb"},"inLanguage":"ca","potentialAction":[{"@type":"ReadAction","target":["https:\/\/imaxilodental.com\/ca\/puede-el-estres-llegar-a-afectar-a-mi-salud-bucal\/"]}]},{"@type":"ImageObject","inLanguage":"ca","@id":"https:\/\/imaxilodental.com\/ca\/puede-el-estres-llegar-a-afectar-a-mi-salud-bucal\/#primaryimage","url":"https:\/\/imaxilodental.com\/wp-content\/uploads\/2018\/07\/Puede-el-estr\u00e9s-llegar-a-afectar-a-mi-salud-bucal.jpg","contentUrl":"https:\/\/imaxilodental.com\/wp-content\/uploads\/2018\/07\/Puede-el-estr\u00e9s-llegar-a-afectar-a-mi-salud-bucal.jpg","width":800,"height":879},{"@type":"BreadcrumbList","@id":"https:\/\/imaxilodental.com\/ca\/puede-el-estres-llegar-a-afectar-a-mi-salud-bucal\/#breadcrumb","itemListElement":[{"@type":"ListItem","position":1,"name":"Portada","item":"https:\/\/imaxilodental.com\/ca\/"},{"@type":"ListItem","position":2,"name":"Pot l&#8217;estr\u00e8s afectar la meva salut bucal?"}]},{"@type":"WebSite","@id":"https:\/\/imaxilodental.com\/#website","url":"https:\/\/imaxilodental.com\/","name":"iMaxilodental","description":"","potentialAction":[{"@type":"SearchAction","target":{"@type":"EntryPoint","urlTemplate":"https:\/\/imaxilodental.com\/?s={search_term_string}"},"query-input":{"@type":"PropertyValueSpecification","valueRequired":true,"valueName":"search_term_string"}}],"inLanguage":"ca"},{"@type":"Person","@id":"https:\/\/imaxilodental.com\/#\/schema\/person\/0e2be65fe5c58a890def71626ff879eb","name":"Institut Maxil\u00b7lodental","image":{"@type":"ImageObject","inLanguage":"ca","@id":"https:\/\/secure.gravatar.com\/avatar\/dd77c6bb181e05063fd56a8b54fa4fc916d912b7ff5940a9b931c9f84fa29360?s=96&d=mm&r=g","url":"https:\/\/secure.gravatar.com\/avatar\/dd77c6bb181e05063fd56a8b54fa4fc916d912b7ff5940a9b931c9f84fa29360?s=96&d=mm&r=g","contentUrl":"https:\/\/secure.gravatar.com\/avatar\/dd77c6bb181e05063fd56a8b54fa4fc916d912b7ff5940a9b931c9f84fa29360?s=96&d=mm&r=g","caption":"Institut Maxil\u00b7lodental"},"url":"https:\/\/imaxilodental.com\/ca\/author\/admin\/"}]}},"meta_box":[],"_links":{"self":[{"href":"https:\/\/imaxilodental.com\/ca\/wp-json\/wp\/v2\/posts\/657","targetHints":{"allow":["GET"]}}],"collection":[{"href":"https:\/\/imaxilodental.com\/ca\/wp-json\/wp\/v2\/posts"}],"about":[{"href":"https:\/\/imaxilodental.com\/ca\/wp-json\/wp\/v2\/types\/post"}],"author":[{"embeddable":true,"href":"https:\/\/imaxilodental.com\/ca\/wp-json\/wp\/v2\/users\/1"}],"replies":[{"embeddable":true,"href":"https:\/\/imaxilodental.com\/ca\/wp-json\/wp\/v2\/comments?post=657"}],"version-history":[{"count":4,"href":"https:\/\/imaxilodental.com\/ca\/wp-json\/wp\/v2\/posts\/657\/revisions"}],"predecessor-version":[{"id":2118,"href":"https:\/\/imaxilodental.com\/ca\/wp-json\/wp\/v2\/posts\/657\/revisions\/2118"}],"wp:featuredmedia":[{"embeddable":true,"href":"https:\/\/imaxilodental.com\/ca\/wp-json\/wp\/v2\/media\/481"}],"wp:attachment":[{"href":"https:\/\/imaxilodental.com\/ca\/wp-json\/wp\/v2\/media?parent=657"}],"wp:term":[{"taxonomy":"category","embeddable":true,"href":"https:\/\/imaxilodental.com\/ca\/wp-json\/wp\/v2\/categories?post=657"},{"taxonomy":"post_tag","embeddable":true,"href":"https:\/\/imaxilodental.com\/ca\/wp-json\/wp\/v2\/tags?post=657"}],"curies":[{"name":"wp","href":"https:\/\/api.w.org\/{rel}","templated":true}]}}