{"id":3838,"date":"2025-03-18T08:53:17","date_gmt":"2025-03-18T08:53:17","guid":{"rendered":"https:\/\/imaxilodental.com\/?p=3838"},"modified":"2025-03-18T09:06:21","modified_gmt":"2025-03-18T09:06:21","slug":"ortodoncia-i-envelliment-facial","status":"publish","type":"post","link":"https:\/\/imaxilodental.com\/ca\/ortodoncia-i-envelliment-facial\/","title":{"rendered":"Ortod\u00f2ncia i envelliment facial"},"content":{"rendered":"<p>L&#8217;<a href=\"https:\/\/imaxilodental.com\/ca\/ortodoncia\/\" target=\"_blank\" rel=\"noopener\"><strong>ortod\u00f2ncia<\/strong> <\/a>no nom\u00e9s millora el somriure, sin\u00f3 que tamb\u00e9 t\u00e9 un impacte positiu a l&#8217;est\u00e8tica facial i pot ajudar a prevenir els signes de l&#8217;envelliment. <strong>A l&#8217;Institut Maxil\u00b7lodental del Vall\u00e8s, sabem que una alineaci\u00f3 dental correcta pot endarrerir l&#8217;aparici\u00f3 d&#8217;arrugues i altres efectes visibles del pas del temps.<\/strong> En aquest article, us expliquem com.<\/p>\n<blockquote>\n<p><img loading=\"lazy\" decoding=\"async\" class=\"wp-image-3829 alignleft\" src=\"https:\/\/imaxilodental.com\/wp-content\/uploads\/2025\/03\/iStock-2153037795-1024x997.jpg\" alt=\"\" width=\"327\" height=\"318\" srcset=\"https:\/\/imaxilodental.com\/wp-content\/uploads\/2025\/03\/iStock-2153037795-1024x997.jpg 1024w, https:\/\/imaxilodental.com\/wp-content\/uploads\/2025\/03\/iStock-2153037795-300x292.jpg 300w, https:\/\/imaxilodental.com\/wp-content\/uploads\/2025\/03\/iStock-2153037795-768x748.jpg 768w, https:\/\/imaxilodental.com\/wp-content\/uploads\/2025\/03\/iStock-2153037795.jpg 1452w\" sizes=\"auto, (max-width: 327px) 100vw, 327px\" \/><\/p>\n<p><strong>1. La relaci\u00f3 entre l&#8217;alineaci\u00f3 dental i l&#8217;estructura facial<\/strong><\/p>\n<\/blockquote>\n<p>\nQuan les dents estan desalineades, la mand\u00edbula es pot despla\u00e7ar, afectant la forma del rostre. Aix\u00f2 pot provocar una caiguda prematura de la zona inferior de la cara i accentuar els plecs nasolabials. L&#8217;ortod\u00f2ncia ajuda a restablir l&#8217;equilibri facial.<\/p>\n<blockquote>\n<p><strong>2. Prevenci\u00f3 de la p\u00e8rdua de volum facial<\/strong><\/p>\n<\/blockquote>\n<p>\nLa manca d&#8217;alineaci\u00f3 dental pot contribuir a la p\u00e8rdua de volum a la part inferior de la cara, cosa que accentua la flacciditat. En corregir la posici\u00f3 de les dents, s&#8217;optimitza l&#8217;estructura \u00f2ssia i ajuda a mantenir una aparen\u00e7a m\u00e9s jove i definida.<\/p>\n<blockquote>\n<p><img loading=\"lazy\" decoding=\"async\" class=\"wp-image-3831 alignright\" src=\"https:\/\/imaxilodental.com\/wp-content\/uploads\/2025\/03\/iStock-1289180628-1024x1013.jpg\" alt=\"\" width=\"412\" height=\"408\" srcset=\"https:\/\/imaxilodental.com\/wp-content\/uploads\/2025\/03\/iStock-1289180628-1024x1013.jpg 1024w, https:\/\/imaxilodental.com\/wp-content\/uploads\/2025\/03\/iStock-1289180628-300x297.jpg 300w, https:\/\/imaxilodental.com\/wp-content\/uploads\/2025\/03\/iStock-1289180628-150x150.jpg 150w, https:\/\/imaxilodental.com\/wp-content\/uploads\/2025\/03\/iStock-1289180628-768x760.jpg 768w, https:\/\/imaxilodental.com\/wp-content\/uploads\/2025\/03\/iStock-1289180628.jpg 1429w\" sizes=\"auto, (max-width: 412px) 100vw, 412px\" \/><\/p>\n<p><strong>3. Impacte de la mossegada a l&#8217;est\u00e8tica facial<\/strong><\/p>\n<\/blockquote>\n<p>\nProblemes de mossegada, com la sobremossegada o la mossegada creuada, poden afectar la postura i la musculatura facial, provocant arrugues i una caiguda facial prematura. Els tractaments ortod\u00f2ntics corregeixen aquestes irregularitats, millorant l&#8217;est\u00e8tica a llarg termini.<\/p>\n<blockquote>\n<p><strong>4. Ortod\u00f2ncia est\u00e8tica: tractaments invisibles<\/strong><\/p>\n<\/blockquote>\n<p>\nAmb els alineadors invisibles, \u00e9s possible millorar l&#8217;alineaci\u00f3 dental sense afectar la teva est\u00e8tica durant el proc\u00e9s. Aix\u00f2 no nom\u00e9s millora el somriure, sin\u00f3 que tamb\u00e9 ajuda a prevenir els efectes de l&#8217;envelliment facial.<\/p>\n<p>A l&#8217;<a href=\"https:\/\/imaxilodental.com\/ca\" target=\"_blank\" rel=\"noopener\"><strong>Institut Maxil\u00b7lodental del Vall\u00e8s<\/strong><\/a>, creiem que l&#8217;ortod\u00f2ncia \u00e9s una eina poderosa per no nom\u00e9s millorar la salut dental, sin\u00f3 tamb\u00e9 per mantenir una cara jove i harmoniosa. Si vols saber m\u00e9s sobre com l&#8217;ortod\u00f2ncia pot prevenir els signes de l&#8217;envelliment, <strong>truca&#8217;ns al 931 279 804.<\/strong><\/p>\n<p>&nbsp;<\/p>\n<p><strong><em>Contingut relacionat:<\/em><\/strong><\/p>\n<p><a href=\"https:\/\/imaxilodental.com\/ca\/ortodoncia-9-dades-que-has-de-saber\/\" target=\"_blank\" rel=\"noopener\">Ortod\u00f2ncia: 9 dades que has de saber<\/a><\/p>\n<p><a href=\"https:\/\/imaxilodental.com\/ca\/5-dades-que-no-sabies-sobre-lortodoncia-invisible\/\" target=\"_blank\" rel=\"noopener\">5 dades que no sabies sobre l\u2019ortod\u00f2ncia invisible<\/a><\/p>\n<p><a href=\"https:\/\/imaxilodental.com\/ca\/ataches-en-invisalign-que-son-i-per-a-que-serveixen\/\" target=\"_blank\" rel=\"noopener\">Ataches en Invisalign: qu\u00e8 s\u00f3n i per a qu\u00e8 serveixen<\/a><\/p>\n<p>&nbsp;<\/p>\n","protected":false},"excerpt":{"rendered":"<p>L&#8217;ortod\u00f2ncia no nom\u00e9s millora el somriure, sin\u00f3 que tamb\u00e9 t\u00e9 un impacte positiu a l&#8217;est\u00e8tica facial i pot ajudar a prevenir els signes de l&#8217;envelliment. A l&#8217;Institut Maxil\u00b7lodental del Vall\u00e8s, sabem que una alineaci\u00f3 dental correcta pot endarrerir l&#8217;aparici\u00f3 d&#8217;arrugues i altres efectes visibles del pas del temps. En aquest article, us expliquem com. 1. [&hellip;]<\/p>\n","protected":false},"author":1,"featured_media":3827,"comment_status":"closed","ping_status":"closed","sticky":false,"template":"","format":"standard","meta":{"footnotes":""},"categories":[10,139],"tags":[],"class_list":["post-3838","post","type-post","status-publish","format-standard","has-post-thumbnail","hentry","category-actualitat","category-ortodoncia-3"],"yoast_head":"<!-- This site is optimized with the Yoast SEO plugin v27.2 - https:\/\/yoast.com\/product\/yoast-seo-wordpress\/ -->\n<title>Ortod\u00f2ncia i envelliment facial - IMaxilodental Ortod\u00f2ncia i envelliment facial<\/title>\n<meta name=\"robots\" content=\"index, follow, max-snippet:-1, max-image-preview:large, max-video-preview:-1\" \/>\n<link rel=\"canonical\" href=\"https:\/\/imaxilodental.com\/ca\/ortodoncia-i-envelliment-facial\/\" \/>\n<meta property=\"og:locale\" content=\"ca_ES\" \/>\n<meta property=\"og:type\" content=\"article\" \/>\n<meta property=\"og:title\" content=\"Ortod\u00f2ncia i envelliment facial - IMaxilodental Ortod\u00f2ncia i envelliment facial\" \/>\n<meta property=\"og:description\" content=\"L&#8217;ortod\u00f2ncia no nom\u00e9s millora el somriure, sin\u00f3 que tamb\u00e9 t\u00e9 un impacte positiu a l&#8217;est\u00e8tica facial i pot ajudar a prevenir els signes de l&#8217;envelliment. A l&#8217;Institut Maxil\u00b7lodental del Vall\u00e8s, sabem que una alineaci\u00f3 dental correcta pot endarrerir l&#8217;aparici\u00f3 d&#8217;arrugues i altres efectes visibles del pas del temps. En aquest article, us expliquem com. 1. [&hellip;]\" \/>\n<meta property=\"og:url\" content=\"https:\/\/imaxilodental.com\/ca\/ortodoncia-i-envelliment-facial\/\" \/>\n<meta property=\"og:site_name\" content=\"iMaxilodental\" \/>\n<meta property=\"article:published_time\" content=\"2025-03-18T08:53:17+00:00\" \/>\n<meta property=\"article:modified_time\" content=\"2025-03-18T09:06:21+00:00\" \/>\n<meta property=\"og:image\" content=\"https:\/\/imaxilodental.com\/wp-content\/uploads\/2025\/03\/iStock-1402529428.jpg\" \/>\n\t<meta property=\"og:image:width\" content=\"680\" \/>\n\t<meta property=\"og:image:height\" content=\"680\" \/>\n\t<meta property=\"og:image:type\" content=\"image\/jpeg\" \/>\n<meta name=\"author\" content=\"Institut Maxil\u00b7lodental\" \/>\n<meta name=\"twitter:label1\" content=\"Escrit per\" \/>\n\t<meta name=\"twitter:data1\" content=\"Institut Maxil\u00b7lodental\" \/>\n\t<meta name=\"twitter:label2\" content=\"Temps estimat de lectura\" \/>\n\t<meta name=\"twitter:data2\" content=\"2 minuts\" \/>\n<script type=\"application\/ld+json\" class=\"yoast-schema-graph\">{\"@context\":\"https:\/\/schema.org\",\"@graph\":[{\"@type\":\"Article\",\"@id\":\"https:\/\/imaxilodental.com\/ca\/ortodoncia-i-envelliment-facial\/#article\",\"isPartOf\":{\"@id\":\"https:\/\/imaxilodental.com\/ca\/ortodoncia-i-envelliment-facial\/\"},\"author\":{\"name\":\"Institut Maxil\u00b7lodental\",\"@id\":\"https:\/\/imaxilodental.com\/#\/schema\/person\/0e2be65fe5c58a890def71626ff879eb\"},\"headline\":\"Ortod\u00f2ncia i envelliment facial\",\"datePublished\":\"2025-03-18T08:53:17+00:00\",\"dateModified\":\"2025-03-18T09:06:21+00:00\",\"mainEntityOfPage\":{\"@id\":\"https:\/\/imaxilodental.com\/ca\/ortodoncia-i-envelliment-facial\/\"},\"wordCount\":359,\"image\":{\"@id\":\"https:\/\/imaxilodental.com\/ca\/ortodoncia-i-envelliment-facial\/#primaryimage\"},\"thumbnailUrl\":\"https:\/\/imaxilodental.com\/wp-content\/uploads\/2025\/03\/iStock-1402529428.jpg\",\"articleSection\":[\"Actualitat\",\"Ortodoncia\"],\"inLanguage\":\"ca\"},{\"@type\":\"WebPage\",\"@id\":\"https:\/\/imaxilodental.com\/ca\/ortodoncia-i-envelliment-facial\/\",\"url\":\"https:\/\/imaxilodental.com\/ca\/ortodoncia-i-envelliment-facial\/\",\"name\":\"Ortod\u00f2ncia i envelliment facial - IMaxilodental Ortod\u00f2ncia i envelliment facial\",\"isPartOf\":{\"@id\":\"https:\/\/imaxilodental.com\/#website\"},\"primaryImageOfPage\":{\"@id\":\"https:\/\/imaxilodental.com\/ca\/ortodoncia-i-envelliment-facial\/#primaryimage\"},\"image\":{\"@id\":\"https:\/\/imaxilodental.com\/ca\/ortodoncia-i-envelliment-facial\/#primaryimage\"},\"thumbnailUrl\":\"https:\/\/imaxilodental.com\/wp-content\/uploads\/2025\/03\/iStock-1402529428.jpg\",\"datePublished\":\"2025-03-18T08:53:17+00:00\",\"dateModified\":\"2025-03-18T09:06:21+00:00\",\"author\":{\"@id\":\"https:\/\/imaxilodental.com\/#\/schema\/person\/0e2be65fe5c58a890def71626ff879eb\"},\"breadcrumb\":{\"@id\":\"https:\/\/imaxilodental.com\/ca\/ortodoncia-i-envelliment-facial\/#breadcrumb\"},\"inLanguage\":\"ca\",\"potentialAction\":[{\"@type\":\"ReadAction\",\"target\":[\"https:\/\/imaxilodental.com\/ca\/ortodoncia-i-envelliment-facial\/\"]}]},{\"@type\":\"ImageObject\",\"inLanguage\":\"ca\",\"@id\":\"https:\/\/imaxilodental.com\/ca\/ortodoncia-i-envelliment-facial\/#primaryimage\",\"url\":\"https:\/\/imaxilodental.com\/wp-content\/uploads\/2025\/03\/iStock-1402529428.jpg\",\"contentUrl\":\"https:\/\/imaxilodental.com\/wp-content\/uploads\/2025\/03\/iStock-1402529428.jpg\",\"width\":680,\"height\":680,\"caption\":\"Close up photo of happy girlfriend with dental braces looking at her unrecognizable boyfriend while sitting together in a living room.\"},{\"@type\":\"BreadcrumbList\",\"@id\":\"https:\/\/imaxilodental.com\/ca\/ortodoncia-i-envelliment-facial\/#breadcrumb\",\"itemListElement\":[{\"@type\":\"ListItem\",\"position\":1,\"name\":\"Portada\",\"item\":\"https:\/\/imaxilodental.com\/ca\/\"},{\"@type\":\"ListItem\",\"position\":2,\"name\":\"Ortod\u00f2ncia i envelliment facial\"}]},{\"@type\":\"WebSite\",\"@id\":\"https:\/\/imaxilodental.com\/#website\",\"url\":\"https:\/\/imaxilodental.com\/\",\"name\":\"iMaxilodental\",\"description\":\"\",\"potentialAction\":[{\"@type\":\"SearchAction\",\"target\":{\"@type\":\"EntryPoint\",\"urlTemplate\":\"https:\/\/imaxilodental.com\/?s={search_term_string}\"},\"query-input\":{\"@type\":\"PropertyValueSpecification\",\"valueRequired\":true,\"valueName\":\"search_term_string\"}}],\"inLanguage\":\"ca\"},{\"@type\":\"Person\",\"@id\":\"https:\/\/imaxilodental.com\/#\/schema\/person\/0e2be65fe5c58a890def71626ff879eb\",\"name\":\"Institut Maxil\u00b7lodental\",\"image\":{\"@type\":\"ImageObject\",\"inLanguage\":\"ca\",\"@id\":\"https:\/\/secure.gravatar.com\/avatar\/dd77c6bb181e05063fd56a8b54fa4fc916d912b7ff5940a9b931c9f84fa29360?s=96&d=mm&r=g\",\"url\":\"https:\/\/secure.gravatar.com\/avatar\/dd77c6bb181e05063fd56a8b54fa4fc916d912b7ff5940a9b931c9f84fa29360?s=96&d=mm&r=g\",\"contentUrl\":\"https:\/\/secure.gravatar.com\/avatar\/dd77c6bb181e05063fd56a8b54fa4fc916d912b7ff5940a9b931c9f84fa29360?s=96&d=mm&r=g\",\"caption\":\"Institut Maxil\u00b7lodental\"},\"url\":\"https:\/\/imaxilodental.com\/ca\/author\/admin\/\"}]}<\/script>\n<!-- \/ Yoast SEO plugin. -->","yoast_head_json":{"title":"Ortod\u00f2ncia i envelliment facial - IMaxilodental Ortod\u00f2ncia i envelliment facial","robots":{"index":"index","follow":"follow","max-snippet":"max-snippet:-1","max-image-preview":"max-image-preview:large","max-video-preview":"max-video-preview:-1"},"canonical":"https:\/\/imaxilodental.com\/ca\/ortodoncia-i-envelliment-facial\/","og_locale":"ca_ES","og_type":"article","og_title":"Ortod\u00f2ncia i envelliment facial - IMaxilodental Ortod\u00f2ncia i envelliment facial","og_description":"L&#8217;ortod\u00f2ncia no nom\u00e9s millora el somriure, sin\u00f3 que tamb\u00e9 t\u00e9 un impacte positiu a l&#8217;est\u00e8tica facial i pot ajudar a prevenir els signes de l&#8217;envelliment. A l&#8217;Institut Maxil\u00b7lodental del Vall\u00e8s, sabem que una alineaci\u00f3 dental correcta pot endarrerir l&#8217;aparici\u00f3 d&#8217;arrugues i altres efectes visibles del pas del temps. En aquest article, us expliquem com. 1. [&hellip;]","og_url":"https:\/\/imaxilodental.com\/ca\/ortodoncia-i-envelliment-facial\/","og_site_name":"iMaxilodental","article_published_time":"2025-03-18T08:53:17+00:00","article_modified_time":"2025-03-18T09:06:21+00:00","og_image":[{"width":680,"height":680,"url":"https:\/\/imaxilodental.com\/wp-content\/uploads\/2025\/03\/iStock-1402529428.jpg","type":"image\/jpeg"}],"author":"Institut Maxil\u00b7lodental","twitter_misc":{"Escrit per":"Institut Maxil\u00b7lodental","Temps estimat de lectura":"2 minuts"},"schema":{"@context":"https:\/\/schema.org","@graph":[{"@type":"Article","@id":"https:\/\/imaxilodental.com\/ca\/ortodoncia-i-envelliment-facial\/#article","isPartOf":{"@id":"https:\/\/imaxilodental.com\/ca\/ortodoncia-i-envelliment-facial\/"},"author":{"name":"Institut Maxil\u00b7lodental","@id":"https:\/\/imaxilodental.com\/#\/schema\/person\/0e2be65fe5c58a890def71626ff879eb"},"headline":"Ortod\u00f2ncia i envelliment facial","datePublished":"2025-03-18T08:53:17+00:00","dateModified":"2025-03-18T09:06:21+00:00","mainEntityOfPage":{"@id":"https:\/\/imaxilodental.com\/ca\/ortodoncia-i-envelliment-facial\/"},"wordCount":359,"image":{"@id":"https:\/\/imaxilodental.com\/ca\/ortodoncia-i-envelliment-facial\/#primaryimage"},"thumbnailUrl":"https:\/\/imaxilodental.com\/wp-content\/uploads\/2025\/03\/iStock-1402529428.jpg","articleSection":["Actualitat","Ortodoncia"],"inLanguage":"ca"},{"@type":"WebPage","@id":"https:\/\/imaxilodental.com\/ca\/ortodoncia-i-envelliment-facial\/","url":"https:\/\/imaxilodental.com\/ca\/ortodoncia-i-envelliment-facial\/","name":"Ortod\u00f2ncia i envelliment facial - IMaxilodental Ortod\u00f2ncia i envelliment facial","isPartOf":{"@id":"https:\/\/imaxilodental.com\/#website"},"primaryImageOfPage":{"@id":"https:\/\/imaxilodental.com\/ca\/ortodoncia-i-envelliment-facial\/#primaryimage"},"image":{"@id":"https:\/\/imaxilodental.com\/ca\/ortodoncia-i-envelliment-facial\/#primaryimage"},"thumbnailUrl":"https:\/\/imaxilodental.com\/wp-content\/uploads\/2025\/03\/iStock-1402529428.jpg","datePublished":"2025-03-18T08:53:17+00:00","dateModified":"2025-03-18T09:06:21+00:00","author":{"@id":"https:\/\/imaxilodental.com\/#\/schema\/person\/0e2be65fe5c58a890def71626ff879eb"},"breadcrumb":{"@id":"https:\/\/imaxilodental.com\/ca\/ortodoncia-i-envelliment-facial\/#breadcrumb"},"inLanguage":"ca","potentialAction":[{"@type":"ReadAction","target":["https:\/\/imaxilodental.com\/ca\/ortodoncia-i-envelliment-facial\/"]}]},{"@type":"ImageObject","inLanguage":"ca","@id":"https:\/\/imaxilodental.com\/ca\/ortodoncia-i-envelliment-facial\/#primaryimage","url":"https:\/\/imaxilodental.com\/wp-content\/uploads\/2025\/03\/iStock-1402529428.jpg","contentUrl":"https:\/\/imaxilodental.com\/wp-content\/uploads\/2025\/03\/iStock-1402529428.jpg","width":680,"height":680,"caption":"Close up photo of happy girlfriend with dental braces looking at her unrecognizable boyfriend while sitting together in a living room."},{"@type":"BreadcrumbList","@id":"https:\/\/imaxilodental.com\/ca\/ortodoncia-i-envelliment-facial\/#breadcrumb","itemListElement":[{"@type":"ListItem","position":1,"name":"Portada","item":"https:\/\/imaxilodental.com\/ca\/"},{"@type":"ListItem","position":2,"name":"Ortod\u00f2ncia i envelliment facial"}]},{"@type":"WebSite","@id":"https:\/\/imaxilodental.com\/#website","url":"https:\/\/imaxilodental.com\/","name":"iMaxilodental","description":"","potentialAction":[{"@type":"SearchAction","target":{"@type":"EntryPoint","urlTemplate":"https:\/\/imaxilodental.com\/?s={search_term_string}"},"query-input":{"@type":"PropertyValueSpecification","valueRequired":true,"valueName":"search_term_string"}}],"inLanguage":"ca"},{"@type":"Person","@id":"https:\/\/imaxilodental.com\/#\/schema\/person\/0e2be65fe5c58a890def71626ff879eb","name":"Institut Maxil\u00b7lodental","image":{"@type":"ImageObject","inLanguage":"ca","@id":"https:\/\/secure.gravatar.com\/avatar\/dd77c6bb181e05063fd56a8b54fa4fc916d912b7ff5940a9b931c9f84fa29360?s=96&d=mm&r=g","url":"https:\/\/secure.gravatar.com\/avatar\/dd77c6bb181e05063fd56a8b54fa4fc916d912b7ff5940a9b931c9f84fa29360?s=96&d=mm&r=g","contentUrl":"https:\/\/secure.gravatar.com\/avatar\/dd77c6bb181e05063fd56a8b54fa4fc916d912b7ff5940a9b931c9f84fa29360?s=96&d=mm&r=g","caption":"Institut Maxil\u00b7lodental"},"url":"https:\/\/imaxilodental.com\/ca\/author\/admin\/"}]}},"meta_box":[],"_links":{"self":[{"href":"https:\/\/imaxilodental.com\/ca\/wp-json\/wp\/v2\/posts\/3838","targetHints":{"allow":["GET"]}}],"collection":[{"href":"https:\/\/imaxilodental.com\/ca\/wp-json\/wp\/v2\/posts"}],"about":[{"href":"https:\/\/imaxilodental.com\/ca\/wp-json\/wp\/v2\/types\/post"}],"author":[{"embeddable":true,"href":"https:\/\/imaxilodental.com\/ca\/wp-json\/wp\/v2\/users\/1"}],"replies":[{"embeddable":true,"href":"https:\/\/imaxilodental.com\/ca\/wp-json\/wp\/v2\/comments?post=3838"}],"version-history":[{"count":4,"href":"https:\/\/imaxilodental.com\/ca\/wp-json\/wp\/v2\/posts\/3838\/revisions"}],"predecessor-version":[{"id":3842,"href":"https:\/\/imaxilodental.com\/ca\/wp-json\/wp\/v2\/posts\/3838\/revisions\/3842"}],"wp:featuredmedia":[{"embeddable":true,"href":"https:\/\/imaxilodental.com\/ca\/wp-json\/wp\/v2\/media\/3827"}],"wp:attachment":[{"href":"https:\/\/imaxilodental.com\/ca\/wp-json\/wp\/v2\/media?parent=3838"}],"wp:term":[{"taxonomy":"category","embeddable":true,"href":"https:\/\/imaxilodental.com\/ca\/wp-json\/wp\/v2\/categories?post=3838"},{"taxonomy":"post_tag","embeddable":true,"href":"https:\/\/imaxilodental.com\/ca\/wp-json\/wp\/v2\/tags?post=3838"}],"curies":[{"name":"wp","href":"https:\/\/api.w.org\/{rel}","templated":true}]}}