{"id":3377,"date":"2024-04-15T11:37:51","date_gmt":"2024-04-15T11:37:51","guid":{"rendered":"https:\/\/imaxilodental.com\/?p=3377"},"modified":"2024-06-18T11:31:37","modified_gmt":"2024-06-18T11:31:37","slug":"5-raons-per-posar-te-implants-dentals-a-linstitut-maxil%c2%b7lodental-del-valles","status":"publish","type":"post","link":"https:\/\/imaxilodental.com\/ca\/5-raons-per-posar-te-implants-dentals-a-linstitut-maxil%c2%b7lodental-del-valles\/","title":{"rendered":"5 raons per posar-te implants dentals a l&#8217;Institut Maxil\u00b7lodental del Vall\u00e8s"},"content":{"rendered":"<p><strong>Institut Maxil\u00b7lodental del Vall\u00e8s<\/strong> ha esdevingut amb els anys un centre de refer\u00e8ncia per a odontologia a Mollet del Vall\u00e8s, i en <a href=\"https:\/\/imaxilodental.com\/ca\/implants-dentals-en-mollet\/\" target=\"_blank\" rel=\"noopener\">implantologia dental<\/a>, no podia ser menys. Avui volem donar-te 5 raons per posar-te els teus implants dentals amb nosaltres:<\/p>\n<p><img loading=\"lazy\" decoding=\"async\" class=\"wp-image-3374 alignleft\" src=\"https:\/\/imaxilodental.com\/wp-content\/uploads\/2024\/04\/institutomaxilofacial_del_Valles-fotografo-nacho_urbon-606-300x200.jpg\" alt=\"\" width=\"483\" height=\"322\" srcset=\"https:\/\/imaxilodental.com\/wp-content\/uploads\/2024\/04\/institutomaxilofacial_del_Valles-fotografo-nacho_urbon-606-300x200.jpg 300w, https:\/\/imaxilodental.com\/wp-content\/uploads\/2024\/04\/institutomaxilofacial_del_Valles-fotografo-nacho_urbon-606-1024x684.jpg 1024w, https:\/\/imaxilodental.com\/wp-content\/uploads\/2024\/04\/institutomaxilofacial_del_Valles-fotografo-nacho_urbon-606-768x513.jpg 768w, https:\/\/imaxilodental.com\/wp-content\/uploads\/2024\/04\/institutomaxilofacial_del_Valles-fotografo-nacho_urbon-606-1400x933.jpg 1400w, https:\/\/imaxilodental.com\/wp-content\/uploads\/2024\/04\/institutomaxilofacial_del_Valles-fotografo-nacho_urbon-606-1536x1025.jpg 1536w, https:\/\/imaxilodental.com\/wp-content\/uploads\/2024\/04\/institutomaxilofacial_del_Valles-fotografo-nacho_urbon-606-2048x1367.jpg 2048w, https:\/\/imaxilodental.com\/wp-content\/uploads\/2024\/04\/institutomaxilofacial_del_Valles-fotografo-nacho_urbon-606-560x372.jpg 560w, https:\/\/imaxilodental.com\/wp-content\/uploads\/2024\/04\/institutomaxilofacial_del_Valles-fotografo-nacho_urbon-606-212x140.jpg 212w\" sizes=\"auto, (max-width: 483px) 100vw, 483px\" \/><\/p>\n<p><strong>1- <a href=\"https:\/\/imaxilodental.com\/ca\/equip\/\" target=\"_blank\" rel=\"noopener\">El nostre equip<\/a><\/strong>. A l&#8217;Institut Maxil\u00b7lodental del Vall\u00e8s comptem amb un extens equip multidisciplinari que cobreix totes les especialitats de l&#8217;odontologia. Aix\u00ed mateix, <strong>comptem amb 3 cirurgians maxil\u00b7lofacials amb gran experi\u00e8ncia per a la col\u00b7locaci\u00f3 d&#8217;implants<\/strong>, prostodoncistes per confeccionar les pr\u00f2tesis m\u00e9s naturals i odont\u00f2legs i higienistes per assegurar que els teus implants es mantenen en bones condicions durant m\u00e9s temps. Amb la vostra experi\u00e8ncia i habilitats, podeu estar segurs que el vostre procediment d&#8217;implant dental estar\u00e0 en bones mans<\/p>\n<p><strong>2- La nostra cl\u00ednica<\/strong>. Sabem que sotmetre&#8217;s a qualsevol procediment dental pot ser aclaparador, per aix\u00f2 hem dissenyat el nostre institut com <a href=\"https:\/\/imaxilodental.com\/ca\/installacions\/\" target=\"_blank\" rel=\"noopener\"><strong>un entorn c\u00f2mode i acollidor<\/strong><\/a> per a tots els nostres pacients.<\/p>\n<p><strong>3- Innovaci\u00f3<\/strong>. <strong>El nostre equip de cirurgians maxil\u00b7lofacials s\u00f3n a m\u00e9s professors universitaris<\/strong>, cosa que garanteix que cada pacient rebi un tractament de la m\u00e9s alta qualitat i que s&#8217;apliquen els \u00faltims aven\u00e7os i t\u00e8cniques de l&#8217;especialitat.<\/p>\n<p><strong>4- Implants especials<\/strong>. A l&#8217;Institut Maxil\u00b7lodental del Vall\u00e8s, <strong>som especialistes en tractar casos complexos en qu\u00e8 el pacient presenta poca quantitat o qualitat deficient d&#8217;os<\/strong>\u00a0i en tractar amb perfils de pacients que ja han estat descartats per a aquest tipus de tractaments en altres centres.<img loading=\"lazy\" decoding=\"async\" class=\"wp-image-3367 alignright\" src=\"https:\/\/imaxilodental.com\/wp-content\/uploads\/2024\/04\/IM_AC_PabloTribello_Alta_3-300x200.jpg\" alt=\"\" width=\"404\" height=\"269\" srcset=\"https:\/\/imaxilodental.com\/wp-content\/uploads\/2024\/04\/IM_AC_PabloTribello_Alta_3-300x200.jpg 300w, https:\/\/imaxilodental.com\/wp-content\/uploads\/2024\/04\/IM_AC_PabloTribello_Alta_3-1024x683.jpg 1024w, https:\/\/imaxilodental.com\/wp-content\/uploads\/2024\/04\/IM_AC_PabloTribello_Alta_3-768x513.jpg 768w, https:\/\/imaxilodental.com\/wp-content\/uploads\/2024\/04\/IM_AC_PabloTribello_Alta_3-1400x933.jpg 1400w, https:\/\/imaxilodental.com\/wp-content\/uploads\/2024\/04\/IM_AC_PabloTribello_Alta_3-1536x1025.jpg 1536w, https:\/\/imaxilodental.com\/wp-content\/uploads\/2024\/04\/IM_AC_PabloTribello_Alta_3-2048x1367.jpg 2048w, https:\/\/imaxilodental.com\/wp-content\/uploads\/2024\/04\/IM_AC_PabloTribello_Alta_3-560x372.jpg 560w, https:\/\/imaxilodental.com\/wp-content\/uploads\/2024\/04\/IM_AC_PabloTribello_Alta_3-212x140.jpg 212w\" sizes=\"auto, (max-width: 404px) 100vw, 404px\" \/><\/p>\n<p><strong>5- Enfocament multidisciplinar<\/strong>-. El nostre equip d&#8217;experts treballa junts per oferir un pla de tractament complet i personalitzat per a cada pacient, assegurant els millors resultats possibles. A m\u00e9s, a la nostra cl\u00ednica <strong>comptem amb tota l&#8217;aparell necessari per cobrir totes les fases del teu tractament<\/strong>, per la qual cosa podem mantenir els mateixos est\u00e0ndards de qualitat i realitzar els tractaments en menys temps<\/p>\n<p>A <strong>Institut Maxil\u00b7lodental del Vall\u00e8s<\/strong>, estem orgullosos de ser<a href=\"https:\/\/imaxilodental.com\/ca\/promo-implantologia\/\" target=\"_blank\" rel=\"noopener\"> l\u00edders en implantologia<\/a>, sempre buscant millorar les nostres t\u00e8cniques i brindar la millor atenci\u00f3 possible als nostres pacients. Posa&#8217;t en contacte amb nosaltres avui per obtenir m\u00e9s informaci\u00f3 sobre com et podem ajudar a aconseguir un somriure bonic i saludable. Truca&#8217;ns al 931 279 804.<\/p>\n<p><em><strong>Contingut relacionat:<\/strong><\/em><\/p>\n<p><a href=\"https:\/\/imaxilodental.com\/ca\/que-son-els-implants-subperiostics\/\" target=\"_blank\" rel=\"noopener\">Qu\u00e8 s\u00f3n els implants subperi\u00f2stics?<\/a><\/p>\n<p><a href=\"https:\/\/imaxilodental.com\/ca\/implants-dentals-hi-ha-una-edat-minima-o-maxima\/\" target=\"_blank\" rel=\"noopener\">Implants dentals: Hi ha una edat m\u00ednima o m\u00e0xima?<\/a><\/p>\n<p><a href=\"https:\/\/imaxilodental.com\/ca\/puc-posar-me-implants-dentals-si-tinc-poca-densitat-ossia\/\" target=\"_blank\" rel=\"noopener\">Puc posar-me implants dentals si tinc poca densitat \u00f2ssia?<\/a><\/p>\n","protected":false},"excerpt":{"rendered":"<p>Institut Maxil\u00b7lodental del Vall\u00e8s ha esdevingut amb els anys un centre de refer\u00e8ncia per a odontologia a Mollet del Vall\u00e8s, i en implantologia dental, no podia ser menys. Avui volem donar-te 5 raons per posar-te els teus implants dentals amb nosaltres: 1- El nostre equip. A l&#8217;Institut Maxil\u00b7lodental del Vall\u00e8s comptem amb un extens equip [&hellip;]<\/p>\n","protected":false},"author":1,"featured_media":3379,"comment_status":"closed","ping_status":"closed","sticky":false,"template":"","format":"standard","meta":{"footnotes":""},"categories":[10,124],"tags":[70],"class_list":["post-3377","post","type-post","status-publish","format-standard","has-post-thumbnail","hentry","category-actualitat","category-implants-dentals","tag-implants"],"yoast_head":"<!-- This site is optimized with the Yoast SEO plugin v27.2 - https:\/\/yoast.com\/product\/yoast-seo-wordpress\/ -->\n<title>5 raons per posar-te implants dentals a l&#039;Institut Maxil\u00b7lodental del Vall\u00e8s - IMaxilodental 5 raons per posar-te implants dentals a l&#039;Institut Maxil\u00b7lodental del Vall\u00e8s<\/title>\n<meta name=\"description\" content=\"5 raons per elegir l&#039;Institut Maxil\u00b7lodental del Vall\u00e8s per a els teus implants dentals en Mollet del Vall\u00e8s.\" \/>\n<meta name=\"robots\" content=\"index, follow, max-snippet:-1, max-image-preview:large, max-video-preview:-1\" \/>\n<link rel=\"canonical\" href=\"https:\/\/imaxilodental.com\/ca\/5-raons-per-posar-te-implants-dentals-a-linstitut-maxil\u00b7lodental-del-valles\/\" \/>\n<meta property=\"og:locale\" content=\"ca_ES\" \/>\n<meta property=\"og:type\" content=\"article\" \/>\n<meta property=\"og:title\" content=\"5 raons per posar-te implants dentals a l&#039;Institut Maxil\u00b7lodental del Vall\u00e8s - IMaxilodental 5 raons per posar-te implants dentals a l&#039;Institut Maxil\u00b7lodental del Vall\u00e8s\" \/>\n<meta property=\"og:description\" content=\"5 raons per elegir l&#039;Institut Maxil\u00b7lodental del Vall\u00e8s per a els teus implants dentals en Mollet del Vall\u00e8s.\" \/>\n<meta property=\"og:url\" content=\"https:\/\/imaxilodental.com\/ca\/5-raons-per-posar-te-implants-dentals-a-linstitut-maxil\u00b7lodental-del-valles\/\" \/>\n<meta property=\"og:site_name\" content=\"iMaxilodental\" \/>\n<meta property=\"article:published_time\" content=\"2024-04-15T11:37:51+00:00\" \/>\n<meta property=\"article:modified_time\" content=\"2024-06-18T11:31:37+00:00\" \/>\n<meta property=\"og:image\" content=\"https:\/\/imaxilodental.com\/wp-content\/uploads\/2024\/04\/pic2.jpg\" \/>\n\t<meta property=\"og:image:width\" content=\"680\" \/>\n\t<meta property=\"og:image:height\" content=\"680\" \/>\n\t<meta property=\"og:image:type\" content=\"image\/jpeg\" \/>\n<meta name=\"author\" content=\"Institut Maxil\u00b7lodental\" \/>\n<meta name=\"twitter:label1\" content=\"Escrit per\" \/>\n\t<meta name=\"twitter:data1\" content=\"Institut Maxil\u00b7lodental\" \/>\n\t<meta name=\"twitter:label2\" content=\"Temps estimat de lectura\" \/>\n\t<meta name=\"twitter:data2\" content=\"3 minuts\" \/>\n<script type=\"application\/ld+json\" class=\"yoast-schema-graph\">{\"@context\":\"https:\/\/schema.org\",\"@graph\":[{\"@type\":\"Article\",\"@id\":\"https:\/\/imaxilodental.com\/ca\/5-raons-per-posar-te-implants-dentals-a-linstitut-maxil%c2%b7lodental-del-valles\/#article\",\"isPartOf\":{\"@id\":\"https:\/\/imaxilodental.com\/ca\/5-raons-per-posar-te-implants-dentals-a-linstitut-maxil%c2%b7lodental-del-valles\/\"},\"author\":{\"name\":\"Institut Maxil\u00b7lodental\",\"@id\":\"https:\/\/imaxilodental.com\/#\/schema\/person\/0e2be65fe5c58a890def71626ff879eb\"},\"headline\":\"5 raons per posar-te implants dentals a l&#8217;Institut Maxil\u00b7lodental del Vall\u00e8s\",\"datePublished\":\"2024-04-15T11:37:51+00:00\",\"dateModified\":\"2024-06-18T11:31:37+00:00\",\"mainEntityOfPage\":{\"@id\":\"https:\/\/imaxilodental.com\/ca\/5-raons-per-posar-te-implants-dentals-a-linstitut-maxil%c2%b7lodental-del-valles\/\"},\"wordCount\":438,\"image\":{\"@id\":\"https:\/\/imaxilodental.com\/ca\/5-raons-per-posar-te-implants-dentals-a-linstitut-maxil%c2%b7lodental-del-valles\/#primaryimage\"},\"thumbnailUrl\":\"https:\/\/imaxilodental.com\/wp-content\/uploads\/2024\/04\/pic2.jpg\",\"keywords\":[\"implants\"],\"articleSection\":[\"Actualitat\",\"Implants dentals\"],\"inLanguage\":\"ca\"},{\"@type\":\"WebPage\",\"@id\":\"https:\/\/imaxilodental.com\/ca\/5-raons-per-posar-te-implants-dentals-a-linstitut-maxil%c2%b7lodental-del-valles\/\",\"url\":\"https:\/\/imaxilodental.com\/ca\/5-raons-per-posar-te-implants-dentals-a-linstitut-maxil%c2%b7lodental-del-valles\/\",\"name\":\"5 raons per posar-te implants dentals a l'Institut Maxil\u00b7lodental del Vall\u00e8s - IMaxilodental 5 raons per posar-te implants dentals a l'Institut Maxil\u00b7lodental del Vall\u00e8s\",\"isPartOf\":{\"@id\":\"https:\/\/imaxilodental.com\/#website\"},\"primaryImageOfPage\":{\"@id\":\"https:\/\/imaxilodental.com\/ca\/5-raons-per-posar-te-implants-dentals-a-linstitut-maxil%c2%b7lodental-del-valles\/#primaryimage\"},\"image\":{\"@id\":\"https:\/\/imaxilodental.com\/ca\/5-raons-per-posar-te-implants-dentals-a-linstitut-maxil%c2%b7lodental-del-valles\/#primaryimage\"},\"thumbnailUrl\":\"https:\/\/imaxilodental.com\/wp-content\/uploads\/2024\/04\/pic2.jpg\",\"datePublished\":\"2024-04-15T11:37:51+00:00\",\"dateModified\":\"2024-06-18T11:31:37+00:00\",\"author\":{\"@id\":\"https:\/\/imaxilodental.com\/#\/schema\/person\/0e2be65fe5c58a890def71626ff879eb\"},\"description\":\"5 raons per elegir l'Institut Maxil\u00b7lodental del Vall\u00e8s per a els teus implants dentals en Mollet del Vall\u00e8s.\",\"breadcrumb\":{\"@id\":\"https:\/\/imaxilodental.com\/ca\/5-raons-per-posar-te-implants-dentals-a-linstitut-maxil%c2%b7lodental-del-valles\/#breadcrumb\"},\"inLanguage\":\"ca\",\"potentialAction\":[{\"@type\":\"ReadAction\",\"target\":[\"https:\/\/imaxilodental.com\/ca\/5-raons-per-posar-te-implants-dentals-a-linstitut-maxil%c2%b7lodental-del-valles\/\"]}]},{\"@type\":\"ImageObject\",\"inLanguage\":\"ca\",\"@id\":\"https:\/\/imaxilodental.com\/ca\/5-raons-per-posar-te-implants-dentals-a-linstitut-maxil%c2%b7lodental-del-valles\/#primaryimage\",\"url\":\"https:\/\/imaxilodental.com\/wp-content\/uploads\/2024\/04\/pic2.jpg\",\"contentUrl\":\"https:\/\/imaxilodental.com\/wp-content\/uploads\/2024\/04\/pic2.jpg\",\"width\":680,\"height\":680},{\"@type\":\"BreadcrumbList\",\"@id\":\"https:\/\/imaxilodental.com\/ca\/5-raons-per-posar-te-implants-dentals-a-linstitut-maxil%c2%b7lodental-del-valles\/#breadcrumb\",\"itemListElement\":[{\"@type\":\"ListItem\",\"position\":1,\"name\":\"Portada\",\"item\":\"https:\/\/imaxilodental.com\/ca\/\"},{\"@type\":\"ListItem\",\"position\":2,\"name\":\"5 raons per posar-te implants dentals a l&#8217;Institut Maxil\u00b7lodental del Vall\u00e8s\"}]},{\"@type\":\"WebSite\",\"@id\":\"https:\/\/imaxilodental.com\/#website\",\"url\":\"https:\/\/imaxilodental.com\/\",\"name\":\"iMaxilodental\",\"description\":\"\",\"potentialAction\":[{\"@type\":\"SearchAction\",\"target\":{\"@type\":\"EntryPoint\",\"urlTemplate\":\"https:\/\/imaxilodental.com\/?s={search_term_string}\"},\"query-input\":{\"@type\":\"PropertyValueSpecification\",\"valueRequired\":true,\"valueName\":\"search_term_string\"}}],\"inLanguage\":\"ca\"},{\"@type\":\"Person\",\"@id\":\"https:\/\/imaxilodental.com\/#\/schema\/person\/0e2be65fe5c58a890def71626ff879eb\",\"name\":\"Institut Maxil\u00b7lodental\",\"image\":{\"@type\":\"ImageObject\",\"inLanguage\":\"ca\",\"@id\":\"https:\/\/secure.gravatar.com\/avatar\/dd77c6bb181e05063fd56a8b54fa4fc916d912b7ff5940a9b931c9f84fa29360?s=96&d=mm&r=g\",\"url\":\"https:\/\/secure.gravatar.com\/avatar\/dd77c6bb181e05063fd56a8b54fa4fc916d912b7ff5940a9b931c9f84fa29360?s=96&d=mm&r=g\",\"contentUrl\":\"https:\/\/secure.gravatar.com\/avatar\/dd77c6bb181e05063fd56a8b54fa4fc916d912b7ff5940a9b931c9f84fa29360?s=96&d=mm&r=g\",\"caption\":\"Institut Maxil\u00b7lodental\"},\"url\":\"https:\/\/imaxilodental.com\/ca\/author\/admin\/\"}]}<\/script>\n<!-- \/ Yoast SEO plugin. -->","yoast_head_json":{"title":"5 raons per posar-te implants dentals a l'Institut Maxil\u00b7lodental del Vall\u00e8s - IMaxilodental 5 raons per posar-te implants dentals a l'Institut Maxil\u00b7lodental del Vall\u00e8s","description":"5 raons per elegir l'Institut Maxil\u00b7lodental del Vall\u00e8s per a els teus implants dentals en Mollet del Vall\u00e8s.","robots":{"index":"index","follow":"follow","max-snippet":"max-snippet:-1","max-image-preview":"max-image-preview:large","max-video-preview":"max-video-preview:-1"},"canonical":"https:\/\/imaxilodental.com\/ca\/5-raons-per-posar-te-implants-dentals-a-linstitut-maxil\u00b7lodental-del-valles\/","og_locale":"ca_ES","og_type":"article","og_title":"5 raons per posar-te implants dentals a l'Institut Maxil\u00b7lodental del Vall\u00e8s - IMaxilodental 5 raons per posar-te implants dentals a l'Institut Maxil\u00b7lodental del Vall\u00e8s","og_description":"5 raons per elegir l'Institut Maxil\u00b7lodental del Vall\u00e8s per a els teus implants dentals en Mollet del Vall\u00e8s.","og_url":"https:\/\/imaxilodental.com\/ca\/5-raons-per-posar-te-implants-dentals-a-linstitut-maxil\u00b7lodental-del-valles\/","og_site_name":"iMaxilodental","article_published_time":"2024-04-15T11:37:51+00:00","article_modified_time":"2024-06-18T11:31:37+00:00","og_image":[{"width":680,"height":680,"url":"https:\/\/imaxilodental.com\/wp-content\/uploads\/2024\/04\/pic2.jpg","type":"image\/jpeg"}],"author":"Institut Maxil\u00b7lodental","twitter_misc":{"Escrit per":"Institut Maxil\u00b7lodental","Temps estimat de lectura":"3 minuts"},"schema":{"@context":"https:\/\/schema.org","@graph":[{"@type":"Article","@id":"https:\/\/imaxilodental.com\/ca\/5-raons-per-posar-te-implants-dentals-a-linstitut-maxil%c2%b7lodental-del-valles\/#article","isPartOf":{"@id":"https:\/\/imaxilodental.com\/ca\/5-raons-per-posar-te-implants-dentals-a-linstitut-maxil%c2%b7lodental-del-valles\/"},"author":{"name":"Institut Maxil\u00b7lodental","@id":"https:\/\/imaxilodental.com\/#\/schema\/person\/0e2be65fe5c58a890def71626ff879eb"},"headline":"5 raons per posar-te implants dentals a l&#8217;Institut Maxil\u00b7lodental del Vall\u00e8s","datePublished":"2024-04-15T11:37:51+00:00","dateModified":"2024-06-18T11:31:37+00:00","mainEntityOfPage":{"@id":"https:\/\/imaxilodental.com\/ca\/5-raons-per-posar-te-implants-dentals-a-linstitut-maxil%c2%b7lodental-del-valles\/"},"wordCount":438,"image":{"@id":"https:\/\/imaxilodental.com\/ca\/5-raons-per-posar-te-implants-dentals-a-linstitut-maxil%c2%b7lodental-del-valles\/#primaryimage"},"thumbnailUrl":"https:\/\/imaxilodental.com\/wp-content\/uploads\/2024\/04\/pic2.jpg","keywords":["implants"],"articleSection":["Actualitat","Implants dentals"],"inLanguage":"ca"},{"@type":"WebPage","@id":"https:\/\/imaxilodental.com\/ca\/5-raons-per-posar-te-implants-dentals-a-linstitut-maxil%c2%b7lodental-del-valles\/","url":"https:\/\/imaxilodental.com\/ca\/5-raons-per-posar-te-implants-dentals-a-linstitut-maxil%c2%b7lodental-del-valles\/","name":"5 raons per posar-te implants dentals a l'Institut Maxil\u00b7lodental del Vall\u00e8s - IMaxilodental 5 raons per posar-te implants dentals a l'Institut Maxil\u00b7lodental del Vall\u00e8s","isPartOf":{"@id":"https:\/\/imaxilodental.com\/#website"},"primaryImageOfPage":{"@id":"https:\/\/imaxilodental.com\/ca\/5-raons-per-posar-te-implants-dentals-a-linstitut-maxil%c2%b7lodental-del-valles\/#primaryimage"},"image":{"@id":"https:\/\/imaxilodental.com\/ca\/5-raons-per-posar-te-implants-dentals-a-linstitut-maxil%c2%b7lodental-del-valles\/#primaryimage"},"thumbnailUrl":"https:\/\/imaxilodental.com\/wp-content\/uploads\/2024\/04\/pic2.jpg","datePublished":"2024-04-15T11:37:51+00:00","dateModified":"2024-06-18T11:31:37+00:00","author":{"@id":"https:\/\/imaxilodental.com\/#\/schema\/person\/0e2be65fe5c58a890def71626ff879eb"},"description":"5 raons per elegir l'Institut Maxil\u00b7lodental del Vall\u00e8s per a els teus implants dentals en Mollet del Vall\u00e8s.","breadcrumb":{"@id":"https:\/\/imaxilodental.com\/ca\/5-raons-per-posar-te-implants-dentals-a-linstitut-maxil%c2%b7lodental-del-valles\/#breadcrumb"},"inLanguage":"ca","potentialAction":[{"@type":"ReadAction","target":["https:\/\/imaxilodental.com\/ca\/5-raons-per-posar-te-implants-dentals-a-linstitut-maxil%c2%b7lodental-del-valles\/"]}]},{"@type":"ImageObject","inLanguage":"ca","@id":"https:\/\/imaxilodental.com\/ca\/5-raons-per-posar-te-implants-dentals-a-linstitut-maxil%c2%b7lodental-del-valles\/#primaryimage","url":"https:\/\/imaxilodental.com\/wp-content\/uploads\/2024\/04\/pic2.jpg","contentUrl":"https:\/\/imaxilodental.com\/wp-content\/uploads\/2024\/04\/pic2.jpg","width":680,"height":680},{"@type":"BreadcrumbList","@id":"https:\/\/imaxilodental.com\/ca\/5-raons-per-posar-te-implants-dentals-a-linstitut-maxil%c2%b7lodental-del-valles\/#breadcrumb","itemListElement":[{"@type":"ListItem","position":1,"name":"Portada","item":"https:\/\/imaxilodental.com\/ca\/"},{"@type":"ListItem","position":2,"name":"5 raons per posar-te implants dentals a l&#8217;Institut Maxil\u00b7lodental del Vall\u00e8s"}]},{"@type":"WebSite","@id":"https:\/\/imaxilodental.com\/#website","url":"https:\/\/imaxilodental.com\/","name":"iMaxilodental","description":"","potentialAction":[{"@type":"SearchAction","target":{"@type":"EntryPoint","urlTemplate":"https:\/\/imaxilodental.com\/?s={search_term_string}"},"query-input":{"@type":"PropertyValueSpecification","valueRequired":true,"valueName":"search_term_string"}}],"inLanguage":"ca"},{"@type":"Person","@id":"https:\/\/imaxilodental.com\/#\/schema\/person\/0e2be65fe5c58a890def71626ff879eb","name":"Institut Maxil\u00b7lodental","image":{"@type":"ImageObject","inLanguage":"ca","@id":"https:\/\/secure.gravatar.com\/avatar\/dd77c6bb181e05063fd56a8b54fa4fc916d912b7ff5940a9b931c9f84fa29360?s=96&d=mm&r=g","url":"https:\/\/secure.gravatar.com\/avatar\/dd77c6bb181e05063fd56a8b54fa4fc916d912b7ff5940a9b931c9f84fa29360?s=96&d=mm&r=g","contentUrl":"https:\/\/secure.gravatar.com\/avatar\/dd77c6bb181e05063fd56a8b54fa4fc916d912b7ff5940a9b931c9f84fa29360?s=96&d=mm&r=g","caption":"Institut Maxil\u00b7lodental"},"url":"https:\/\/imaxilodental.com\/ca\/author\/admin\/"}]}},"meta_box":[],"_links":{"self":[{"href":"https:\/\/imaxilodental.com\/ca\/wp-json\/wp\/v2\/posts\/3377","targetHints":{"allow":["GET"]}}],"collection":[{"href":"https:\/\/imaxilodental.com\/ca\/wp-json\/wp\/v2\/posts"}],"about":[{"href":"https:\/\/imaxilodental.com\/ca\/wp-json\/wp\/v2\/types\/post"}],"author":[{"embeddable":true,"href":"https:\/\/imaxilodental.com\/ca\/wp-json\/wp\/v2\/users\/1"}],"replies":[{"embeddable":true,"href":"https:\/\/imaxilodental.com\/ca\/wp-json\/wp\/v2\/comments?post=3377"}],"version-history":[{"count":4,"href":"https:\/\/imaxilodental.com\/ca\/wp-json\/wp\/v2\/posts\/3377\/revisions"}],"predecessor-version":[{"id":3597,"href":"https:\/\/imaxilodental.com\/ca\/wp-json\/wp\/v2\/posts\/3377\/revisions\/3597"}],"wp:featuredmedia":[{"embeddable":true,"href":"https:\/\/imaxilodental.com\/ca\/wp-json\/wp\/v2\/media\/3379"}],"wp:attachment":[{"href":"https:\/\/imaxilodental.com\/ca\/wp-json\/wp\/v2\/media?parent=3377"}],"wp:term":[{"taxonomy":"category","embeddable":true,"href":"https:\/\/imaxilodental.com\/ca\/wp-json\/wp\/v2\/categories?post=3377"},{"taxonomy":"post_tag","embeddable":true,"href":"https:\/\/imaxilodental.com\/ca\/wp-json\/wp\/v2\/tags?post=3377"}],"curies":[{"name":"wp","href":"https:\/\/api.w.org\/{rel}","templated":true}]}}