{"id":3012,"date":"2023-05-22T09:17:58","date_gmt":"2023-05-22T09:17:58","guid":{"rendered":"https:\/\/imaxilodental.com\/?p=3012"},"modified":"2023-05-22T09:19:04","modified_gmt":"2023-05-22T09:19:04","slug":"que-es-el-blanquejament-dental-intern","status":"publish","type":"post","link":"https:\/\/imaxilodental.com\/ca\/que-es-el-blanquejament-dental-intern\/","title":{"rendered":"Qu\u00e8 \u00e9s el blanquejament dental intern?"},"content":{"rendered":"<p>El <strong>blanquejament intern de les dents<\/strong>, tamb\u00e9 conegut com a blanquejament vital o blanquejament endod\u00f2ntic, <strong>\u00e9s un procediment d&#8217;<a href=\"https:\/\/imaxilodental.com\/ca\/estetica-dental\/\" target=\"_blank\" rel=\"noopener\">est\u00e8tica dental<\/a> que s&#8217;utilitza per aclarir l&#8217;interior d&#8217;una dent que ha patit decoloraci\u00f3 a causa d&#8217;una lesi\u00f3 o trauma<\/strong>. A difer\u00e8ncia del blanquejament extern, que s&#8217;enfoca a la superf\u00edcie visible de la dent, el blanquejament intern<strong> aborda espec\u00edficament la decoloraci\u00f3 que es produeix dins de la dent<\/strong>.<\/p>\n<p>En aquest procediment, que sol ser realitzat per un dentista o endodoncista, es comen\u00e7a per eliminar qualsevol teixit infectat o malm\u00e8s de l&#8217;interior de la dent. Quan la dent ha estat netejada i desinfectada, es col\u00b7loca un agent blanquejador dins del mateix i es segella amb un empastament temporal. Aquest agent blanquejador, generalment un gel a base de per\u00f2xid, actua per blanquejar l&#8217;estructura interna de la dent que n&#8217;ha perdut la coloraci\u00f3 natural.<\/p>\n<p>El proc\u00e9s de blanquejament intern es duu a terme durant un per\u00edode de 1 a 2 setmanes, i durant aquest temps el pacient ha d&#8217;assistir a diverses cites amb el dentista. L&#8217;agent blanquejador es deixa al seu lloc durant diverses hores i despr\u00e9s es retira, sent reempla\u00e7at per una nova aplicaci\u00f3. Aquest proc\u00e9s es repeteix fins a assolir el nivell desitjat de blanquejament.<\/p>\n<p><img loading=\"lazy\" decoding=\"async\" class=\"wp-image-3002  alignleft\" src=\"https:\/\/imaxilodental.com\/wp-content\/uploads\/2023\/05\/iStock-1443316535.jpg\" alt=\"\" width=\"794\" height=\"529\" srcset=\"https:\/\/imaxilodental.com\/wp-content\/uploads\/2023\/05\/iStock-1443316535.jpg 1254w, https:\/\/imaxilodental.com\/wp-content\/uploads\/2023\/05\/iStock-1443316535-300x200.jpg 300w, https:\/\/imaxilodental.com\/wp-content\/uploads\/2023\/05\/iStock-1443316535-1024x683.jpg 1024w, https:\/\/imaxilodental.com\/wp-content\/uploads\/2023\/05\/iStock-1443316535-768x512.jpg 768w, https:\/\/imaxilodental.com\/wp-content\/uploads\/2023\/05\/iStock-1443316535-560x372.jpg 560w, https:\/\/imaxilodental.com\/wp-content\/uploads\/2023\/05\/iStock-1443316535-212x140.jpg 212w\" sizes=\"auto, (max-width: 794px) 100vw, 794px\" \/><\/p>\n<p><strong>El blanquejament intern de les dents pot ser una excel\u00b7lent opci\u00f3 per millorar l&#8217;aparen\u00e7a d&#8217;una dent descolorida, i en molts casos pot evitar la necessitat d&#8217;extreure la dent.<\/strong> Tot i aix\u00f2, \u00e9s important tenir en compte que no tots els casos s\u00f3n adequats per a aquest procediment, per la qual cosa \u00e9s essencial consultar amb un dentista o endodoncista per determinar si el blanquejament intern \u00e9s la millor opci\u00f3 en cada situaci\u00f3 particular.<\/p>\n<p>Un dels principals avantatges del blanquejament intern \u00e9s que <strong>pot ser m\u00e9s efectiu que el blanquejament extern en casos de decoloraci\u00f3 causada per lesions o traumes. A m\u00e9s, sol generar menys sensibilitat dental que el blanquejament ex<\/strong>tern, el qual pot causar mol\u00e8sties i sensibilitat a les dents.<\/p>\n<p>\u00c9s important tenir en compte que el blanquejament intern de les dents \u00e9s un procediment que s&#8217;ha de fer m\u00e9s d&#8217;una vegada i que per mantenir els resultats a llarg termini, \u00e9s fonamental mantenir una bona higiene oral, raspallar-se les dents adequadament i acudir regularment a revisions dentals .<\/p>\n<blockquote>\n<p><strong>En conclusi\u00f3, el blanquejament intern de les dents pot ser una alternativa efectiva a lextracci\u00f3 dental i ofereix resultats duradors.<\/strong><\/p>\n<\/blockquote>\n<p>Tot i aix\u00f2, cal consultar amb un dentista o endodoncista per determinar si \u00e9s l&#8217;opci\u00f3 adequada en cada cas. Recorda mantenir una bona higiene oral i anar a revisions dentals peri\u00f2diques per mantenir els resultats del blanquejament a llarg termini.<\/p>\n","protected":false},"excerpt":{"rendered":"<p>El blanquejament intern de les dents, tamb\u00e9 conegut com a blanquejament vital o blanquejament endod\u00f2ntic, \u00e9s un procediment d&#8217;est\u00e8tica dental que s&#8217;utilitza per aclarir l&#8217;interior d&#8217;una dent que ha patit decoloraci\u00f3 a causa d&#8217;una lesi\u00f3 o trauma. A difer\u00e8ncia del blanquejament extern, que s&#8217;enfoca a la superf\u00edcie visible de la dent, el blanquejament intern aborda [&hellip;]<\/p>\n","protected":false},"author":1,"featured_media":3004,"comment_status":"closed","ping_status":"closed","sticky":false,"template":"","format":"standard","meta":{"footnotes":""},"categories":[10],"tags":[100,25],"class_list":["post-3012","post","type-post","status-publish","format-standard","has-post-thumbnail","hentry","category-actualitat","tag-blanquejament","tag-estetica-dental"],"yoast_head":"<!-- This site is optimized with the Yoast SEO plugin v27.2 - https:\/\/yoast.com\/product\/yoast-seo-wordpress\/ -->\n<title>Qu\u00e8 \u00e9s el blanquejament dental intern? - IMaxilodental Qu\u00e8 \u00e9s el blanquejament dental intern?<\/title>\n<meta name=\"robots\" content=\"index, follow, max-snippet:-1, max-image-preview:large, max-video-preview:-1\" \/>\n<link rel=\"canonical\" href=\"https:\/\/imaxilodental.com\/ca\/que-es-el-blanquejament-dental-intern\/\" \/>\n<meta property=\"og:locale\" content=\"ca_ES\" \/>\n<meta property=\"og:type\" content=\"article\" \/>\n<meta property=\"og:title\" content=\"Qu\u00e8 \u00e9s el blanquejament dental intern? - IMaxilodental Qu\u00e8 \u00e9s el blanquejament dental intern?\" \/>\n<meta property=\"og:description\" content=\"El blanquejament intern de les dents, tamb\u00e9 conegut com a blanquejament vital o blanquejament endod\u00f2ntic, \u00e9s un procediment d&#8217;est\u00e8tica dental que s&#8217;utilitza per aclarir l&#8217;interior d&#8217;una dent que ha patit decoloraci\u00f3 a causa d&#8217;una lesi\u00f3 o trauma. A difer\u00e8ncia del blanquejament extern, que s&#8217;enfoca a la superf\u00edcie visible de la dent, el blanquejament intern aborda [&hellip;]\" \/>\n<meta property=\"og:url\" content=\"https:\/\/imaxilodental.com\/ca\/que-es-el-blanquejament-dental-intern\/\" \/>\n<meta property=\"og:site_name\" content=\"iMaxilodental\" \/>\n<meta property=\"article:published_time\" content=\"2023-05-22T09:17:58+00:00\" \/>\n<meta property=\"article:modified_time\" content=\"2023-05-22T09:19:04+00:00\" \/>\n<meta property=\"og:image\" content=\"https:\/\/imaxilodental.com\/wp-content\/uploads\/2023\/05\/iStock-1358558288.jpg\" \/>\n\t<meta property=\"og:image:width\" content=\"635\" \/>\n\t<meta property=\"og:image:height\" content=\"635\" \/>\n\t<meta property=\"og:image:type\" content=\"image\/jpeg\" \/>\n<meta name=\"author\" content=\"Institut Maxil\u00b7lodental\" \/>\n<meta name=\"twitter:label1\" content=\"Escrit per\" \/>\n\t<meta name=\"twitter:data1\" content=\"Institut Maxil\u00b7lodental\" \/>\n\t<meta name=\"twitter:label2\" content=\"Temps estimat de lectura\" \/>\n\t<meta name=\"twitter:data2\" content=\"3 minuts\" \/>\n<script type=\"application\/ld+json\" class=\"yoast-schema-graph\">{\"@context\":\"https:\/\/schema.org\",\"@graph\":[{\"@type\":\"Article\",\"@id\":\"https:\/\/imaxilodental.com\/ca\/que-es-el-blanquejament-dental-intern\/#article\",\"isPartOf\":{\"@id\":\"https:\/\/imaxilodental.com\/ca\/que-es-el-blanquejament-dental-intern\/\"},\"author\":{\"name\":\"Institut Maxil\u00b7lodental\",\"@id\":\"https:\/\/imaxilodental.com\/#\/schema\/person\/0e2be65fe5c58a890def71626ff879eb\"},\"headline\":\"Qu\u00e8 \u00e9s el blanquejament dental intern?\",\"datePublished\":\"2023-05-22T09:17:58+00:00\",\"dateModified\":\"2023-05-22T09:19:04+00:00\",\"mainEntityOfPage\":{\"@id\":\"https:\/\/imaxilodental.com\/ca\/que-es-el-blanquejament-dental-intern\/\"},\"wordCount\":472,\"image\":{\"@id\":\"https:\/\/imaxilodental.com\/ca\/que-es-el-blanquejament-dental-intern\/#primaryimage\"},\"thumbnailUrl\":\"https:\/\/imaxilodental.com\/wp-content\/uploads\/2023\/05\/iStock-1358558288.jpg\",\"keywords\":[\"blanquejament\",\"est\u00e9tica dental\"],\"articleSection\":[\"Actualitat\"],\"inLanguage\":\"ca\"},{\"@type\":\"WebPage\",\"@id\":\"https:\/\/imaxilodental.com\/ca\/que-es-el-blanquejament-dental-intern\/\",\"url\":\"https:\/\/imaxilodental.com\/ca\/que-es-el-blanquejament-dental-intern\/\",\"name\":\"Qu\u00e8 \u00e9s el blanquejament dental intern? - IMaxilodental Qu\u00e8 \u00e9s el blanquejament dental intern?\",\"isPartOf\":{\"@id\":\"https:\/\/imaxilodental.com\/#website\"},\"primaryImageOfPage\":{\"@id\":\"https:\/\/imaxilodental.com\/ca\/que-es-el-blanquejament-dental-intern\/#primaryimage\"},\"image\":{\"@id\":\"https:\/\/imaxilodental.com\/ca\/que-es-el-blanquejament-dental-intern\/#primaryimage\"},\"thumbnailUrl\":\"https:\/\/imaxilodental.com\/wp-content\/uploads\/2023\/05\/iStock-1358558288.jpg\",\"datePublished\":\"2023-05-22T09:17:58+00:00\",\"dateModified\":\"2023-05-22T09:19:04+00:00\",\"author\":{\"@id\":\"https:\/\/imaxilodental.com\/#\/schema\/person\/0e2be65fe5c58a890def71626ff879eb\"},\"breadcrumb\":{\"@id\":\"https:\/\/imaxilodental.com\/ca\/que-es-el-blanquejament-dental-intern\/#breadcrumb\"},\"inLanguage\":\"ca\",\"potentialAction\":[{\"@type\":\"ReadAction\",\"target\":[\"https:\/\/imaxilodental.com\/ca\/que-es-el-blanquejament-dental-intern\/\"]}]},{\"@type\":\"ImageObject\",\"inLanguage\":\"ca\",\"@id\":\"https:\/\/imaxilodental.com\/ca\/que-es-el-blanquejament-dental-intern\/#primaryimage\",\"url\":\"https:\/\/imaxilodental.com\/wp-content\/uploads\/2023\/05\/iStock-1358558288.jpg\",\"contentUrl\":\"https:\/\/imaxilodental.com\/wp-content\/uploads\/2023\/05\/iStock-1358558288.jpg\",\"width\":635,\"height\":635,\"caption\":\"Cropped shot of a young woman showing shows yellow fangs isolated on a white background. Dark tooth enamel, contrast. Dentistry, dental care\"},{\"@type\":\"BreadcrumbList\",\"@id\":\"https:\/\/imaxilodental.com\/ca\/que-es-el-blanquejament-dental-intern\/#breadcrumb\",\"itemListElement\":[{\"@type\":\"ListItem\",\"position\":1,\"name\":\"Portada\",\"item\":\"https:\/\/imaxilodental.com\/ca\/\"},{\"@type\":\"ListItem\",\"position\":2,\"name\":\"Qu\u00e8 \u00e9s el blanquejament dental intern?\"}]},{\"@type\":\"WebSite\",\"@id\":\"https:\/\/imaxilodental.com\/#website\",\"url\":\"https:\/\/imaxilodental.com\/\",\"name\":\"iMaxilodental\",\"description\":\"\",\"potentialAction\":[{\"@type\":\"SearchAction\",\"target\":{\"@type\":\"EntryPoint\",\"urlTemplate\":\"https:\/\/imaxilodental.com\/?s={search_term_string}\"},\"query-input\":{\"@type\":\"PropertyValueSpecification\",\"valueRequired\":true,\"valueName\":\"search_term_string\"}}],\"inLanguage\":\"ca\"},{\"@type\":\"Person\",\"@id\":\"https:\/\/imaxilodental.com\/#\/schema\/person\/0e2be65fe5c58a890def71626ff879eb\",\"name\":\"Institut Maxil\u00b7lodental\",\"image\":{\"@type\":\"ImageObject\",\"inLanguage\":\"ca\",\"@id\":\"https:\/\/secure.gravatar.com\/avatar\/dd77c6bb181e05063fd56a8b54fa4fc916d912b7ff5940a9b931c9f84fa29360?s=96&d=mm&r=g\",\"url\":\"https:\/\/secure.gravatar.com\/avatar\/dd77c6bb181e05063fd56a8b54fa4fc916d912b7ff5940a9b931c9f84fa29360?s=96&d=mm&r=g\",\"contentUrl\":\"https:\/\/secure.gravatar.com\/avatar\/dd77c6bb181e05063fd56a8b54fa4fc916d912b7ff5940a9b931c9f84fa29360?s=96&d=mm&r=g\",\"caption\":\"Institut Maxil\u00b7lodental\"},\"url\":\"https:\/\/imaxilodental.com\/ca\/author\/admin\/\"}]}<\/script>\n<!-- \/ Yoast SEO plugin. -->","yoast_head_json":{"title":"Qu\u00e8 \u00e9s el blanquejament dental intern? - IMaxilodental Qu\u00e8 \u00e9s el blanquejament dental intern?","robots":{"index":"index","follow":"follow","max-snippet":"max-snippet:-1","max-image-preview":"max-image-preview:large","max-video-preview":"max-video-preview:-1"},"canonical":"https:\/\/imaxilodental.com\/ca\/que-es-el-blanquejament-dental-intern\/","og_locale":"ca_ES","og_type":"article","og_title":"Qu\u00e8 \u00e9s el blanquejament dental intern? - IMaxilodental Qu\u00e8 \u00e9s el blanquejament dental intern?","og_description":"El blanquejament intern de les dents, tamb\u00e9 conegut com a blanquejament vital o blanquejament endod\u00f2ntic, \u00e9s un procediment d&#8217;est\u00e8tica dental que s&#8217;utilitza per aclarir l&#8217;interior d&#8217;una dent que ha patit decoloraci\u00f3 a causa d&#8217;una lesi\u00f3 o trauma. A difer\u00e8ncia del blanquejament extern, que s&#8217;enfoca a la superf\u00edcie visible de la dent, el blanquejament intern aborda [&hellip;]","og_url":"https:\/\/imaxilodental.com\/ca\/que-es-el-blanquejament-dental-intern\/","og_site_name":"iMaxilodental","article_published_time":"2023-05-22T09:17:58+00:00","article_modified_time":"2023-05-22T09:19:04+00:00","og_image":[{"width":635,"height":635,"url":"https:\/\/imaxilodental.com\/wp-content\/uploads\/2023\/05\/iStock-1358558288.jpg","type":"image\/jpeg"}],"author":"Institut Maxil\u00b7lodental","twitter_misc":{"Escrit per":"Institut Maxil\u00b7lodental","Temps estimat de lectura":"3 minuts"},"schema":{"@context":"https:\/\/schema.org","@graph":[{"@type":"Article","@id":"https:\/\/imaxilodental.com\/ca\/que-es-el-blanquejament-dental-intern\/#article","isPartOf":{"@id":"https:\/\/imaxilodental.com\/ca\/que-es-el-blanquejament-dental-intern\/"},"author":{"name":"Institut Maxil\u00b7lodental","@id":"https:\/\/imaxilodental.com\/#\/schema\/person\/0e2be65fe5c58a890def71626ff879eb"},"headline":"Qu\u00e8 \u00e9s el blanquejament dental intern?","datePublished":"2023-05-22T09:17:58+00:00","dateModified":"2023-05-22T09:19:04+00:00","mainEntityOfPage":{"@id":"https:\/\/imaxilodental.com\/ca\/que-es-el-blanquejament-dental-intern\/"},"wordCount":472,"image":{"@id":"https:\/\/imaxilodental.com\/ca\/que-es-el-blanquejament-dental-intern\/#primaryimage"},"thumbnailUrl":"https:\/\/imaxilodental.com\/wp-content\/uploads\/2023\/05\/iStock-1358558288.jpg","keywords":["blanquejament","est\u00e9tica dental"],"articleSection":["Actualitat"],"inLanguage":"ca"},{"@type":"WebPage","@id":"https:\/\/imaxilodental.com\/ca\/que-es-el-blanquejament-dental-intern\/","url":"https:\/\/imaxilodental.com\/ca\/que-es-el-blanquejament-dental-intern\/","name":"Qu\u00e8 \u00e9s el blanquejament dental intern? - IMaxilodental Qu\u00e8 \u00e9s el blanquejament dental intern?","isPartOf":{"@id":"https:\/\/imaxilodental.com\/#website"},"primaryImageOfPage":{"@id":"https:\/\/imaxilodental.com\/ca\/que-es-el-blanquejament-dental-intern\/#primaryimage"},"image":{"@id":"https:\/\/imaxilodental.com\/ca\/que-es-el-blanquejament-dental-intern\/#primaryimage"},"thumbnailUrl":"https:\/\/imaxilodental.com\/wp-content\/uploads\/2023\/05\/iStock-1358558288.jpg","datePublished":"2023-05-22T09:17:58+00:00","dateModified":"2023-05-22T09:19:04+00:00","author":{"@id":"https:\/\/imaxilodental.com\/#\/schema\/person\/0e2be65fe5c58a890def71626ff879eb"},"breadcrumb":{"@id":"https:\/\/imaxilodental.com\/ca\/que-es-el-blanquejament-dental-intern\/#breadcrumb"},"inLanguage":"ca","potentialAction":[{"@type":"ReadAction","target":["https:\/\/imaxilodental.com\/ca\/que-es-el-blanquejament-dental-intern\/"]}]},{"@type":"ImageObject","inLanguage":"ca","@id":"https:\/\/imaxilodental.com\/ca\/que-es-el-blanquejament-dental-intern\/#primaryimage","url":"https:\/\/imaxilodental.com\/wp-content\/uploads\/2023\/05\/iStock-1358558288.jpg","contentUrl":"https:\/\/imaxilodental.com\/wp-content\/uploads\/2023\/05\/iStock-1358558288.jpg","width":635,"height":635,"caption":"Cropped shot of a young woman showing shows yellow fangs isolated on a white background. Dark tooth enamel, contrast. Dentistry, dental care"},{"@type":"BreadcrumbList","@id":"https:\/\/imaxilodental.com\/ca\/que-es-el-blanquejament-dental-intern\/#breadcrumb","itemListElement":[{"@type":"ListItem","position":1,"name":"Portada","item":"https:\/\/imaxilodental.com\/ca\/"},{"@type":"ListItem","position":2,"name":"Qu\u00e8 \u00e9s el blanquejament dental intern?"}]},{"@type":"WebSite","@id":"https:\/\/imaxilodental.com\/#website","url":"https:\/\/imaxilodental.com\/","name":"iMaxilodental","description":"","potentialAction":[{"@type":"SearchAction","target":{"@type":"EntryPoint","urlTemplate":"https:\/\/imaxilodental.com\/?s={search_term_string}"},"query-input":{"@type":"PropertyValueSpecification","valueRequired":true,"valueName":"search_term_string"}}],"inLanguage":"ca"},{"@type":"Person","@id":"https:\/\/imaxilodental.com\/#\/schema\/person\/0e2be65fe5c58a890def71626ff879eb","name":"Institut Maxil\u00b7lodental","image":{"@type":"ImageObject","inLanguage":"ca","@id":"https:\/\/secure.gravatar.com\/avatar\/dd77c6bb181e05063fd56a8b54fa4fc916d912b7ff5940a9b931c9f84fa29360?s=96&d=mm&r=g","url":"https:\/\/secure.gravatar.com\/avatar\/dd77c6bb181e05063fd56a8b54fa4fc916d912b7ff5940a9b931c9f84fa29360?s=96&d=mm&r=g","contentUrl":"https:\/\/secure.gravatar.com\/avatar\/dd77c6bb181e05063fd56a8b54fa4fc916d912b7ff5940a9b931c9f84fa29360?s=96&d=mm&r=g","caption":"Institut Maxil\u00b7lodental"},"url":"https:\/\/imaxilodental.com\/ca\/author\/admin\/"}]}},"meta_box":[],"_links":{"self":[{"href":"https:\/\/imaxilodental.com\/ca\/wp-json\/wp\/v2\/posts\/3012","targetHints":{"allow":["GET"]}}],"collection":[{"href":"https:\/\/imaxilodental.com\/ca\/wp-json\/wp\/v2\/posts"}],"about":[{"href":"https:\/\/imaxilodental.com\/ca\/wp-json\/wp\/v2\/types\/post"}],"author":[{"embeddable":true,"href":"https:\/\/imaxilodental.com\/ca\/wp-json\/wp\/v2\/users\/1"}],"replies":[{"embeddable":true,"href":"https:\/\/imaxilodental.com\/ca\/wp-json\/wp\/v2\/comments?post=3012"}],"version-history":[{"count":3,"href":"https:\/\/imaxilodental.com\/ca\/wp-json\/wp\/v2\/posts\/3012\/revisions"}],"predecessor-version":[{"id":3015,"href":"https:\/\/imaxilodental.com\/ca\/wp-json\/wp\/v2\/posts\/3012\/revisions\/3015"}],"wp:featuredmedia":[{"embeddable":true,"href":"https:\/\/imaxilodental.com\/ca\/wp-json\/wp\/v2\/media\/3004"}],"wp:attachment":[{"href":"https:\/\/imaxilodental.com\/ca\/wp-json\/wp\/v2\/media?parent=3012"}],"wp:term":[{"taxonomy":"category","embeddable":true,"href":"https:\/\/imaxilodental.com\/ca\/wp-json\/wp\/v2\/categories?post=3012"},{"taxonomy":"post_tag","embeddable":true,"href":"https:\/\/imaxilodental.com\/ca\/wp-json\/wp\/v2\/tags?post=3012"}],"curies":[{"name":"wp","href":"https:\/\/api.w.org\/{rel}","templated":true}]}}