{"id":2970,"date":"2023-03-13T10:42:06","date_gmt":"2023-03-13T10:42:06","guid":{"rendered":"https:\/\/imaxilodental.com\/?p=2970"},"modified":"2023-03-13T10:42:06","modified_gmt":"2023-03-13T10:42:06","slug":"es-trenquen-facilment-les-facetes-dentals","status":"publish","type":"post","link":"https:\/\/imaxilodental.com\/ca\/es-trenquen-facilment-les-facetes-dentals\/","title":{"rendered":"Es trenquen f\u00e0cilment les facetes dentals?"},"content":{"rendered":"<p>Les<strong> facetes dentals<\/strong> s\u00f3n una opci\u00f3 popular per a aquells que volen millorar l&#8217;aparen\u00e7a de les dents. S\u00f3n l\u00e0mines primes de porcellana o resina composta que es col\u00b7loquen sobre les dents per millorar-ne la forma, la mida, el color i l&#8217;aparen\u00e7a en general.<\/p>\n<blockquote>\n<p><strong>Les facetes dentals s\u00f3n una soluci\u00f3 est\u00e8tica efectiva i duradora per a una \u00e0mplia varietat de problemes dentals, des de taques i decoloraci\u00f3 fins a dents desgastades, desalineades o amb espais entre ells.<\/strong><\/p>\n<\/blockquote>\n<p>Per\u00f2, s\u00f3n propenses a trencar-se? La resposta \u00e9s que, com qualsevol altra cosa a la vida, <strong>les facetes dentals poden patir danys si no es cuiden adequadament o se sotmeten a una for\u00e7a excessiva.<\/strong><\/p>\n<p>Les facetes dentals s\u00f3n molt duradores i resistents si es col\u00b7loquen correctament i es cuiden adequadament. No obstant aix\u00f2, hi ha certs h\u00e0bits i situacions que poden debilitar-les, com mossegar aliments durs, mastegar gel, usar les dents com a eines, pr\u00e9mer o grinyolar les dents, i lesions bucals.<\/p>\n<p>\u00c9s important seguir les instruccions de cura proporcionades pel seu dentista per assegurar que les facetes dentals durin tant com sigui possible. Aix\u00f2 inclou:<\/p>\n<ul>\n<li>Raspallar-se i utilitzar fil dental regularment<\/li>\n<li>Evitar mossegar aliments durs i enganxosos<\/li>\n<li>Usar un protector bucal per a esports de contacte<\/li>\n<li>Visitar el seu dentista regularment per a revisions i neteges<\/li>\n<\/ul>\n<p>En resum, <strong>les facetes dentals s\u00f3n una opci\u00f3 est\u00e8tica duradora i resistent si es col\u00b7loquen correctament i es cuiden adequadament<\/strong>. Amb una cura adequada i evitant certs h\u00e0bits, les facetes dentals poden durar molts anys sense trencar-se.<\/p>\n<p>No obstant aix\u00f2, si alguna carilla dental es trenca o cau, no intenteu enganxar la carilla dental vost\u00e8 mateix, ja que aix\u00f2 pot danyar la seva dent i empitjorar la situaci\u00f3. \u00c9s important posar-se en contacte amb el seu dentista com m\u00e9s aviat millor perqu\u00e8 pugui reparar-la o reempla\u00e7ar-la segons calgui.<\/p>\n","protected":false},"excerpt":{"rendered":"<p>Les facetes dentals s\u00f3n una opci\u00f3 popular per a aquells que volen millorar l&#8217;aparen\u00e7a de les dents. S\u00f3n l\u00e0mines primes de porcellana o resina composta que es col\u00b7loquen sobre les dents per millorar-ne la forma, la mida, el color i l&#8217;aparen\u00e7a en general. Les facetes dentals s\u00f3n una soluci\u00f3 est\u00e8tica efectiva i duradora per a [&hellip;]<\/p>\n","protected":false},"author":1,"featured_media":2969,"comment_status":"closed","ping_status":"closed","sticky":false,"template":"","format":"standard","meta":{"footnotes":""},"categories":[10],"tags":[25,98],"class_list":["post-2970","post","type-post","status-publish","format-standard","has-post-thumbnail","hentry","category-actualitat","tag-estetica-dental","tag-facetes-dentals"],"yoast_head":"<!-- This site is optimized with the Yoast SEO plugin v27.2 - https:\/\/yoast.com\/product\/yoast-seo-wordpress\/ -->\n<title>Es trenquen f\u00e0cilment les facetes dentals? - IMaxilodental Es trenquen f\u00e0cilment les facetes dentals?<\/title>\n<meta name=\"robots\" content=\"index, follow, max-snippet:-1, max-image-preview:large, max-video-preview:-1\" \/>\n<link rel=\"canonical\" href=\"https:\/\/imaxilodental.com\/ca\/es-trenquen-facilment-les-facetes-dentals\/\" \/>\n<meta property=\"og:locale\" content=\"ca_ES\" \/>\n<meta property=\"og:type\" content=\"article\" \/>\n<meta property=\"og:title\" content=\"Es trenquen f\u00e0cilment les facetes dentals? - IMaxilodental Es trenquen f\u00e0cilment les facetes dentals?\" \/>\n<meta property=\"og:description\" content=\"Les facetes dentals s\u00f3n una opci\u00f3 popular per a aquells que volen millorar l&#8217;aparen\u00e7a de les dents. S\u00f3n l\u00e0mines primes de porcellana o resina composta que es col\u00b7loquen sobre les dents per millorar-ne la forma, la mida, el color i l&#8217;aparen\u00e7a en general. Les facetes dentals s\u00f3n una soluci\u00f3 est\u00e8tica efectiva i duradora per a [&hellip;]\" \/>\n<meta property=\"og:url\" content=\"https:\/\/imaxilodental.com\/ca\/es-trenquen-facilment-les-facetes-dentals\/\" \/>\n<meta property=\"og:site_name\" content=\"iMaxilodental\" \/>\n<meta property=\"article:published_time\" content=\"2023-03-13T10:42:06+00:00\" \/>\n<meta property=\"og:image\" content=\"https:\/\/imaxilodental.com\/wp-content\/uploads\/2023\/03\/iStock-1182027544-1.jpg\" \/>\n\t<meta property=\"og:image:width\" content=\"635\" \/>\n\t<meta property=\"og:image:height\" content=\"635\" \/>\n\t<meta property=\"og:image:type\" content=\"image\/jpeg\" \/>\n<meta name=\"author\" content=\"Institut Maxil\u00b7lodental\" \/>\n<meta name=\"twitter:label1\" content=\"Escrit per\" \/>\n\t<meta name=\"twitter:data1\" content=\"Institut Maxil\u00b7lodental\" \/>\n\t<meta name=\"twitter:label2\" content=\"Temps estimat de lectura\" \/>\n\t<meta name=\"twitter:data2\" content=\"2 minuts\" \/>\n<script type=\"application\/ld+json\" class=\"yoast-schema-graph\">{\"@context\":\"https:\/\/schema.org\",\"@graph\":[{\"@type\":\"Article\",\"@id\":\"https:\/\/imaxilodental.com\/ca\/es-trenquen-facilment-les-facetes-dentals\/#article\",\"isPartOf\":{\"@id\":\"https:\/\/imaxilodental.com\/ca\/es-trenquen-facilment-les-facetes-dentals\/\"},\"author\":{\"name\":\"Institut Maxil\u00b7lodental\",\"@id\":\"https:\/\/imaxilodental.com\/#\/schema\/person\/0e2be65fe5c58a890def71626ff879eb\"},\"headline\":\"Es trenquen f\u00e0cilment les facetes dentals?\",\"datePublished\":\"2023-03-13T10:42:06+00:00\",\"mainEntityOfPage\":{\"@id\":\"https:\/\/imaxilodental.com\/ca\/es-trenquen-facilment-les-facetes-dentals\/\"},\"wordCount\":330,\"image\":{\"@id\":\"https:\/\/imaxilodental.com\/ca\/es-trenquen-facilment-les-facetes-dentals\/#primaryimage\"},\"thumbnailUrl\":\"https:\/\/imaxilodental.com\/wp-content\/uploads\/2023\/03\/iStock-1182027544-1.jpg\",\"keywords\":[\"est\u00e9tica dental\",\"facetes dentals\"],\"articleSection\":[\"Actualitat\"],\"inLanguage\":\"ca\"},{\"@type\":\"WebPage\",\"@id\":\"https:\/\/imaxilodental.com\/ca\/es-trenquen-facilment-les-facetes-dentals\/\",\"url\":\"https:\/\/imaxilodental.com\/ca\/es-trenquen-facilment-les-facetes-dentals\/\",\"name\":\"Es trenquen f\u00e0cilment les facetes dentals? - IMaxilodental Es trenquen f\u00e0cilment les facetes dentals?\",\"isPartOf\":{\"@id\":\"https:\/\/imaxilodental.com\/#website\"},\"primaryImageOfPage\":{\"@id\":\"https:\/\/imaxilodental.com\/ca\/es-trenquen-facilment-les-facetes-dentals\/#primaryimage\"},\"image\":{\"@id\":\"https:\/\/imaxilodental.com\/ca\/es-trenquen-facilment-les-facetes-dentals\/#primaryimage\"},\"thumbnailUrl\":\"https:\/\/imaxilodental.com\/wp-content\/uploads\/2023\/03\/iStock-1182027544-1.jpg\",\"datePublished\":\"2023-03-13T10:42:06+00:00\",\"author\":{\"@id\":\"https:\/\/imaxilodental.com\/#\/schema\/person\/0e2be65fe5c58a890def71626ff879eb\"},\"breadcrumb\":{\"@id\":\"https:\/\/imaxilodental.com\/ca\/es-trenquen-facilment-les-facetes-dentals\/#breadcrumb\"},\"inLanguage\":\"ca\",\"potentialAction\":[{\"@type\":\"ReadAction\",\"target\":[\"https:\/\/imaxilodental.com\/ca\/es-trenquen-facilment-les-facetes-dentals\/\"]}]},{\"@type\":\"ImageObject\",\"inLanguage\":\"ca\",\"@id\":\"https:\/\/imaxilodental.com\/ca\/es-trenquen-facilment-les-facetes-dentals\/#primaryimage\",\"url\":\"https:\/\/imaxilodental.com\/wp-content\/uploads\/2023\/03\/iStock-1182027544-1.jpg\",\"contentUrl\":\"https:\/\/imaxilodental.com\/wp-content\/uploads\/2023\/03\/iStock-1182027544-1.jpg\",\"width\":635,\"height\":635,\"caption\":\"Veneer installation procedure over central incisor and lateral incisor. Medically accurate tooth 3D illustration\"},{\"@type\":\"BreadcrumbList\",\"@id\":\"https:\/\/imaxilodental.com\/ca\/es-trenquen-facilment-les-facetes-dentals\/#breadcrumb\",\"itemListElement\":[{\"@type\":\"ListItem\",\"position\":1,\"name\":\"Portada\",\"item\":\"https:\/\/imaxilodental.com\/ca\/\"},{\"@type\":\"ListItem\",\"position\":2,\"name\":\"Es trenquen f\u00e0cilment les facetes dentals?\"}]},{\"@type\":\"WebSite\",\"@id\":\"https:\/\/imaxilodental.com\/#website\",\"url\":\"https:\/\/imaxilodental.com\/\",\"name\":\"iMaxilodental\",\"description\":\"\",\"potentialAction\":[{\"@type\":\"SearchAction\",\"target\":{\"@type\":\"EntryPoint\",\"urlTemplate\":\"https:\/\/imaxilodental.com\/?s={search_term_string}\"},\"query-input\":{\"@type\":\"PropertyValueSpecification\",\"valueRequired\":true,\"valueName\":\"search_term_string\"}}],\"inLanguage\":\"ca\"},{\"@type\":\"Person\",\"@id\":\"https:\/\/imaxilodental.com\/#\/schema\/person\/0e2be65fe5c58a890def71626ff879eb\",\"name\":\"Institut Maxil\u00b7lodental\",\"image\":{\"@type\":\"ImageObject\",\"inLanguage\":\"ca\",\"@id\":\"https:\/\/secure.gravatar.com\/avatar\/dd77c6bb181e05063fd56a8b54fa4fc916d912b7ff5940a9b931c9f84fa29360?s=96&d=mm&r=g\",\"url\":\"https:\/\/secure.gravatar.com\/avatar\/dd77c6bb181e05063fd56a8b54fa4fc916d912b7ff5940a9b931c9f84fa29360?s=96&d=mm&r=g\",\"contentUrl\":\"https:\/\/secure.gravatar.com\/avatar\/dd77c6bb181e05063fd56a8b54fa4fc916d912b7ff5940a9b931c9f84fa29360?s=96&d=mm&r=g\",\"caption\":\"Institut Maxil\u00b7lodental\"},\"url\":\"https:\/\/imaxilodental.com\/ca\/author\/admin\/\"}]}<\/script>\n<!-- \/ Yoast SEO plugin. -->","yoast_head_json":{"title":"Es trenquen f\u00e0cilment les facetes dentals? - IMaxilodental Es trenquen f\u00e0cilment les facetes dentals?","robots":{"index":"index","follow":"follow","max-snippet":"max-snippet:-1","max-image-preview":"max-image-preview:large","max-video-preview":"max-video-preview:-1"},"canonical":"https:\/\/imaxilodental.com\/ca\/es-trenquen-facilment-les-facetes-dentals\/","og_locale":"ca_ES","og_type":"article","og_title":"Es trenquen f\u00e0cilment les facetes dentals? - IMaxilodental Es trenquen f\u00e0cilment les facetes dentals?","og_description":"Les facetes dentals s\u00f3n una opci\u00f3 popular per a aquells que volen millorar l&#8217;aparen\u00e7a de les dents. S\u00f3n l\u00e0mines primes de porcellana o resina composta que es col\u00b7loquen sobre les dents per millorar-ne la forma, la mida, el color i l&#8217;aparen\u00e7a en general. Les facetes dentals s\u00f3n una soluci\u00f3 est\u00e8tica efectiva i duradora per a [&hellip;]","og_url":"https:\/\/imaxilodental.com\/ca\/es-trenquen-facilment-les-facetes-dentals\/","og_site_name":"iMaxilodental","article_published_time":"2023-03-13T10:42:06+00:00","og_image":[{"width":635,"height":635,"url":"https:\/\/imaxilodental.com\/wp-content\/uploads\/2023\/03\/iStock-1182027544-1.jpg","type":"image\/jpeg"}],"author":"Institut Maxil\u00b7lodental","twitter_misc":{"Escrit per":"Institut Maxil\u00b7lodental","Temps estimat de lectura":"2 minuts"},"schema":{"@context":"https:\/\/schema.org","@graph":[{"@type":"Article","@id":"https:\/\/imaxilodental.com\/ca\/es-trenquen-facilment-les-facetes-dentals\/#article","isPartOf":{"@id":"https:\/\/imaxilodental.com\/ca\/es-trenquen-facilment-les-facetes-dentals\/"},"author":{"name":"Institut Maxil\u00b7lodental","@id":"https:\/\/imaxilodental.com\/#\/schema\/person\/0e2be65fe5c58a890def71626ff879eb"},"headline":"Es trenquen f\u00e0cilment les facetes dentals?","datePublished":"2023-03-13T10:42:06+00:00","mainEntityOfPage":{"@id":"https:\/\/imaxilodental.com\/ca\/es-trenquen-facilment-les-facetes-dentals\/"},"wordCount":330,"image":{"@id":"https:\/\/imaxilodental.com\/ca\/es-trenquen-facilment-les-facetes-dentals\/#primaryimage"},"thumbnailUrl":"https:\/\/imaxilodental.com\/wp-content\/uploads\/2023\/03\/iStock-1182027544-1.jpg","keywords":["est\u00e9tica dental","facetes dentals"],"articleSection":["Actualitat"],"inLanguage":"ca"},{"@type":"WebPage","@id":"https:\/\/imaxilodental.com\/ca\/es-trenquen-facilment-les-facetes-dentals\/","url":"https:\/\/imaxilodental.com\/ca\/es-trenquen-facilment-les-facetes-dentals\/","name":"Es trenquen f\u00e0cilment les facetes dentals? - IMaxilodental Es trenquen f\u00e0cilment les facetes dentals?","isPartOf":{"@id":"https:\/\/imaxilodental.com\/#website"},"primaryImageOfPage":{"@id":"https:\/\/imaxilodental.com\/ca\/es-trenquen-facilment-les-facetes-dentals\/#primaryimage"},"image":{"@id":"https:\/\/imaxilodental.com\/ca\/es-trenquen-facilment-les-facetes-dentals\/#primaryimage"},"thumbnailUrl":"https:\/\/imaxilodental.com\/wp-content\/uploads\/2023\/03\/iStock-1182027544-1.jpg","datePublished":"2023-03-13T10:42:06+00:00","author":{"@id":"https:\/\/imaxilodental.com\/#\/schema\/person\/0e2be65fe5c58a890def71626ff879eb"},"breadcrumb":{"@id":"https:\/\/imaxilodental.com\/ca\/es-trenquen-facilment-les-facetes-dentals\/#breadcrumb"},"inLanguage":"ca","potentialAction":[{"@type":"ReadAction","target":["https:\/\/imaxilodental.com\/ca\/es-trenquen-facilment-les-facetes-dentals\/"]}]},{"@type":"ImageObject","inLanguage":"ca","@id":"https:\/\/imaxilodental.com\/ca\/es-trenquen-facilment-les-facetes-dentals\/#primaryimage","url":"https:\/\/imaxilodental.com\/wp-content\/uploads\/2023\/03\/iStock-1182027544-1.jpg","contentUrl":"https:\/\/imaxilodental.com\/wp-content\/uploads\/2023\/03\/iStock-1182027544-1.jpg","width":635,"height":635,"caption":"Veneer installation procedure over central incisor and lateral incisor. Medically accurate tooth 3D illustration"},{"@type":"BreadcrumbList","@id":"https:\/\/imaxilodental.com\/ca\/es-trenquen-facilment-les-facetes-dentals\/#breadcrumb","itemListElement":[{"@type":"ListItem","position":1,"name":"Portada","item":"https:\/\/imaxilodental.com\/ca\/"},{"@type":"ListItem","position":2,"name":"Es trenquen f\u00e0cilment les facetes dentals?"}]},{"@type":"WebSite","@id":"https:\/\/imaxilodental.com\/#website","url":"https:\/\/imaxilodental.com\/","name":"iMaxilodental","description":"","potentialAction":[{"@type":"SearchAction","target":{"@type":"EntryPoint","urlTemplate":"https:\/\/imaxilodental.com\/?s={search_term_string}"},"query-input":{"@type":"PropertyValueSpecification","valueRequired":true,"valueName":"search_term_string"}}],"inLanguage":"ca"},{"@type":"Person","@id":"https:\/\/imaxilodental.com\/#\/schema\/person\/0e2be65fe5c58a890def71626ff879eb","name":"Institut Maxil\u00b7lodental","image":{"@type":"ImageObject","inLanguage":"ca","@id":"https:\/\/secure.gravatar.com\/avatar\/dd77c6bb181e05063fd56a8b54fa4fc916d912b7ff5940a9b931c9f84fa29360?s=96&d=mm&r=g","url":"https:\/\/secure.gravatar.com\/avatar\/dd77c6bb181e05063fd56a8b54fa4fc916d912b7ff5940a9b931c9f84fa29360?s=96&d=mm&r=g","contentUrl":"https:\/\/secure.gravatar.com\/avatar\/dd77c6bb181e05063fd56a8b54fa4fc916d912b7ff5940a9b931c9f84fa29360?s=96&d=mm&r=g","caption":"Institut Maxil\u00b7lodental"},"url":"https:\/\/imaxilodental.com\/ca\/author\/admin\/"}]}},"meta_box":[],"_links":{"self":[{"href":"https:\/\/imaxilodental.com\/ca\/wp-json\/wp\/v2\/posts\/2970","targetHints":{"allow":["GET"]}}],"collection":[{"href":"https:\/\/imaxilodental.com\/ca\/wp-json\/wp\/v2\/posts"}],"about":[{"href":"https:\/\/imaxilodental.com\/ca\/wp-json\/wp\/v2\/types\/post"}],"author":[{"embeddable":true,"href":"https:\/\/imaxilodental.com\/ca\/wp-json\/wp\/v2\/users\/1"}],"replies":[{"embeddable":true,"href":"https:\/\/imaxilodental.com\/ca\/wp-json\/wp\/v2\/comments?post=2970"}],"version-history":[{"count":1,"href":"https:\/\/imaxilodental.com\/ca\/wp-json\/wp\/v2\/posts\/2970\/revisions"}],"predecessor-version":[{"id":2971,"href":"https:\/\/imaxilodental.com\/ca\/wp-json\/wp\/v2\/posts\/2970\/revisions\/2971"}],"wp:featuredmedia":[{"embeddable":true,"href":"https:\/\/imaxilodental.com\/ca\/wp-json\/wp\/v2\/media\/2969"}],"wp:attachment":[{"href":"https:\/\/imaxilodental.com\/ca\/wp-json\/wp\/v2\/media?parent=2970"}],"wp:term":[{"taxonomy":"category","embeddable":true,"href":"https:\/\/imaxilodental.com\/ca\/wp-json\/wp\/v2\/categories?post=2970"},{"taxonomy":"post_tag","embeddable":true,"href":"https:\/\/imaxilodental.com\/ca\/wp-json\/wp\/v2\/tags?post=2970"}],"curies":[{"name":"wp","href":"https:\/\/api.w.org\/{rel}","templated":true}]}}