{"id":2925,"date":"2023-02-13T15:30:21","date_gmt":"2023-02-13T15:30:21","guid":{"rendered":"https:\/\/imaxilodental.com\/?p=2925"},"modified":"2023-02-13T15:30:56","modified_gmt":"2023-02-13T15:30:56","slug":"que-son-els-retenidors-post-ortodoncia","status":"publish","type":"post","link":"https:\/\/imaxilodental.com\/ca\/que-son-els-retenidors-post-ortodoncia\/","title":{"rendered":"Qu\u00e8 s\u00f3n els retenidors post-ortod\u00f2ncia?"},"content":{"rendered":"<p>La retenci\u00f3 en el tractament d&#8217;ortod\u00f2ncia \u00e9s una etapa crucial que permet mantenir les dents a les posicions correctes mentre els teixits s&#8217;ajusten als canvis. \u00c9s la darrera fase del tractament i, en la majoria dels casos, es recomana a llarg termini. La retenci\u00f3 fa refer\u00e8ncia a l&#8217;\u00fas de dispositius que sostinguin les dents en les noves posicions, i sol ser l&#8217;aspecte m\u00e9s dif\u00edcil del tractament d&#8217;ortod\u00f2ncia.<\/p>\n<blockquote>\n<p>\n<strong>Com s\u00f3n els retenidors?<\/strong><\/p>\n<\/blockquote>\n<p>\n<strong>Hi ha dos tipus de retenidors: removibles i permanents.<\/strong><\/p>\n<p>\n&#8211;<strong>Els retenidors removibles<\/strong> s\u00f3n aparells fets d&#8217;acr\u00edlic amb filferros o pl\u00e0stic transparent que s&#8217;ajusten perfectament a la boca. S\u00f3n c\u00f2modes dutilitzar i pot treure&#8217;ls quan sigui necessari. L&#8217;\u00fas de retenidors removibles pot variar des de fer-los servir durant tot el dia fins a nom\u00e9s a la nit.<br \/>\n&#8211;<strong>Els retenidors permanents<\/strong> s\u00f3n filferros prims adherits darrere de les dents frontals, generalment d&#8217;acer inoxidable. Aquests es col\u00b7loquen despr\u00e9s del tractament d&#8217;ortod\u00f2ncia i, en alguns casos, es poden fer servir juntament amb retenidors removibles.<br \/>\nEs recomana que els pacients usin els seus retenidors constantment (excepte durant l&#8217;alimentaci\u00f3, raspallat, nataci\u00f3 o esports) durant els primers sis mesos despr\u00e9s del tractament actiu. La majoria dels ortodoncistes ara recomanen l&#8217;\u00fas a llarg termini de retenidors removibles a la nit i l&#8217;\u00fas permanent de retenidors fixos.<\/p>\n<blockquote>\n<p>\n<strong>Per quant de temps he de portar el retenidor?<\/strong><\/p>\n<\/blockquote>\n<p><img loading=\"lazy\" decoding=\"async\" class=\" wp-image-2918 alignright\" src=\"https:\/\/imaxilodental.com\/wp-content\/uploads\/2023\/02\/iStock-1221091097-copia-300x193.jpg\" alt=\"\" width=\"401\" height=\"258\" srcset=\"https:\/\/imaxilodental.com\/wp-content\/uploads\/2023\/02\/iStock-1221091097-copia-300x193.jpg 300w, https:\/\/imaxilodental.com\/wp-content\/uploads\/2023\/02\/iStock-1221091097-copia-1024x659.jpg 1024w, https:\/\/imaxilodental.com\/wp-content\/uploads\/2023\/02\/iStock-1221091097-copia-768x495.jpg 768w, https:\/\/imaxilodental.com\/wp-content\/uploads\/2023\/02\/iStock-1221091097-copia-1536x989.jpg 1536w, https:\/\/imaxilodental.com\/wp-content\/uploads\/2023\/02\/iStock-1221091097-copia-2048x1319.jpg 2048w\" sizes=\"auto, (max-width: 401px) 100vw, 401px\" \/><\/p>\n<p>Es recomana l&#8217;\u00fas permanent a la retenci\u00f3 fixa. Pel que fa als retenidors removibles, no hi ha un per\u00edode de temps definit per a l&#8217;\u00fas de retenci\u00f3, encara que, de mitjana, pot prendre fins a un any perqu\u00e8 les fibres periodontals es reorganitzin a la nova posici\u00f3 i les dents s&#8217;ajustin a la seva nova posici\u00f3. Cada pla de tractament personalitzat inclou una fase de retenci\u00f3 i la durabilitat dels resultats dep\u00e8n del grau de compliment del pacient, per aix\u00f2 \u00e9s important que els pacients segueixin les recomanacions del seu ortodoncista sobre l&#8217;\u00fas de retenidors.<\/p>\n","protected":false},"excerpt":{"rendered":"<p>La retenci\u00f3 en el tractament d&#8217;ortod\u00f2ncia \u00e9s una etapa crucial que permet mantenir les dents a les posicions correctes mentre els teixits s&#8217;ajusten als canvis. \u00c9s la darrera fase del tractament i, en la majoria dels casos, es recomana a llarg termini. La retenci\u00f3 fa refer\u00e8ncia a l&#8217;\u00fas de dispositius que sostinguin les dents en [&hellip;]<\/p>\n","protected":false},"author":1,"featured_media":2922,"comment_status":"closed","ping_status":"closed","sticky":false,"template":"","format":"standard","meta":{"footnotes":""},"categories":[10],"tags":[85,13,94],"class_list":["post-2925","post","type-post","status-publish","format-standard","has-post-thumbnail","hentry","category-actualitat","tag-ortodoncia-2","tag-ortodoncia-infantil","tag-retenidors"],"yoast_head":"<!-- This site is optimized with the Yoast SEO plugin v27.2 - https:\/\/yoast.com\/product\/yoast-seo-wordpress\/ -->\n<title>Qu\u00e8 s\u00f3n els retenidors post-ortod\u00f2ncia? - IMaxilodental Qu\u00e8 s\u00f3n els retenidors post-ortod\u00f2ncia?<\/title>\n<meta name=\"robots\" content=\"index, follow, max-snippet:-1, max-image-preview:large, max-video-preview:-1\" \/>\n<link rel=\"canonical\" href=\"https:\/\/imaxilodental.com\/ca\/que-son-els-retenidors-post-ortodoncia\/\" \/>\n<meta property=\"og:locale\" content=\"ca_ES\" \/>\n<meta property=\"og:type\" content=\"article\" \/>\n<meta property=\"og:title\" content=\"Qu\u00e8 s\u00f3n els retenidors post-ortod\u00f2ncia? - IMaxilodental Qu\u00e8 s\u00f3n els retenidors post-ortod\u00f2ncia?\" \/>\n<meta property=\"og:description\" content=\"La retenci\u00f3 en el tractament d&#8217;ortod\u00f2ncia \u00e9s una etapa crucial que permet mantenir les dents a les posicions correctes mentre els teixits s&#8217;ajusten als canvis. \u00c9s la darrera fase del tractament i, en la majoria dels casos, es recomana a llarg termini. La retenci\u00f3 fa refer\u00e8ncia a l&#8217;\u00fas de dispositius que sostinguin les dents en [&hellip;]\" \/>\n<meta property=\"og:url\" content=\"https:\/\/imaxilodental.com\/ca\/que-son-els-retenidors-post-ortodoncia\/\" \/>\n<meta property=\"og:site_name\" content=\"iMaxilodental\" \/>\n<meta property=\"article:published_time\" content=\"2023-02-13T15:30:21+00:00\" \/>\n<meta property=\"article:modified_time\" content=\"2023-02-13T15:30:56+00:00\" \/>\n<meta property=\"og:image\" content=\"https:\/\/imaxilodental.com\/wp-content\/uploads\/2023\/02\/iStock-1389463652-copia.jpg\" \/>\n\t<meta property=\"og:image:width\" content=\"635\" \/>\n\t<meta property=\"og:image:height\" content=\"635\" \/>\n\t<meta property=\"og:image:type\" content=\"image\/jpeg\" \/>\n<meta name=\"author\" content=\"Institut Maxil\u00b7lodental\" \/>\n<meta name=\"twitter:label1\" content=\"Escrit per\" \/>\n\t<meta name=\"twitter:data1\" content=\"Institut Maxil\u00b7lodental\" \/>\n\t<meta name=\"twitter:label2\" content=\"Temps estimat de lectura\" \/>\n\t<meta name=\"twitter:data2\" content=\"2 minuts\" \/>\n<script type=\"application\/ld+json\" class=\"yoast-schema-graph\">{\"@context\":\"https:\/\/schema.org\",\"@graph\":[{\"@type\":\"Article\",\"@id\":\"https:\/\/imaxilodental.com\/ca\/que-son-els-retenidors-post-ortodoncia\/#article\",\"isPartOf\":{\"@id\":\"https:\/\/imaxilodental.com\/ca\/que-son-els-retenidors-post-ortodoncia\/\"},\"author\":{\"name\":\"Institut Maxil\u00b7lodental\",\"@id\":\"https:\/\/imaxilodental.com\/#\/schema\/person\/0e2be65fe5c58a890def71626ff879eb\"},\"headline\":\"Qu\u00e8 s\u00f3n els retenidors post-ortod\u00f2ncia?\",\"datePublished\":\"2023-02-13T15:30:21+00:00\",\"dateModified\":\"2023-02-13T15:30:56+00:00\",\"mainEntityOfPage\":{\"@id\":\"https:\/\/imaxilodental.com\/ca\/que-son-els-retenidors-post-ortodoncia\/\"},\"wordCount\":357,\"image\":{\"@id\":\"https:\/\/imaxilodental.com\/ca\/que-son-els-retenidors-post-ortodoncia\/#primaryimage\"},\"thumbnailUrl\":\"https:\/\/imaxilodental.com\/wp-content\/uploads\/2023\/02\/iStock-1389463652-copia.jpg\",\"keywords\":[\"ortodoncia\",\"ortodoncia infantil\",\"retenidors\"],\"articleSection\":[\"Actualitat\"],\"inLanguage\":\"ca\"},{\"@type\":\"WebPage\",\"@id\":\"https:\/\/imaxilodental.com\/ca\/que-son-els-retenidors-post-ortodoncia\/\",\"url\":\"https:\/\/imaxilodental.com\/ca\/que-son-els-retenidors-post-ortodoncia\/\",\"name\":\"Qu\u00e8 s\u00f3n els retenidors post-ortod\u00f2ncia? - IMaxilodental Qu\u00e8 s\u00f3n els retenidors post-ortod\u00f2ncia?\",\"isPartOf\":{\"@id\":\"https:\/\/imaxilodental.com\/#website\"},\"primaryImageOfPage\":{\"@id\":\"https:\/\/imaxilodental.com\/ca\/que-son-els-retenidors-post-ortodoncia\/#primaryimage\"},\"image\":{\"@id\":\"https:\/\/imaxilodental.com\/ca\/que-son-els-retenidors-post-ortodoncia\/#primaryimage\"},\"thumbnailUrl\":\"https:\/\/imaxilodental.com\/wp-content\/uploads\/2023\/02\/iStock-1389463652-copia.jpg\",\"datePublished\":\"2023-02-13T15:30:21+00:00\",\"dateModified\":\"2023-02-13T15:30:56+00:00\",\"author\":{\"@id\":\"https:\/\/imaxilodental.com\/#\/schema\/person\/0e2be65fe5c58a890def71626ff879eb\"},\"breadcrumb\":{\"@id\":\"https:\/\/imaxilodental.com\/ca\/que-son-els-retenidors-post-ortodoncia\/#breadcrumb\"},\"inLanguage\":\"ca\",\"potentialAction\":[{\"@type\":\"ReadAction\",\"target\":[\"https:\/\/imaxilodental.com\/ca\/que-son-els-retenidors-post-ortodoncia\/\"]}]},{\"@type\":\"ImageObject\",\"inLanguage\":\"ca\",\"@id\":\"https:\/\/imaxilodental.com\/ca\/que-son-els-retenidors-post-ortodoncia\/#primaryimage\",\"url\":\"https:\/\/imaxilodental.com\/wp-content\/uploads\/2023\/02\/iStock-1389463652-copia.jpg\",\"contentUrl\":\"https:\/\/imaxilodental.com\/wp-content\/uploads\/2023\/02\/iStock-1389463652-copia.jpg\",\"width\":635,\"height\":635,\"caption\":\"Female hold teeth retaining tools after removable braces, Portrait young Asian beautiful woman smiling pointing with finger silicone orthodontic retainers for teeth, Orthodontics dental care concept\"},{\"@type\":\"BreadcrumbList\",\"@id\":\"https:\/\/imaxilodental.com\/ca\/que-son-els-retenidors-post-ortodoncia\/#breadcrumb\",\"itemListElement\":[{\"@type\":\"ListItem\",\"position\":1,\"name\":\"Portada\",\"item\":\"https:\/\/imaxilodental.com\/ca\/\"},{\"@type\":\"ListItem\",\"position\":2,\"name\":\"Qu\u00e8 s\u00f3n els retenidors post-ortod\u00f2ncia?\"}]},{\"@type\":\"WebSite\",\"@id\":\"https:\/\/imaxilodental.com\/#website\",\"url\":\"https:\/\/imaxilodental.com\/\",\"name\":\"iMaxilodental\",\"description\":\"\",\"potentialAction\":[{\"@type\":\"SearchAction\",\"target\":{\"@type\":\"EntryPoint\",\"urlTemplate\":\"https:\/\/imaxilodental.com\/?s={search_term_string}\"},\"query-input\":{\"@type\":\"PropertyValueSpecification\",\"valueRequired\":true,\"valueName\":\"search_term_string\"}}],\"inLanguage\":\"ca\"},{\"@type\":\"Person\",\"@id\":\"https:\/\/imaxilodental.com\/#\/schema\/person\/0e2be65fe5c58a890def71626ff879eb\",\"name\":\"Institut Maxil\u00b7lodental\",\"image\":{\"@type\":\"ImageObject\",\"inLanguage\":\"ca\",\"@id\":\"https:\/\/secure.gravatar.com\/avatar\/dd77c6bb181e05063fd56a8b54fa4fc916d912b7ff5940a9b931c9f84fa29360?s=96&d=mm&r=g\",\"url\":\"https:\/\/secure.gravatar.com\/avatar\/dd77c6bb181e05063fd56a8b54fa4fc916d912b7ff5940a9b931c9f84fa29360?s=96&d=mm&r=g\",\"contentUrl\":\"https:\/\/secure.gravatar.com\/avatar\/dd77c6bb181e05063fd56a8b54fa4fc916d912b7ff5940a9b931c9f84fa29360?s=96&d=mm&r=g\",\"caption\":\"Institut Maxil\u00b7lodental\"},\"url\":\"https:\/\/imaxilodental.com\/ca\/author\/admin\/\"}]}<\/script>\n<!-- \/ Yoast SEO plugin. -->","yoast_head_json":{"title":"Qu\u00e8 s\u00f3n els retenidors post-ortod\u00f2ncia? - IMaxilodental Qu\u00e8 s\u00f3n els retenidors post-ortod\u00f2ncia?","robots":{"index":"index","follow":"follow","max-snippet":"max-snippet:-1","max-image-preview":"max-image-preview:large","max-video-preview":"max-video-preview:-1"},"canonical":"https:\/\/imaxilodental.com\/ca\/que-son-els-retenidors-post-ortodoncia\/","og_locale":"ca_ES","og_type":"article","og_title":"Qu\u00e8 s\u00f3n els retenidors post-ortod\u00f2ncia? - IMaxilodental Qu\u00e8 s\u00f3n els retenidors post-ortod\u00f2ncia?","og_description":"La retenci\u00f3 en el tractament d&#8217;ortod\u00f2ncia \u00e9s una etapa crucial que permet mantenir les dents a les posicions correctes mentre els teixits s&#8217;ajusten als canvis. \u00c9s la darrera fase del tractament i, en la majoria dels casos, es recomana a llarg termini. La retenci\u00f3 fa refer\u00e8ncia a l&#8217;\u00fas de dispositius que sostinguin les dents en [&hellip;]","og_url":"https:\/\/imaxilodental.com\/ca\/que-son-els-retenidors-post-ortodoncia\/","og_site_name":"iMaxilodental","article_published_time":"2023-02-13T15:30:21+00:00","article_modified_time":"2023-02-13T15:30:56+00:00","og_image":[{"width":635,"height":635,"url":"https:\/\/imaxilodental.com\/wp-content\/uploads\/2023\/02\/iStock-1389463652-copia.jpg","type":"image\/jpeg"}],"author":"Institut Maxil\u00b7lodental","twitter_misc":{"Escrit per":"Institut Maxil\u00b7lodental","Temps estimat de lectura":"2 minuts"},"schema":{"@context":"https:\/\/schema.org","@graph":[{"@type":"Article","@id":"https:\/\/imaxilodental.com\/ca\/que-son-els-retenidors-post-ortodoncia\/#article","isPartOf":{"@id":"https:\/\/imaxilodental.com\/ca\/que-son-els-retenidors-post-ortodoncia\/"},"author":{"name":"Institut Maxil\u00b7lodental","@id":"https:\/\/imaxilodental.com\/#\/schema\/person\/0e2be65fe5c58a890def71626ff879eb"},"headline":"Qu\u00e8 s\u00f3n els retenidors post-ortod\u00f2ncia?","datePublished":"2023-02-13T15:30:21+00:00","dateModified":"2023-02-13T15:30:56+00:00","mainEntityOfPage":{"@id":"https:\/\/imaxilodental.com\/ca\/que-son-els-retenidors-post-ortodoncia\/"},"wordCount":357,"image":{"@id":"https:\/\/imaxilodental.com\/ca\/que-son-els-retenidors-post-ortodoncia\/#primaryimage"},"thumbnailUrl":"https:\/\/imaxilodental.com\/wp-content\/uploads\/2023\/02\/iStock-1389463652-copia.jpg","keywords":["ortodoncia","ortodoncia infantil","retenidors"],"articleSection":["Actualitat"],"inLanguage":"ca"},{"@type":"WebPage","@id":"https:\/\/imaxilodental.com\/ca\/que-son-els-retenidors-post-ortodoncia\/","url":"https:\/\/imaxilodental.com\/ca\/que-son-els-retenidors-post-ortodoncia\/","name":"Qu\u00e8 s\u00f3n els retenidors post-ortod\u00f2ncia? - IMaxilodental Qu\u00e8 s\u00f3n els retenidors post-ortod\u00f2ncia?","isPartOf":{"@id":"https:\/\/imaxilodental.com\/#website"},"primaryImageOfPage":{"@id":"https:\/\/imaxilodental.com\/ca\/que-son-els-retenidors-post-ortodoncia\/#primaryimage"},"image":{"@id":"https:\/\/imaxilodental.com\/ca\/que-son-els-retenidors-post-ortodoncia\/#primaryimage"},"thumbnailUrl":"https:\/\/imaxilodental.com\/wp-content\/uploads\/2023\/02\/iStock-1389463652-copia.jpg","datePublished":"2023-02-13T15:30:21+00:00","dateModified":"2023-02-13T15:30:56+00:00","author":{"@id":"https:\/\/imaxilodental.com\/#\/schema\/person\/0e2be65fe5c58a890def71626ff879eb"},"breadcrumb":{"@id":"https:\/\/imaxilodental.com\/ca\/que-son-els-retenidors-post-ortodoncia\/#breadcrumb"},"inLanguage":"ca","potentialAction":[{"@type":"ReadAction","target":["https:\/\/imaxilodental.com\/ca\/que-son-els-retenidors-post-ortodoncia\/"]}]},{"@type":"ImageObject","inLanguage":"ca","@id":"https:\/\/imaxilodental.com\/ca\/que-son-els-retenidors-post-ortodoncia\/#primaryimage","url":"https:\/\/imaxilodental.com\/wp-content\/uploads\/2023\/02\/iStock-1389463652-copia.jpg","contentUrl":"https:\/\/imaxilodental.com\/wp-content\/uploads\/2023\/02\/iStock-1389463652-copia.jpg","width":635,"height":635,"caption":"Female hold teeth retaining tools after removable braces, Portrait young Asian beautiful woman smiling pointing with finger silicone orthodontic retainers for teeth, Orthodontics dental care concept"},{"@type":"BreadcrumbList","@id":"https:\/\/imaxilodental.com\/ca\/que-son-els-retenidors-post-ortodoncia\/#breadcrumb","itemListElement":[{"@type":"ListItem","position":1,"name":"Portada","item":"https:\/\/imaxilodental.com\/ca\/"},{"@type":"ListItem","position":2,"name":"Qu\u00e8 s\u00f3n els retenidors post-ortod\u00f2ncia?"}]},{"@type":"WebSite","@id":"https:\/\/imaxilodental.com\/#website","url":"https:\/\/imaxilodental.com\/","name":"iMaxilodental","description":"","potentialAction":[{"@type":"SearchAction","target":{"@type":"EntryPoint","urlTemplate":"https:\/\/imaxilodental.com\/?s={search_term_string}"},"query-input":{"@type":"PropertyValueSpecification","valueRequired":true,"valueName":"search_term_string"}}],"inLanguage":"ca"},{"@type":"Person","@id":"https:\/\/imaxilodental.com\/#\/schema\/person\/0e2be65fe5c58a890def71626ff879eb","name":"Institut Maxil\u00b7lodental","image":{"@type":"ImageObject","inLanguage":"ca","@id":"https:\/\/secure.gravatar.com\/avatar\/dd77c6bb181e05063fd56a8b54fa4fc916d912b7ff5940a9b931c9f84fa29360?s=96&d=mm&r=g","url":"https:\/\/secure.gravatar.com\/avatar\/dd77c6bb181e05063fd56a8b54fa4fc916d912b7ff5940a9b931c9f84fa29360?s=96&d=mm&r=g","contentUrl":"https:\/\/secure.gravatar.com\/avatar\/dd77c6bb181e05063fd56a8b54fa4fc916d912b7ff5940a9b931c9f84fa29360?s=96&d=mm&r=g","caption":"Institut Maxil\u00b7lodental"},"url":"https:\/\/imaxilodental.com\/ca\/author\/admin\/"}]}},"meta_box":[],"_links":{"self":[{"href":"https:\/\/imaxilodental.com\/ca\/wp-json\/wp\/v2\/posts\/2925","targetHints":{"allow":["GET"]}}],"collection":[{"href":"https:\/\/imaxilodental.com\/ca\/wp-json\/wp\/v2\/posts"}],"about":[{"href":"https:\/\/imaxilodental.com\/ca\/wp-json\/wp\/v2\/types\/post"}],"author":[{"embeddable":true,"href":"https:\/\/imaxilodental.com\/ca\/wp-json\/wp\/v2\/users\/1"}],"replies":[{"embeddable":true,"href":"https:\/\/imaxilodental.com\/ca\/wp-json\/wp\/v2\/comments?post=2925"}],"version-history":[{"count":2,"href":"https:\/\/imaxilodental.com\/ca\/wp-json\/wp\/v2\/posts\/2925\/revisions"}],"predecessor-version":[{"id":2927,"href":"https:\/\/imaxilodental.com\/ca\/wp-json\/wp\/v2\/posts\/2925\/revisions\/2927"}],"wp:featuredmedia":[{"embeddable":true,"href":"https:\/\/imaxilodental.com\/ca\/wp-json\/wp\/v2\/media\/2922"}],"wp:attachment":[{"href":"https:\/\/imaxilodental.com\/ca\/wp-json\/wp\/v2\/media?parent=2925"}],"wp:term":[{"taxonomy":"category","embeddable":true,"href":"https:\/\/imaxilodental.com\/ca\/wp-json\/wp\/v2\/categories?post=2925"},{"taxonomy":"post_tag","embeddable":true,"href":"https:\/\/imaxilodental.com\/ca\/wp-json\/wp\/v2\/tags?post=2925"}],"curies":[{"name":"wp","href":"https:\/\/api.w.org\/{rel}","templated":true}]}}