{"id":2358,"date":"2022-04-04T16:29:31","date_gmt":"2022-04-04T16:29:31","guid":{"rendered":"https:\/\/imaxilodental.com\/?p=2358"},"modified":"2022-04-04T16:33:23","modified_gmt":"2022-04-04T16:33:23","slug":"ataches-en-invisalign-que-son-i-per-a-que-serveixen","status":"publish","type":"post","link":"https:\/\/imaxilodental.com\/ca\/ataches-en-invisalign-que-son-i-per-a-que-serveixen\/","title":{"rendered":"Ataches en Invisalign: qu\u00e8 s\u00f3n i per a qu\u00e8 serveixen"},"content":{"rendered":"<p><strong>Els ataches dentals s\u00f3n petites protuber\u00e0ncies de composite adherides a les dents que serveixen per crear tracci\u00f3 o per a una major subjecci\u00f3 dels alineadors durant el <a href=\"https:\/\/imaxilodental.com\/ca\/ortodoncia\/\" target=\"_blank\" rel=\"noopener\">tractament ortod\u00f2ntic<\/a> amb Invisalign.<\/strong> No tots els pacients necessitaran la col\u00b7locaci\u00f3 d&#8217;ataches, ja que aquests s&#8217;utilitzen per fer moviments complexos o per optimitzar la for\u00e7a exercida pels alineadors.<\/p>\n<h2>\n<img loading=\"lazy\" decoding=\"async\" class=\"wp-image-2350 alignleft\" src=\"https:\/\/imaxilodental.com\/wp-content\/uploads\/2022\/04\/iStock-942870232-1.jpg\" alt=\"\" width=\"550\" height=\"366\" srcset=\"https:\/\/imaxilodental.com\/wp-content\/uploads\/2022\/04\/iStock-942870232-1.jpg 1254w, https:\/\/imaxilodental.com\/wp-content\/uploads\/2022\/04\/iStock-942870232-1-300x200.jpg 300w, https:\/\/imaxilodental.com\/wp-content\/uploads\/2022\/04\/iStock-942870232-1-1024x683.jpg 1024w, https:\/\/imaxilodental.com\/wp-content\/uploads\/2022\/04\/iStock-942870232-1-768x512.jpg 768w, https:\/\/imaxilodental.com\/wp-content\/uploads\/2022\/04\/iStock-942870232-1-560x372.jpg 560w, https:\/\/imaxilodental.com\/wp-content\/uploads\/2022\/04\/iStock-942870232-1-212x140.jpg 212w\" sizes=\"auto, (max-width: 550px) 100vw, 550px\" \/>Col\u00b7locaci\u00f3<\/h2>\n<p><strong>La col\u00b7locaci\u00f3 dels ataches \u00e9s completament indolora<\/strong>. Els ataches es col\u00b7loquen el mateix dia d&#8217;inici del tractament i l&#8217;ortodoncista intentar\u00e0 que passin el m\u00e9s desapercebuts possible igualant la resina al color de la dent.<\/p>\n<p>Els ataches<strong> s\u00f3n una mesura temporal i es col\u00b7loquen \u00fanicament en algunes dents<\/strong> sobre les quals es vulgui fer un moviment espec\u00edfic o aplicar una for\u00e7a addicional, intentant sempre col\u00b7locar-les a les dents m\u00e9s posteriors per salvaguardar l&#8217;aparen\u00e7a dels alineadors.<\/p>\n<p>Per retirar-los, s&#8217;utilitzen unes freses especials que no fan malb\u00e9 l&#8217;esmalt de<strong> les teves dents, que quedaran en el mateix estat que tenien abans<\/strong> de la col\u00b7locaci\u00f3 dels ataches. Si un o m\u00e9s dels ataches arriben a caure abans d&#8217;hora, el teu ortodoncista en col\u00b7locar\u00e0 uns de nous en la propera visita, l&#8217;\u00fanica cura que has de tenir \u00e9s no canviar d&#8217;alineador abans que els ataches siguin recol\u00b7locats.<\/p>\n<h2>Tipus<\/h2>\n<p><strong>La ubicaci\u00f3 i la forma dels ataches dentals dependran de l&#8217;efecte que es vulgui aconseguir<\/strong>. Hi ha dos tipus d&#8217;ataches: els convencionals i els ataches optimitzats.<\/p>\n<p>Els <strong>ataches convencionals<\/strong> poden ser rectangulars o en forma d&#8217;el\u00b7lipse, i tenen un gruix fix, encara que la mida i la col\u00b7locaci\u00f3 (vertical o horitzontal) poden variar.<br \/>\nD&#8217;altra banda, els <strong>ataches optimitzats<\/strong> tenen una mida i una posici\u00f3 fixes, per\u00f2 diferents formes depenent de la seva funci\u00f3:<\/p>\n<p>\n<strong>&#8211; Ataches de rotaci\u00f3<\/strong>: per a rotar els canins i premolars s&#8217;utilitzar\u00e0 un atache en forma de ll\u00e0grima<br \/>\n<strong>&#8211; Ataches d&#8217;extrusi\u00f3:<\/strong> Per fer un moviment vertical els ataches s\u00f3n petits rectangles que es poden col\u00b7locar en incisius i canins.<br \/>\n<strong>&#8211; Ataches de control radicular:<\/strong> per a un redre\u00e7ament radicular (correcci\u00f3 de la forma de l&#8217;arrel de la dent) s&#8217;utilitzen dues ataches en forma de mitja lluna sobre una mateixa dent. Es poden col\u00b7locar als incisius superiors, canins i premolars en posici\u00f3 horitzontal.<br \/>\n<strong>&#8211; Ataches multipl\u00e0<\/strong>: tenen tamb\u00e9 forma de mitja lluna, per\u00f2 es col\u00b7loquen en posici\u00f3 vertical i serveixen per realitzar moviments combinats quan es col\u00b7loquen en incisius laterals superiors<br \/>\n<strong>&#8211; Ataches de mossegada profunda:<\/strong> Les ataches de mossegada profunda s\u00f3n unes osques als alineadors que poden servir per immobilitzar o extruir la dent.<br \/>\n<strong>&#8211; Ataches d&#8217;unitat multidental<\/strong>: Hi ha dos subtipus: de retracci\u00f3 que es col\u00b7loquen en canins superiors i inferiors i d&#8217;ancoratge que es col\u00b7loquen en segons premolars i molars superiors i inferiors.<\/p>\n<blockquote>\n<p><img loading=\"lazy\" decoding=\"async\" class=\" wp-image-2339\" src=\"https:\/\/imaxilodental.com\/wp-content\/uploads\/2022\/04\/iStock-942870222.jpg\" alt=\"\" width=\"669\" height=\"446\" srcset=\"https:\/\/imaxilodental.com\/wp-content\/uploads\/2022\/04\/iStock-942870222.jpg 1254w, https:\/\/imaxilodental.com\/wp-content\/uploads\/2022\/04\/iStock-942870222-300x200.jpg 300w, https:\/\/imaxilodental.com\/wp-content\/uploads\/2022\/04\/iStock-942870222-1024x683.jpg 1024w, https:\/\/imaxilodental.com\/wp-content\/uploads\/2022\/04\/iStock-942870222-768x512.jpg 768w, https:\/\/imaxilodental.com\/wp-content\/uploads\/2022\/04\/iStock-942870222-560x372.jpg 560w, https:\/\/imaxilodental.com\/wp-content\/uploads\/2022\/04\/iStock-942870222-212x140.jpg 212w\" sizes=\"auto, (max-width: 669px) 100vw, 669px\" \/><\/p>\n<p><strong>En molts casos, els ataches aniran canviant de tipus i posici\u00f3 durant el transcurs del tractament ortod\u00f2ncic, ja que les necessitats de for\u00e7a i tracci\u00f3 van canviant conforme el tractament ortod\u00f2ncic avan\u00e7a.<\/strong><\/p>\n<\/blockquote>\n<p>En definitiva, els ataches dentals s\u00f3n una eina m\u00e9s de l&#8217;ortodoncista per fer amb \u00e8xit moviments complexos com a part d&#8217;un tractament d&#8217;alineadors invisibles. Un cop les dents hagin assolit la posici\u00f3 desitjada, es retiren els\u00a0ataches i es passa a la fase de retenci\u00f3 del tractament.<\/p>\n<p>&nbsp;<\/p>\n<p><em><strong>Contingut relacionat:<\/strong><\/em><\/p>\n<p><a href=\"https:\/\/imaxilodental.com\/ca\/5-preguntes-sobre-lortodoncia-invisible\/\" target=\"_blank\" rel=\"noopener\">5 preguntes sobre l\u2019ortod\u00f2ncia invisible<\/a><\/p>\n<p><a href=\"https:\/\/imaxilodental.com\/ca\/com-sera-el-teu-tractament-a-mollet-del-valles\/\" target=\"_blank\" rel=\"noopener\">Invisalign en 4 passos: Com ser\u00e0 el teu tractament<\/a><\/p>\n<p><a href=\"https:\/\/imaxilodental.com\/ca\/5-dades-que-no-sabies-sobre-lortodoncia-invisible\/\" target=\"_blank\" rel=\"noopener\">5 dades que no sabies sobre l\u2019ortod\u00f2ncia invisible<\/a><\/p>\n","protected":false},"excerpt":{"rendered":"<p>Els ataches dentals s\u00f3n petites protuber\u00e0ncies de composite adherides a les dents que serveixen per crear tracci\u00f3 o per a una major subjecci\u00f3 dels alineadors durant el tractament ortod\u00f2ntic amb Invisalign. No tots els pacients necessitaran la col\u00b7locaci\u00f3 d&#8217;ataches, ja que aquests s&#8217;utilitzen per fer moviments complexos o per optimitzar la for\u00e7a exercida pels alineadors. [&hellip;]<\/p>\n","protected":false},"author":1,"featured_media":2346,"comment_status":"closed","ping_status":"open","sticky":false,"template":"","format":"standard","meta":{"footnotes":""},"categories":[10],"tags":[76,30,29,35],"class_list":["post-2358","post","type-post","status-publish","format-standard","has-post-thumbnail","hentry","category-actualitat","tag-alineadors-invisibles","tag-invisalign","tag-ortodoncia-invisible","tag-tractament-ortodontic"],"yoast_head":"<!-- This site is optimized with the Yoast SEO plugin v27.2 - https:\/\/yoast.com\/product\/yoast-seo-wordpress\/ -->\n<title>Ataches en Invisalign: qu\u00e8 s\u00f3n i per a qu\u00e8 serveixen - iMaxilodental<\/title>\n<meta name=\"description\" content=\"Els ataches dentals s\u00f3n petites protuber\u00e0ncies de composite adherides a les dents que serveixen per crear tracci\u00f3 amb Invisalign\" \/>\n<meta name=\"robots\" content=\"index, follow, max-snippet:-1, max-image-preview:large, max-video-preview:-1\" \/>\n<link rel=\"canonical\" href=\"https:\/\/imaxilodental.com\/ca\/ataches-en-invisalign-que-son-i-per-a-que-serveixen\/\" \/>\n<meta property=\"og:locale\" content=\"ca_ES\" \/>\n<meta property=\"og:type\" content=\"article\" \/>\n<meta property=\"og:title\" content=\"Ataches en Invisalign: qu\u00e8 s\u00f3n i per a qu\u00e8 serveixen - iMaxilodental\" \/>\n<meta property=\"og:description\" content=\"Els ataches dentals s\u00f3n petites protuber\u00e0ncies de composite adherides a les dents que serveixen per crear tracci\u00f3 amb Invisalign\" \/>\n<meta property=\"og:url\" content=\"https:\/\/imaxilodental.com\/ca\/ataches-en-invisalign-que-son-i-per-a-que-serveixen\/\" \/>\n<meta property=\"og:site_name\" content=\"iMaxilodental\" \/>\n<meta property=\"article:published_time\" content=\"2022-04-04T16:29:31+00:00\" \/>\n<meta property=\"article:modified_time\" content=\"2022-04-04T16:33:23+00:00\" \/>\n<meta property=\"og:image\" content=\"https:\/\/imaxilodental.com\/wp-content\/uploads\/2022\/04\/Captura3.jpg\" \/>\n\t<meta property=\"og:image:width\" content=\"761\" \/>\n\t<meta property=\"og:image:height\" content=\"761\" \/>\n\t<meta property=\"og:image:type\" content=\"image\/jpeg\" \/>\n<meta name=\"author\" content=\"Institut Maxil\u00b7lodental\" \/>\n<meta name=\"twitter:label1\" content=\"Escrit per\" \/>\n\t<meta name=\"twitter:data1\" content=\"Institut Maxil\u00b7lodental\" \/>\n\t<meta name=\"twitter:label2\" content=\"Temps estimat de lectura\" \/>\n\t<meta name=\"twitter:data2\" content=\"3 minuts\" \/>\n<script type=\"application\/ld+json\" class=\"yoast-schema-graph\">{\"@context\":\"https:\/\/schema.org\",\"@graph\":[{\"@type\":\"Article\",\"@id\":\"https:\/\/imaxilodental.com\/ca\/ataches-en-invisalign-que-son-i-per-a-que-serveixen\/#article\",\"isPartOf\":{\"@id\":\"https:\/\/imaxilodental.com\/ca\/ataches-en-invisalign-que-son-i-per-a-que-serveixen\/\"},\"author\":{\"name\":\"Institut Maxil\u00b7lodental\",\"@id\":\"https:\/\/imaxilodental.com\/#\/schema\/person\/0e2be65fe5c58a890def71626ff879eb\"},\"headline\":\"Ataches en Invisalign: qu\u00e8 s\u00f3n i per a qu\u00e8 serveixen\",\"datePublished\":\"2022-04-04T16:29:31+00:00\",\"dateModified\":\"2022-04-04T16:33:23+00:00\",\"mainEntityOfPage\":{\"@id\":\"https:\/\/imaxilodental.com\/ca\/ataches-en-invisalign-que-son-i-per-a-que-serveixen\/\"},\"wordCount\":614,\"image\":{\"@id\":\"https:\/\/imaxilodental.com\/ca\/ataches-en-invisalign-que-son-i-per-a-que-serveixen\/#primaryimage\"},\"thumbnailUrl\":\"https:\/\/imaxilodental.com\/wp-content\/uploads\/2022\/04\/Captura3.jpg\",\"keywords\":[\"alineadors invisibles\",\"invisalign\",\"ortodoncia invisible\",\"tractament ortod\u00f2ntic\"],\"articleSection\":[\"Actualitat\"],\"inLanguage\":\"ca\"},{\"@type\":\"WebPage\",\"@id\":\"https:\/\/imaxilodental.com\/ca\/ataches-en-invisalign-que-son-i-per-a-que-serveixen\/\",\"url\":\"https:\/\/imaxilodental.com\/ca\/ataches-en-invisalign-que-son-i-per-a-que-serveixen\/\",\"name\":\"Ataches en Invisalign: qu\u00e8 s\u00f3n i per a qu\u00e8 serveixen - iMaxilodental\",\"isPartOf\":{\"@id\":\"https:\/\/imaxilodental.com\/#website\"},\"primaryImageOfPage\":{\"@id\":\"https:\/\/imaxilodental.com\/ca\/ataches-en-invisalign-que-son-i-per-a-que-serveixen\/#primaryimage\"},\"image\":{\"@id\":\"https:\/\/imaxilodental.com\/ca\/ataches-en-invisalign-que-son-i-per-a-que-serveixen\/#primaryimage\"},\"thumbnailUrl\":\"https:\/\/imaxilodental.com\/wp-content\/uploads\/2022\/04\/Captura3.jpg\",\"datePublished\":\"2022-04-04T16:29:31+00:00\",\"dateModified\":\"2022-04-04T16:33:23+00:00\",\"author\":{\"@id\":\"https:\/\/imaxilodental.com\/#\/schema\/person\/0e2be65fe5c58a890def71626ff879eb\"},\"description\":\"Els ataches dentals s\u00f3n petites protuber\u00e0ncies de composite adherides a les dents que serveixen per crear tracci\u00f3 amb Invisalign\",\"breadcrumb\":{\"@id\":\"https:\/\/imaxilodental.com\/ca\/ataches-en-invisalign-que-son-i-per-a-que-serveixen\/#breadcrumb\"},\"inLanguage\":\"ca\",\"potentialAction\":[{\"@type\":\"ReadAction\",\"target\":[\"https:\/\/imaxilodental.com\/ca\/ataches-en-invisalign-que-son-i-per-a-que-serveixen\/\"]}]},{\"@type\":\"ImageObject\",\"inLanguage\":\"ca\",\"@id\":\"https:\/\/imaxilodental.com\/ca\/ataches-en-invisalign-que-son-i-per-a-que-serveixen\/#primaryimage\",\"url\":\"https:\/\/imaxilodental.com\/wp-content\/uploads\/2022\/04\/Captura3.jpg\",\"contentUrl\":\"https:\/\/imaxilodental.com\/wp-content\/uploads\/2022\/04\/Captura3.jpg\",\"width\":761,\"height\":761,\"caption\":\"Ataches Invisalign\"},{\"@type\":\"BreadcrumbList\",\"@id\":\"https:\/\/imaxilodental.com\/ca\/ataches-en-invisalign-que-son-i-per-a-que-serveixen\/#breadcrumb\",\"itemListElement\":[{\"@type\":\"ListItem\",\"position\":1,\"name\":\"Portada\",\"item\":\"https:\/\/imaxilodental.com\/ca\/\"},{\"@type\":\"ListItem\",\"position\":2,\"name\":\"Ataches en Invisalign: qu\u00e8 s\u00f3n i per a qu\u00e8 serveixen\"}]},{\"@type\":\"WebSite\",\"@id\":\"https:\/\/imaxilodental.com\/#website\",\"url\":\"https:\/\/imaxilodental.com\/\",\"name\":\"iMaxilodental\",\"description\":\"\",\"potentialAction\":[{\"@type\":\"SearchAction\",\"target\":{\"@type\":\"EntryPoint\",\"urlTemplate\":\"https:\/\/imaxilodental.com\/?s={search_term_string}\"},\"query-input\":{\"@type\":\"PropertyValueSpecification\",\"valueRequired\":true,\"valueName\":\"search_term_string\"}}],\"inLanguage\":\"ca\"},{\"@type\":\"Person\",\"@id\":\"https:\/\/imaxilodental.com\/#\/schema\/person\/0e2be65fe5c58a890def71626ff879eb\",\"name\":\"Institut Maxil\u00b7lodental\",\"image\":{\"@type\":\"ImageObject\",\"inLanguage\":\"ca\",\"@id\":\"https:\/\/secure.gravatar.com\/avatar\/dd77c6bb181e05063fd56a8b54fa4fc916d912b7ff5940a9b931c9f84fa29360?s=96&d=mm&r=g\",\"url\":\"https:\/\/secure.gravatar.com\/avatar\/dd77c6bb181e05063fd56a8b54fa4fc916d912b7ff5940a9b931c9f84fa29360?s=96&d=mm&r=g\",\"contentUrl\":\"https:\/\/secure.gravatar.com\/avatar\/dd77c6bb181e05063fd56a8b54fa4fc916d912b7ff5940a9b931c9f84fa29360?s=96&d=mm&r=g\",\"caption\":\"Institut Maxil\u00b7lodental\"},\"url\":\"https:\/\/imaxilodental.com\/ca\/author\/admin\/\"}]}<\/script>\n<!-- \/ Yoast SEO plugin. -->","yoast_head_json":{"title":"Ataches en Invisalign: qu\u00e8 s\u00f3n i per a qu\u00e8 serveixen - iMaxilodental","description":"Els ataches dentals s\u00f3n petites protuber\u00e0ncies de composite adherides a les dents que serveixen per crear tracci\u00f3 amb Invisalign","robots":{"index":"index","follow":"follow","max-snippet":"max-snippet:-1","max-image-preview":"max-image-preview:large","max-video-preview":"max-video-preview:-1"},"canonical":"https:\/\/imaxilodental.com\/ca\/ataches-en-invisalign-que-son-i-per-a-que-serveixen\/","og_locale":"ca_ES","og_type":"article","og_title":"Ataches en Invisalign: qu\u00e8 s\u00f3n i per a qu\u00e8 serveixen - iMaxilodental","og_description":"Els ataches dentals s\u00f3n petites protuber\u00e0ncies de composite adherides a les dents que serveixen per crear tracci\u00f3 amb Invisalign","og_url":"https:\/\/imaxilodental.com\/ca\/ataches-en-invisalign-que-son-i-per-a-que-serveixen\/","og_site_name":"iMaxilodental","article_published_time":"2022-04-04T16:29:31+00:00","article_modified_time":"2022-04-04T16:33:23+00:00","og_image":[{"width":761,"height":761,"url":"https:\/\/imaxilodental.com\/wp-content\/uploads\/2022\/04\/Captura3.jpg","type":"image\/jpeg"}],"author":"Institut Maxil\u00b7lodental","twitter_misc":{"Escrit per":"Institut Maxil\u00b7lodental","Temps estimat de lectura":"3 minuts"},"schema":{"@context":"https:\/\/schema.org","@graph":[{"@type":"Article","@id":"https:\/\/imaxilodental.com\/ca\/ataches-en-invisalign-que-son-i-per-a-que-serveixen\/#article","isPartOf":{"@id":"https:\/\/imaxilodental.com\/ca\/ataches-en-invisalign-que-son-i-per-a-que-serveixen\/"},"author":{"name":"Institut Maxil\u00b7lodental","@id":"https:\/\/imaxilodental.com\/#\/schema\/person\/0e2be65fe5c58a890def71626ff879eb"},"headline":"Ataches en Invisalign: qu\u00e8 s\u00f3n i per a qu\u00e8 serveixen","datePublished":"2022-04-04T16:29:31+00:00","dateModified":"2022-04-04T16:33:23+00:00","mainEntityOfPage":{"@id":"https:\/\/imaxilodental.com\/ca\/ataches-en-invisalign-que-son-i-per-a-que-serveixen\/"},"wordCount":614,"image":{"@id":"https:\/\/imaxilodental.com\/ca\/ataches-en-invisalign-que-son-i-per-a-que-serveixen\/#primaryimage"},"thumbnailUrl":"https:\/\/imaxilodental.com\/wp-content\/uploads\/2022\/04\/Captura3.jpg","keywords":["alineadors invisibles","invisalign","ortodoncia invisible","tractament ortod\u00f2ntic"],"articleSection":["Actualitat"],"inLanguage":"ca"},{"@type":"WebPage","@id":"https:\/\/imaxilodental.com\/ca\/ataches-en-invisalign-que-son-i-per-a-que-serveixen\/","url":"https:\/\/imaxilodental.com\/ca\/ataches-en-invisalign-que-son-i-per-a-que-serveixen\/","name":"Ataches en Invisalign: qu\u00e8 s\u00f3n i per a qu\u00e8 serveixen - iMaxilodental","isPartOf":{"@id":"https:\/\/imaxilodental.com\/#website"},"primaryImageOfPage":{"@id":"https:\/\/imaxilodental.com\/ca\/ataches-en-invisalign-que-son-i-per-a-que-serveixen\/#primaryimage"},"image":{"@id":"https:\/\/imaxilodental.com\/ca\/ataches-en-invisalign-que-son-i-per-a-que-serveixen\/#primaryimage"},"thumbnailUrl":"https:\/\/imaxilodental.com\/wp-content\/uploads\/2022\/04\/Captura3.jpg","datePublished":"2022-04-04T16:29:31+00:00","dateModified":"2022-04-04T16:33:23+00:00","author":{"@id":"https:\/\/imaxilodental.com\/#\/schema\/person\/0e2be65fe5c58a890def71626ff879eb"},"description":"Els ataches dentals s\u00f3n petites protuber\u00e0ncies de composite adherides a les dents que serveixen per crear tracci\u00f3 amb Invisalign","breadcrumb":{"@id":"https:\/\/imaxilodental.com\/ca\/ataches-en-invisalign-que-son-i-per-a-que-serveixen\/#breadcrumb"},"inLanguage":"ca","potentialAction":[{"@type":"ReadAction","target":["https:\/\/imaxilodental.com\/ca\/ataches-en-invisalign-que-son-i-per-a-que-serveixen\/"]}]},{"@type":"ImageObject","inLanguage":"ca","@id":"https:\/\/imaxilodental.com\/ca\/ataches-en-invisalign-que-son-i-per-a-que-serveixen\/#primaryimage","url":"https:\/\/imaxilodental.com\/wp-content\/uploads\/2022\/04\/Captura3.jpg","contentUrl":"https:\/\/imaxilodental.com\/wp-content\/uploads\/2022\/04\/Captura3.jpg","width":761,"height":761,"caption":"Ataches Invisalign"},{"@type":"BreadcrumbList","@id":"https:\/\/imaxilodental.com\/ca\/ataches-en-invisalign-que-son-i-per-a-que-serveixen\/#breadcrumb","itemListElement":[{"@type":"ListItem","position":1,"name":"Portada","item":"https:\/\/imaxilodental.com\/ca\/"},{"@type":"ListItem","position":2,"name":"Ataches en Invisalign: qu\u00e8 s\u00f3n i per a qu\u00e8 serveixen"}]},{"@type":"WebSite","@id":"https:\/\/imaxilodental.com\/#website","url":"https:\/\/imaxilodental.com\/","name":"iMaxilodental","description":"","potentialAction":[{"@type":"SearchAction","target":{"@type":"EntryPoint","urlTemplate":"https:\/\/imaxilodental.com\/?s={search_term_string}"},"query-input":{"@type":"PropertyValueSpecification","valueRequired":true,"valueName":"search_term_string"}}],"inLanguage":"ca"},{"@type":"Person","@id":"https:\/\/imaxilodental.com\/#\/schema\/person\/0e2be65fe5c58a890def71626ff879eb","name":"Institut Maxil\u00b7lodental","image":{"@type":"ImageObject","inLanguage":"ca","@id":"https:\/\/secure.gravatar.com\/avatar\/dd77c6bb181e05063fd56a8b54fa4fc916d912b7ff5940a9b931c9f84fa29360?s=96&d=mm&r=g","url":"https:\/\/secure.gravatar.com\/avatar\/dd77c6bb181e05063fd56a8b54fa4fc916d912b7ff5940a9b931c9f84fa29360?s=96&d=mm&r=g","contentUrl":"https:\/\/secure.gravatar.com\/avatar\/dd77c6bb181e05063fd56a8b54fa4fc916d912b7ff5940a9b931c9f84fa29360?s=96&d=mm&r=g","caption":"Institut Maxil\u00b7lodental"},"url":"https:\/\/imaxilodental.com\/ca\/author\/admin\/"}]}},"meta_box":[],"_links":{"self":[{"href":"https:\/\/imaxilodental.com\/ca\/wp-json\/wp\/v2\/posts\/2358","targetHints":{"allow":["GET"]}}],"collection":[{"href":"https:\/\/imaxilodental.com\/ca\/wp-json\/wp\/v2\/posts"}],"about":[{"href":"https:\/\/imaxilodental.com\/ca\/wp-json\/wp\/v2\/types\/post"}],"author":[{"embeddable":true,"href":"https:\/\/imaxilodental.com\/ca\/wp-json\/wp\/v2\/users\/1"}],"replies":[{"embeddable":true,"href":"https:\/\/imaxilodental.com\/ca\/wp-json\/wp\/v2\/comments?post=2358"}],"version-history":[{"count":4,"href":"https:\/\/imaxilodental.com\/ca\/wp-json\/wp\/v2\/posts\/2358\/revisions"}],"predecessor-version":[{"id":2362,"href":"https:\/\/imaxilodental.com\/ca\/wp-json\/wp\/v2\/posts\/2358\/revisions\/2362"}],"wp:featuredmedia":[{"embeddable":true,"href":"https:\/\/imaxilodental.com\/ca\/wp-json\/wp\/v2\/media\/2346"}],"wp:attachment":[{"href":"https:\/\/imaxilodental.com\/ca\/wp-json\/wp\/v2\/media?parent=2358"}],"wp:term":[{"taxonomy":"category","embeddable":true,"href":"https:\/\/imaxilodental.com\/ca\/wp-json\/wp\/v2\/categories?post=2358"},{"taxonomy":"post_tag","embeddable":true,"href":"https:\/\/imaxilodental.com\/ca\/wp-json\/wp\/v2\/tags?post=2358"}],"curies":[{"name":"wp","href":"https:\/\/api.w.org\/{rel}","templated":true}]}}