{"id":2204,"date":"2022-01-14T09:40:12","date_gmt":"2022-01-14T09:40:12","guid":{"rendered":"https:\/\/imaxilodental.com\/?p=2204"},"modified":"2022-01-14T09:40:12","modified_gmt":"2022-01-14T09:40:12","slug":"5-preguntes-sobre-lortodoncia-invisible","status":"publish","type":"post","link":"https:\/\/imaxilodental.com\/ca\/5-preguntes-sobre-lortodoncia-invisible\/","title":{"rendered":"5 preguntes sobre l&#8217;ortod\u00f2ncia invisible"},"content":{"rendered":"<p><strong>1. L&#8217;ortod\u00f2ncia invisible dona els mateixos resultats que l&#8217;ortod\u00f2ncia convencional?<\/strong><\/p>\n<p>S\u00ed \u2013 <a href=\"https:\/\/imaxilodental.com\/ca\/ortodoncia\/\" target=\"_blank\" rel=\"noopener\">L&#8217;ortod\u00f2ncia<\/a> Invisible ofereix uns resultats incre\u00efbles. Avui dia, \u00e9s l&#8217;opci\u00f3 m\u00e9s triada tant pels especialistes com pels pacients que acudeixen a la cl\u00ednica.<\/p>\n<p>El resultat que obtenim amb aquesta mena d&#8217;ortod\u00f2ncia \u00e9s el mateix que s&#8217;obtindria amb l&#8217;ortod\u00f2ncia tradicional, sempre que se segueixin les indicacions de l&#8217;especialista i se sigui constant en el tractament i en les visites de control indicades per l&#8217;especialista.<\/p>\n<p>\n<strong>2. Quant temps dura el tractament d&#8217;ortod\u00f2ncia invisible?<\/strong><\/p>\n<p>La durada d&#8217;aquest tractament dependr\u00e0 de les necessitats del pacient. \u00c9s similar, fins i tot m\u00e9s r\u00e0pid en casos \u201csenzills\u201d.<\/p>\n<p>Cada cas \u00e9s <a href=\"https:\/\/imaxilodental.com\/ca\/contacte\/\" target=\"_blank\" rel=\"noopener\">estudiat per l&#8217;especialista<\/a> i poden variar en durada segons el problema dento-oclusal\u00a0a solucionar.<\/p>\n<p><strong>3. En quins casos es pot aplicar aquest tipus d&#8217;ortod\u00f2ncia? soc candidat?<\/strong><\/p>\n<p>En la majoria dels casos, aquest tractament \u00e9s aplicable i efica\u00e7. Alguns dels problemes m\u00e9s comuns, a part de la\u00a0maloclsuion, que podem solucionar amb l&#8217;ortod\u00f2ncia invisible s\u00f3n:<\/p>\n<p>&#8211; Apinyament dental<br \/>\n&#8211; Dents tortes-girades<br \/>\n&#8211; Dents separades<br \/>\n&#8211; Mossegada croada, oberta o\u00a0sobremordida, entre altres<\/p>\n<p>\n<strong>4. El tractament \u00e9s dolor\u00f3s?<\/strong><\/p>\n<p>L&#8217;objectiu dels <a href=\"https:\/\/imaxilodental.com\/ca\/ortodoncia\/\" target=\"_blank\" rel=\"noopener\">tractaments d&#8217;ortod\u00f2ncia<\/a> \u00e9s retornar les dents a la seva posici\u00f3 correcta en oclusi\u00f3, \u00e9s per aix\u00f2 que pot ser que el pacient senti alguna mol\u00e8stia en el canvi de f\u00e8rules per la pressi\u00f3 que pugui exercir aquesta en les dents el primer dia, igual que pot oc\u00f3rrer amb l&#8217;ortod\u00f2ncia tradicional.<\/p>\n<p><strong>5. Els resultats s\u00f3n duradors?<\/strong><\/p>\n<p>S\u00ed, els resultats s\u00f3n duradors, caldr\u00e0 <a href=\"https:\/\/imaxilodental.com\/ca\/equip\/\" target=\"_blank\" rel=\"noopener\">seguir les indicacions de l&#8217;especialista<\/a>, ja que en algun dels casos faria falta fer algun altre tractament.<\/p>\n<p>&nbsp;<\/p>\n<p>&nbsp;<\/p>\n<p><em><strong>Contingut relacionat:<\/strong><\/em><\/p>\n<blockquote class=\"wp-embedded-content\" data-secret=\"RdxIXYp13L\"><p><a href=\"https:\/\/imaxilodental.com\/ca\/com-sera-el-teu-tractament-a-mollet-del-valles\/\">Invisalign en 4 passos: Com ser\u00e0 el teu tractament<\/a><\/p><\/blockquote>\n<p><iframe loading=\"lazy\" class=\"wp-embedded-content\" sandbox=\"allow-scripts\" security=\"restricted\" style=\"position: absolute; clip: rect(1px, 1px, 1px, 1px);\" title=\"&#8220;Invisalign en 4 passos: Com ser\u00e0 el teu tractament&#8221; &#8212; iMaxilodental\" src=\"https:\/\/imaxilodental.com\/ca\/com-sera-el-teu-tractament-a-mollet-del-valles\/embed\/#?secret=6y6k5Jz7Ds#?secret=RdxIXYp13L\" data-secret=\"RdxIXYp13L\" width=\"500\" height=\"282\" frameborder=\"0\" marginwidth=\"0\" marginheight=\"0\" scrolling=\"no\"><\/iframe><\/p>\n<blockquote class=\"wp-embedded-content\" data-secret=\"odGJZOVgBx\"><p><a href=\"https:\/\/imaxilodental.com\/ca\/5-dades-que-no-sabies-sobre-lortodoncia-invisible\/\">5 dades que no sabies sobre l&#8217;ortod\u00f2ncia invisible<\/a><\/p><\/blockquote>\n<p><iframe loading=\"lazy\" class=\"wp-embedded-content\" sandbox=\"allow-scripts\" security=\"restricted\" style=\"position: absolute; clip: rect(1px, 1px, 1px, 1px);\" title=\"&#8220;5 dades que no sabies sobre l&#8217;ortod\u00f2ncia invisible&#8221; &#8212; iMaxilodental\" src=\"https:\/\/imaxilodental.com\/ca\/5-dades-que-no-sabies-sobre-lortodoncia-invisible\/embed\/#?secret=TfH0VqqTMb#?secret=odGJZOVgBx\" data-secret=\"odGJZOVgBx\" width=\"500\" height=\"282\" frameborder=\"0\" marginwidth=\"0\" marginheight=\"0\" scrolling=\"no\"><\/iframe><\/p>\n<blockquote class=\"wp-embedded-content\" data-secret=\"NBhokgpp4o\"><p><a href=\"https:\/\/imaxilodental.com\/ca\/ortodoncia-9-dades-que-has-de-saber\/\">Ortod\u00f2ncia: 9 dades que has de saber<\/a><\/p><\/blockquote>\n<p><iframe loading=\"lazy\" class=\"wp-embedded-content\" sandbox=\"allow-scripts\" security=\"restricted\" style=\"position: absolute; clip: rect(1px, 1px, 1px, 1px);\" title=\"&#8220;Ortod\u00f2ncia: 9 dades que has de saber&#8221; &#8212; iMaxilodental\" src=\"https:\/\/imaxilodental.com\/ca\/ortodoncia-9-dades-que-has-de-saber\/embed\/#?secret=80p4rUkh8u#?secret=NBhokgpp4o\" data-secret=\"NBhokgpp4o\" width=\"500\" height=\"282\" frameborder=\"0\" marginwidth=\"0\" marginheight=\"0\" scrolling=\"no\"><\/iframe><\/p>\n<p>&nbsp;<\/p>\n<p>&nbsp;<\/p>\n<p>&nbsp;<\/p>\n<p>&nbsp;<\/p>\n<p>&nbsp;<\/p>\n<p>&nbsp;<\/p>\n<p><strong>\u00a0<\/strong><\/p>\n<p><strong>\u00a0<\/strong><\/p>\n","protected":false},"excerpt":{"rendered":"<p>1. L&#8217;ortod\u00f2ncia invisible dona els mateixos resultats que l&#8217;ortod\u00f2ncia convencional? S\u00ed \u2013 L&#8217;ortod\u00f2ncia Invisible ofereix uns resultats incre\u00efbles. Avui dia, \u00e9s l&#8217;opci\u00f3 m\u00e9s triada tant pels especialistes com pels pacients que acudeixen a la cl\u00ednica. El resultat que obtenim amb aquesta mena d&#8217;ortod\u00f2ncia \u00e9s el mateix que s&#8217;obtindria amb l&#8217;ortod\u00f2ncia tradicional, sempre que se segueixin [&hellip;]<\/p>\n","protected":false},"author":2,"featured_media":2200,"comment_status":"closed","ping_status":"open","sticky":false,"template":"","format":"standard","meta":{"footnotes":""},"categories":[10],"tags":[30,13,35],"class_list":["post-2204","post","type-post","status-publish","format-standard","has-post-thumbnail","hentry","category-actualitat","tag-invisalign","tag-ortodoncia-infantil","tag-tractament-ortodontic"],"yoast_head":"<!-- This site is optimized with the Yoast SEO plugin v27.2 - https:\/\/yoast.com\/product\/yoast-seo-wordpress\/ -->\n<title>5 preguntes sobre l&#039;ortod\u00f2ncia invisible - IMaxilodental 5 preguntes sobre l&#039;ortod\u00f2ncia invisible<\/title>\n<meta name=\"robots\" content=\"index, follow, max-snippet:-1, max-image-preview:large, max-video-preview:-1\" \/>\n<link rel=\"canonical\" href=\"https:\/\/imaxilodental.com\/ca\/5-preguntes-sobre-lortodoncia-invisible\/\" \/>\n<meta property=\"og:locale\" content=\"ca_ES\" \/>\n<meta property=\"og:type\" content=\"article\" \/>\n<meta property=\"og:title\" content=\"5 preguntes sobre l&#039;ortod\u00f2ncia invisible - IMaxilodental 5 preguntes sobre l&#039;ortod\u00f2ncia invisible\" \/>\n<meta property=\"og:description\" content=\"1. L&#8217;ortod\u00f2ncia invisible dona els mateixos resultats que l&#8217;ortod\u00f2ncia convencional? S\u00ed \u2013 L&#8217;ortod\u00f2ncia Invisible ofereix uns resultats incre\u00efbles. Avui dia, \u00e9s l&#8217;opci\u00f3 m\u00e9s triada tant pels especialistes com pels pacients que acudeixen a la cl\u00ednica. El resultat que obtenim amb aquesta mena d&#8217;ortod\u00f2ncia \u00e9s el mateix que s&#8217;obtindria amb l&#8217;ortod\u00f2ncia tradicional, sempre que se segueixin [&hellip;]\" \/>\n<meta property=\"og:url\" content=\"https:\/\/imaxilodental.com\/ca\/5-preguntes-sobre-lortodoncia-invisible\/\" \/>\n<meta property=\"og:site_name\" content=\"iMaxilodental\" \/>\n<meta property=\"article:published_time\" content=\"2022-01-14T09:40:12+00:00\" \/>\n<meta property=\"og:image\" content=\"https:\/\/imaxilodental.com\/wp-content\/uploads\/2022\/01\/orto.jpg\" \/>\n\t<meta property=\"og:image:width\" content=\"1080\" \/>\n\t<meta property=\"og:image:height\" content=\"1080\" \/>\n\t<meta property=\"og:image:type\" content=\"image\/jpeg\" \/>\n<meta name=\"author\" content=\"Alicia\" \/>\n<meta name=\"twitter:label1\" content=\"Escrit per\" \/>\n\t<meta name=\"twitter:data1\" content=\"Alicia\" \/>\n\t<meta name=\"twitter:label2\" content=\"Temps estimat de lectura\" \/>\n\t<meta name=\"twitter:data2\" content=\"2 minuts\" \/>\n<script type=\"application\/ld+json\" class=\"yoast-schema-graph\">{\"@context\":\"https:\/\/schema.org\",\"@graph\":[{\"@type\":\"Article\",\"@id\":\"https:\/\/imaxilodental.com\/ca\/5-preguntes-sobre-lortodoncia-invisible\/#article\",\"isPartOf\":{\"@id\":\"https:\/\/imaxilodental.com\/ca\/5-preguntes-sobre-lortodoncia-invisible\/\"},\"author\":{\"name\":\"Alicia\",\"@id\":\"https:\/\/imaxilodental.com\/#\/schema\/person\/8eecf3ba33736908920c568859317699\"},\"headline\":\"5 preguntes sobre l&#8217;ortod\u00f2ncia invisible\",\"datePublished\":\"2022-01-14T09:40:12+00:00\",\"mainEntityOfPage\":{\"@id\":\"https:\/\/imaxilodental.com\/ca\/5-preguntes-sobre-lortodoncia-invisible\/\"},\"wordCount\":329,\"image\":{\"@id\":\"https:\/\/imaxilodental.com\/ca\/5-preguntes-sobre-lortodoncia-invisible\/#primaryimage\"},\"thumbnailUrl\":\"https:\/\/imaxilodental.com\/wp-content\/uploads\/2022\/01\/orto.jpg\",\"keywords\":[\"invisalign\",\"ortodoncia infantil\",\"tractament ortod\u00f2ntic\"],\"articleSection\":[\"Actualitat\"],\"inLanguage\":\"ca\"},{\"@type\":\"WebPage\",\"@id\":\"https:\/\/imaxilodental.com\/ca\/5-preguntes-sobre-lortodoncia-invisible\/\",\"url\":\"https:\/\/imaxilodental.com\/ca\/5-preguntes-sobre-lortodoncia-invisible\/\",\"name\":\"5 preguntes sobre l'ortod\u00f2ncia invisible - IMaxilodental 5 preguntes sobre l'ortod\u00f2ncia invisible\",\"isPartOf\":{\"@id\":\"https:\/\/imaxilodental.com\/#website\"},\"primaryImageOfPage\":{\"@id\":\"https:\/\/imaxilodental.com\/ca\/5-preguntes-sobre-lortodoncia-invisible\/#primaryimage\"},\"image\":{\"@id\":\"https:\/\/imaxilodental.com\/ca\/5-preguntes-sobre-lortodoncia-invisible\/#primaryimage\"},\"thumbnailUrl\":\"https:\/\/imaxilodental.com\/wp-content\/uploads\/2022\/01\/orto.jpg\",\"datePublished\":\"2022-01-14T09:40:12+00:00\",\"author\":{\"@id\":\"https:\/\/imaxilodental.com\/#\/schema\/person\/8eecf3ba33736908920c568859317699\"},\"breadcrumb\":{\"@id\":\"https:\/\/imaxilodental.com\/ca\/5-preguntes-sobre-lortodoncia-invisible\/#breadcrumb\"},\"inLanguage\":\"ca\",\"potentialAction\":[{\"@type\":\"ReadAction\",\"target\":[\"https:\/\/imaxilodental.com\/ca\/5-preguntes-sobre-lortodoncia-invisible\/\"]}]},{\"@type\":\"ImageObject\",\"inLanguage\":\"ca\",\"@id\":\"https:\/\/imaxilodental.com\/ca\/5-preguntes-sobre-lortodoncia-invisible\/#primaryimage\",\"url\":\"https:\/\/imaxilodental.com\/wp-content\/uploads\/2022\/01\/orto.jpg\",\"contentUrl\":\"https:\/\/imaxilodental.com\/wp-content\/uploads\/2022\/01\/orto.jpg\",\"width\":1080,\"height\":1080},{\"@type\":\"BreadcrumbList\",\"@id\":\"https:\/\/imaxilodental.com\/ca\/5-preguntes-sobre-lortodoncia-invisible\/#breadcrumb\",\"itemListElement\":[{\"@type\":\"ListItem\",\"position\":1,\"name\":\"Portada\",\"item\":\"https:\/\/imaxilodental.com\/ca\/\"},{\"@type\":\"ListItem\",\"position\":2,\"name\":\"5 preguntes sobre l&#8217;ortod\u00f2ncia invisible\"}]},{\"@type\":\"WebSite\",\"@id\":\"https:\/\/imaxilodental.com\/#website\",\"url\":\"https:\/\/imaxilodental.com\/\",\"name\":\"iMaxilodental\",\"description\":\"\",\"potentialAction\":[{\"@type\":\"SearchAction\",\"target\":{\"@type\":\"EntryPoint\",\"urlTemplate\":\"https:\/\/imaxilodental.com\/?s={search_term_string}\"},\"query-input\":{\"@type\":\"PropertyValueSpecification\",\"valueRequired\":true,\"valueName\":\"search_term_string\"}}],\"inLanguage\":\"ca\"},{\"@type\":\"Person\",\"@id\":\"https:\/\/imaxilodental.com\/#\/schema\/person\/8eecf3ba33736908920c568859317699\",\"name\":\"Alicia\",\"image\":{\"@type\":\"ImageObject\",\"inLanguage\":\"ca\",\"@id\":\"https:\/\/secure.gravatar.com\/avatar\/494cef922b404e869e55de756d4b7c31b30808b870efa63391045a4ac077e3ae?s=96&d=mm&r=g\",\"url\":\"https:\/\/secure.gravatar.com\/avatar\/494cef922b404e869e55de756d4b7c31b30808b870efa63391045a4ac077e3ae?s=96&d=mm&r=g\",\"contentUrl\":\"https:\/\/secure.gravatar.com\/avatar\/494cef922b404e869e55de756d4b7c31b30808b870efa63391045a4ac077e3ae?s=96&d=mm&r=g\",\"caption\":\"Alicia\"},\"url\":\"https:\/\/imaxilodental.com\/ca\/author\/alicia\/\"}]}<\/script>\n<!-- \/ Yoast SEO plugin. -->","yoast_head_json":{"title":"5 preguntes sobre l'ortod\u00f2ncia invisible - IMaxilodental 5 preguntes sobre l'ortod\u00f2ncia invisible","robots":{"index":"index","follow":"follow","max-snippet":"max-snippet:-1","max-image-preview":"max-image-preview:large","max-video-preview":"max-video-preview:-1"},"canonical":"https:\/\/imaxilodental.com\/ca\/5-preguntes-sobre-lortodoncia-invisible\/","og_locale":"ca_ES","og_type":"article","og_title":"5 preguntes sobre l'ortod\u00f2ncia invisible - IMaxilodental 5 preguntes sobre l'ortod\u00f2ncia invisible","og_description":"1. L&#8217;ortod\u00f2ncia invisible dona els mateixos resultats que l&#8217;ortod\u00f2ncia convencional? S\u00ed \u2013 L&#8217;ortod\u00f2ncia Invisible ofereix uns resultats incre\u00efbles. Avui dia, \u00e9s l&#8217;opci\u00f3 m\u00e9s triada tant pels especialistes com pels pacients que acudeixen a la cl\u00ednica. El resultat que obtenim amb aquesta mena d&#8217;ortod\u00f2ncia \u00e9s el mateix que s&#8217;obtindria amb l&#8217;ortod\u00f2ncia tradicional, sempre que se segueixin [&hellip;]","og_url":"https:\/\/imaxilodental.com\/ca\/5-preguntes-sobre-lortodoncia-invisible\/","og_site_name":"iMaxilodental","article_published_time":"2022-01-14T09:40:12+00:00","og_image":[{"width":1080,"height":1080,"url":"https:\/\/imaxilodental.com\/wp-content\/uploads\/2022\/01\/orto.jpg","type":"image\/jpeg"}],"author":"Alicia","twitter_misc":{"Escrit per":"Alicia","Temps estimat de lectura":"2 minuts"},"schema":{"@context":"https:\/\/schema.org","@graph":[{"@type":"Article","@id":"https:\/\/imaxilodental.com\/ca\/5-preguntes-sobre-lortodoncia-invisible\/#article","isPartOf":{"@id":"https:\/\/imaxilodental.com\/ca\/5-preguntes-sobre-lortodoncia-invisible\/"},"author":{"name":"Alicia","@id":"https:\/\/imaxilodental.com\/#\/schema\/person\/8eecf3ba33736908920c568859317699"},"headline":"5 preguntes sobre l&#8217;ortod\u00f2ncia invisible","datePublished":"2022-01-14T09:40:12+00:00","mainEntityOfPage":{"@id":"https:\/\/imaxilodental.com\/ca\/5-preguntes-sobre-lortodoncia-invisible\/"},"wordCount":329,"image":{"@id":"https:\/\/imaxilodental.com\/ca\/5-preguntes-sobre-lortodoncia-invisible\/#primaryimage"},"thumbnailUrl":"https:\/\/imaxilodental.com\/wp-content\/uploads\/2022\/01\/orto.jpg","keywords":["invisalign","ortodoncia infantil","tractament ortod\u00f2ntic"],"articleSection":["Actualitat"],"inLanguage":"ca"},{"@type":"WebPage","@id":"https:\/\/imaxilodental.com\/ca\/5-preguntes-sobre-lortodoncia-invisible\/","url":"https:\/\/imaxilodental.com\/ca\/5-preguntes-sobre-lortodoncia-invisible\/","name":"5 preguntes sobre l'ortod\u00f2ncia invisible - IMaxilodental 5 preguntes sobre l'ortod\u00f2ncia invisible","isPartOf":{"@id":"https:\/\/imaxilodental.com\/#website"},"primaryImageOfPage":{"@id":"https:\/\/imaxilodental.com\/ca\/5-preguntes-sobre-lortodoncia-invisible\/#primaryimage"},"image":{"@id":"https:\/\/imaxilodental.com\/ca\/5-preguntes-sobre-lortodoncia-invisible\/#primaryimage"},"thumbnailUrl":"https:\/\/imaxilodental.com\/wp-content\/uploads\/2022\/01\/orto.jpg","datePublished":"2022-01-14T09:40:12+00:00","author":{"@id":"https:\/\/imaxilodental.com\/#\/schema\/person\/8eecf3ba33736908920c568859317699"},"breadcrumb":{"@id":"https:\/\/imaxilodental.com\/ca\/5-preguntes-sobre-lortodoncia-invisible\/#breadcrumb"},"inLanguage":"ca","potentialAction":[{"@type":"ReadAction","target":["https:\/\/imaxilodental.com\/ca\/5-preguntes-sobre-lortodoncia-invisible\/"]}]},{"@type":"ImageObject","inLanguage":"ca","@id":"https:\/\/imaxilodental.com\/ca\/5-preguntes-sobre-lortodoncia-invisible\/#primaryimage","url":"https:\/\/imaxilodental.com\/wp-content\/uploads\/2022\/01\/orto.jpg","contentUrl":"https:\/\/imaxilodental.com\/wp-content\/uploads\/2022\/01\/orto.jpg","width":1080,"height":1080},{"@type":"BreadcrumbList","@id":"https:\/\/imaxilodental.com\/ca\/5-preguntes-sobre-lortodoncia-invisible\/#breadcrumb","itemListElement":[{"@type":"ListItem","position":1,"name":"Portada","item":"https:\/\/imaxilodental.com\/ca\/"},{"@type":"ListItem","position":2,"name":"5 preguntes sobre l&#8217;ortod\u00f2ncia invisible"}]},{"@type":"WebSite","@id":"https:\/\/imaxilodental.com\/#website","url":"https:\/\/imaxilodental.com\/","name":"iMaxilodental","description":"","potentialAction":[{"@type":"SearchAction","target":{"@type":"EntryPoint","urlTemplate":"https:\/\/imaxilodental.com\/?s={search_term_string}"},"query-input":{"@type":"PropertyValueSpecification","valueRequired":true,"valueName":"search_term_string"}}],"inLanguage":"ca"},{"@type":"Person","@id":"https:\/\/imaxilodental.com\/#\/schema\/person\/8eecf3ba33736908920c568859317699","name":"Alicia","image":{"@type":"ImageObject","inLanguage":"ca","@id":"https:\/\/secure.gravatar.com\/avatar\/494cef922b404e869e55de756d4b7c31b30808b870efa63391045a4ac077e3ae?s=96&d=mm&r=g","url":"https:\/\/secure.gravatar.com\/avatar\/494cef922b404e869e55de756d4b7c31b30808b870efa63391045a4ac077e3ae?s=96&d=mm&r=g","contentUrl":"https:\/\/secure.gravatar.com\/avatar\/494cef922b404e869e55de756d4b7c31b30808b870efa63391045a4ac077e3ae?s=96&d=mm&r=g","caption":"Alicia"},"url":"https:\/\/imaxilodental.com\/ca\/author\/alicia\/"}]}},"meta_box":[],"_links":{"self":[{"href":"https:\/\/imaxilodental.com\/ca\/wp-json\/wp\/v2\/posts\/2204","targetHints":{"allow":["GET"]}}],"collection":[{"href":"https:\/\/imaxilodental.com\/ca\/wp-json\/wp\/v2\/posts"}],"about":[{"href":"https:\/\/imaxilodental.com\/ca\/wp-json\/wp\/v2\/types\/post"}],"author":[{"embeddable":true,"href":"https:\/\/imaxilodental.com\/ca\/wp-json\/wp\/v2\/users\/2"}],"replies":[{"embeddable":true,"href":"https:\/\/imaxilodental.com\/ca\/wp-json\/wp\/v2\/comments?post=2204"}],"version-history":[{"count":1,"href":"https:\/\/imaxilodental.com\/ca\/wp-json\/wp\/v2\/posts\/2204\/revisions"}],"predecessor-version":[{"id":2205,"href":"https:\/\/imaxilodental.com\/ca\/wp-json\/wp\/v2\/posts\/2204\/revisions\/2205"}],"wp:featuredmedia":[{"embeddable":true,"href":"https:\/\/imaxilodental.com\/ca\/wp-json\/wp\/v2\/media\/2200"}],"wp:attachment":[{"href":"https:\/\/imaxilodental.com\/ca\/wp-json\/wp\/v2\/media?parent=2204"}],"wp:term":[{"taxonomy":"category","embeddable":true,"href":"https:\/\/imaxilodental.com\/ca\/wp-json\/wp\/v2\/categories?post=2204"},{"taxonomy":"post_tag","embeddable":true,"href":"https:\/\/imaxilodental.com\/ca\/wp-json\/wp\/v2\/tags?post=2204"}],"curies":[{"name":"wp","href":"https:\/\/api.w.org\/{rel}","templated":true}]}}