{"id":1809,"date":"2021-07-12T10:48:50","date_gmt":"2021-07-12T10:48:50","guid":{"rendered":"https:\/\/imaxilodental.com\/?p=1809"},"modified":"2022-01-10T16:10:22","modified_gmt":"2022-01-10T16:10:22","slug":"com-cuidar-les-dents-durant-les-vacances","status":"publish","type":"post","link":"https:\/\/imaxilodental.com\/ca\/com-cuidar-les-dents-durant-les-vacances\/","title":{"rendered":"Com cuidar les dents durant les vacances"},"content":{"rendered":"<p>Quan deixem les rutines a una banda, \u00e9s bastant com\u00fa que ens oblidem de cuidar la nostra boca tant com de costum. <strong>L&#8217;aparici\u00f3 de c\u00e0ries es triplica durant les vacances d&#8217;estiu<\/strong>, i aix\u00f2 es deu principalment al fet que l&#8217;alteraci\u00f3 de la nostra rutina habitual evita que cuidem de la nostra boca com fem normalment.<\/p>\n<p>Per evitar aix\u00f2, prepara b\u00e9 el necesser per tenir cura de les teves dents: aix\u00f2 no vol dir ficar nom\u00e9s l&#8217;essencial, com pot ser el raspall de dents, pasta de dents, col\u00b7lutori, etc &#8230; sin\u00f3 pensar m\u00e9s enll\u00e0 i tractar de mantenir les teves rutines d&#8217;higiene i salut bucal; si utilitzes f\u00e8rules nocturnes, no oblidis agafar-les, si portes <a href=\"https:\/\/imaxilodental.com\/ca\/ortodoncia\/\" target=\"_blank\" rel=\"noopener\">brackets,<\/a> no oblidis les gomes i per descomptat, si est\u00e0s seguint un <a href=\"https:\/\/imaxilodental.com\/ca\/ortodoncia\/\" target=\"_blank\" rel=\"noopener\">tractament d&#8217;ortod\u00f2ncia invisible<\/a> i et vas diverses setmanes de la ciutat, no oblidis trucar al teu dentista perqu\u00e8 et prepari les f\u00e8rules que et corresponguin portar durant aquest temps.<\/p>\n<h4 data-tadv-p=\"keep\">Cal tenir molt clar que anar-se&#8217;n de vacances no vol dir abandonar o descuidar la higiene bucal. Per aix\u00f2, a m\u00e9s de planificar b\u00e9 la teva necesser, <strong>avui et donem alguns consells perqu\u00e8 llueixis el millor somriure aquest estiu (i la resta de l&#8217;any):<\/strong><\/h4>\n<ol>\n<li>No abusis de les begudes i refrescos ensucrats.<\/li>\n<li>Modera el consum d&#8217;alcohol i tabac, ja que afavoreixen l&#8217;aparici\u00f3 d&#8217;halitosi i engroguiment dental.<\/li>\n<li>Ves amb compte amb les begudes i menjars que estiguin massa fredes, ja que produeixen sensibilitat dental.<\/li>\n<li>Beu molta aigua i menja fruites i verdures, ja que t&#8217;ajudar\u00e0 a protegir l&#8217;esmalt dental.<\/li>\n<li>Els xiclets sense sucre ajuden a segregar m\u00e9s saliva i a retirar restes de menjar<\/li>\n<li>Demanar iogurt de postres \u00e9s una bona opci\u00f3, ja que permet neutralitzar els \u00e0cids dels bacteris orals.<\/li>\n<li>Per tenir cura de la teva higiene bucal, porta sempre un raspall de dents de viatge i un tub de pasta dent\u00edfrica a la teva bossa \/ motxilla.<\/li>\n<li><a href=\"https:\/\/imaxilodental.com\/ca\/contacte\/\" target=\"_blank\" rel=\"noopener\">Programa una visita a Institut Maxil\u00b7lodental del Vall\u00e8s<\/a> per a la tornada de vacances.<\/li>\n<\/ol>\n<p>Seguint aquestes recomanacions podr\u00e0s gaudir de l&#8217;estiu i de les vacances fora de casa sense comprometre la salut del teu somriure.<\/p>\n<p><em><strong>Relacionat:<\/strong><\/em><\/p>\n<blockquote class=\"wp-embedded-content\" data-secret=\"dVdDYhPTrC\"><p><a href=\"https:\/\/imaxilodental.com\/ca\/raspall-de-dents-electric-o-manual-quin-es-el-millor-per-a-mi\/\">Raspall de dents el\u00e8ctric o manual: Quin \u00e9s per a mi?<\/a><\/p><\/blockquote>\n<p><iframe loading=\"lazy\" class=\"wp-embedded-content\" sandbox=\"allow-scripts\" security=\"restricted\" style=\"position: absolute; clip: rect(1px, 1px, 1px, 1px);\" title=\"&#8220;Raspall de dents el\u00e8ctric o manual: Quin \u00e9s per a mi?&#8221; &#8212; iMaxilodental\" src=\"https:\/\/imaxilodental.com\/ca\/raspall-de-dents-electric-o-manual-quin-es-el-millor-per-a-mi\/embed\/#?secret=hZR1HNpOrQ#?secret=dVdDYhPTrC\" data-secret=\"dVdDYhPTrC\" width=\"500\" height=\"282\" frameborder=\"0\" marginwidth=\"0\" marginheight=\"0\" scrolling=\"no\"><\/iframe><\/p>\n<blockquote class=\"wp-embedded-content\" data-secret=\"AVl1Gh2doT\"><p><a href=\"https:\/\/imaxilodental.com\/ca\/5-beneficis-duna-higiene-dental-professional\/\">5 Beneficis d&#8217;una higiene dental professional<\/a><\/p><\/blockquote>\n<p><iframe loading=\"lazy\" class=\"wp-embedded-content\" sandbox=\"allow-scripts\" security=\"restricted\" style=\"position: absolute; clip: rect(1px, 1px, 1px, 1px);\" title=\"&#8220;5 Beneficis d&#8217;una higiene dental professional&#8221; &#8212; iMaxilodental\" src=\"https:\/\/imaxilodental.com\/ca\/5-beneficis-duna-higiene-dental-professional\/embed\/#?secret=SmjHp90G8I#?secret=AVl1Gh2doT\" data-secret=\"AVl1Gh2doT\" width=\"500\" height=\"282\" frameborder=\"0\" marginwidth=\"0\" marginheight=\"0\" scrolling=\"no\"><\/iframe><\/p>\n<blockquote class=\"wp-embedded-content\" data-secret=\"WmBh6F6gz1\"><p><a href=\"https:\/\/imaxilodental.com\/ca\/la-importancia-de-la-salut-bucal\/\">La import\u00e0ncia de la salut bucal<\/a><\/p><\/blockquote>\n<p><iframe loading=\"lazy\" class=\"wp-embedded-content\" sandbox=\"allow-scripts\" security=\"restricted\" style=\"position: absolute; clip: rect(1px, 1px, 1px, 1px);\" title=\"&#8220;La import\u00e0ncia de la salut bucal&#8221; &#8212; iMaxilodental\" src=\"https:\/\/imaxilodental.com\/ca\/la-importancia-de-la-salut-bucal\/embed\/#?secret=nAF8zXic5v#?secret=WmBh6F6gz1\" data-secret=\"WmBh6F6gz1\" width=\"500\" height=\"282\" frameborder=\"0\" marginwidth=\"0\" marginheight=\"0\" scrolling=\"no\"><\/iframe><\/p>\n","protected":false},"excerpt":{"rendered":"<p>Quan deixem les rutines a una banda, \u00e9s bastant com\u00fa que ens oblidem de cuidar la nostra boca tant com de costum. L&#8217;aparici\u00f3 de c\u00e0ries es triplica durant les vacances d&#8217;estiu, i aix\u00f2 es deu principalment al fet que l&#8217;alteraci\u00f3 de la nostra rutina habitual evita que cuidem de la nostra boca com fem normalment. [&hellip;]<\/p>\n","protected":false},"author":2,"featured_media":1807,"comment_status":"closed","ping_status":"open","sticky":false,"template":"","format":"standard","meta":{"footnotes":""},"categories":[10],"tags":[14,31,63,11,62],"class_list":["post-1809","post","type-post","status-publish","format-standard","has-post-thumbnail","hentry","category-actualitat","tag-higiene","tag-higiene-dental","tag-neteja-professional","tag-ortodoncia","tag-salut-bucal"],"yoast_head":"<!-- This site is optimized with the Yoast SEO plugin v27.2 - https:\/\/yoast.com\/product\/yoast-seo-wordpress\/ -->\n<title>Com cuidar les dents durant les vacances - iMaxilodental<\/title>\n<meta name=\"description\" content=\"L\u2019aparici\u00f3 de c\u00e0ries es triplica durant les vacances d\u2019estiu i aix\u00f2 es deu principalment a alteraci\u00f3ns de la nostra rutina habitual. Evita&#039;l\" \/>\n<meta name=\"robots\" content=\"index, follow, max-snippet:-1, max-image-preview:large, max-video-preview:-1\" \/>\n<link rel=\"canonical\" href=\"https:\/\/imaxilodental.com\/ca\/com-cuidar-les-dents-durant-les-vacances\/\" \/>\n<meta property=\"og:locale\" content=\"ca_ES\" \/>\n<meta property=\"og:type\" content=\"article\" \/>\n<meta property=\"og:title\" content=\"Com cuidar les dents durant les vacances - iMaxilodental\" \/>\n<meta property=\"og:description\" content=\"L\u2019aparici\u00f3 de c\u00e0ries es triplica durant les vacances d\u2019estiu i aix\u00f2 es deu principalment a alteraci\u00f3ns de la nostra rutina habitual. Evita&#039;l\" \/>\n<meta property=\"og:url\" content=\"https:\/\/imaxilodental.com\/ca\/com-cuidar-les-dents-durant-les-vacances\/\" \/>\n<meta property=\"og:site_name\" content=\"iMaxilodental\" \/>\n<meta property=\"article:published_time\" content=\"2021-07-12T10:48:50+00:00\" \/>\n<meta property=\"article:modified_time\" content=\"2022-01-10T16:10:22+00:00\" \/>\n<meta property=\"og:image\" content=\"https:\/\/imaxilodental.com\/wp-content\/uploads\/2021\/07\/Untitled-design.jpg\" \/>\n\t<meta property=\"og:image:width\" content=\"1080\" \/>\n\t<meta property=\"og:image:height\" content=\"1080\" \/>\n\t<meta property=\"og:image:type\" content=\"image\/jpeg\" \/>\n<meta name=\"author\" content=\"Alicia\" \/>\n<meta name=\"twitter:label1\" content=\"Escrit per\" \/>\n\t<meta name=\"twitter:data1\" content=\"Alicia\" \/>\n\t<meta name=\"twitter:label2\" content=\"Temps estimat de lectura\" \/>\n\t<meta name=\"twitter:data2\" content=\"2 minuts\" \/>\n<script type=\"application\/ld+json\" class=\"yoast-schema-graph\">{\"@context\":\"https:\/\/schema.org\",\"@graph\":[{\"@type\":\"Article\",\"@id\":\"https:\/\/imaxilodental.com\/ca\/com-cuidar-les-dents-durant-les-vacances\/#article\",\"isPartOf\":{\"@id\":\"https:\/\/imaxilodental.com\/ca\/com-cuidar-les-dents-durant-les-vacances\/\"},\"author\":{\"name\":\"Alicia\",\"@id\":\"https:\/\/imaxilodental.com\/#\/schema\/person\/8eecf3ba33736908920c568859317699\"},\"headline\":\"Com cuidar les dents durant les vacances\",\"datePublished\":\"2021-07-12T10:48:50+00:00\",\"dateModified\":\"2022-01-10T16:10:22+00:00\",\"mainEntityOfPage\":{\"@id\":\"https:\/\/imaxilodental.com\/ca\/com-cuidar-les-dents-durant-les-vacances\/\"},\"wordCount\":396,\"image\":{\"@id\":\"https:\/\/imaxilodental.com\/ca\/com-cuidar-les-dents-durant-les-vacances\/#primaryimage\"},\"thumbnailUrl\":\"https:\/\/imaxilodental.com\/wp-content\/uploads\/2021\/07\/Untitled-design.jpg\",\"keywords\":[\"higiene\",\"higiene dental\",\"neteja professional\",\"ortodoncia\",\"salut bucal\"],\"articleSection\":[\"Actualitat\"],\"inLanguage\":\"ca\"},{\"@type\":\"WebPage\",\"@id\":\"https:\/\/imaxilodental.com\/ca\/com-cuidar-les-dents-durant-les-vacances\/\",\"url\":\"https:\/\/imaxilodental.com\/ca\/com-cuidar-les-dents-durant-les-vacances\/\",\"name\":\"Com cuidar les dents durant les vacances - iMaxilodental\",\"isPartOf\":{\"@id\":\"https:\/\/imaxilodental.com\/#website\"},\"primaryImageOfPage\":{\"@id\":\"https:\/\/imaxilodental.com\/ca\/com-cuidar-les-dents-durant-les-vacances\/#primaryimage\"},\"image\":{\"@id\":\"https:\/\/imaxilodental.com\/ca\/com-cuidar-les-dents-durant-les-vacances\/#primaryimage\"},\"thumbnailUrl\":\"https:\/\/imaxilodental.com\/wp-content\/uploads\/2021\/07\/Untitled-design.jpg\",\"datePublished\":\"2021-07-12T10:48:50+00:00\",\"dateModified\":\"2022-01-10T16:10:22+00:00\",\"author\":{\"@id\":\"https:\/\/imaxilodental.com\/#\/schema\/person\/8eecf3ba33736908920c568859317699\"},\"description\":\"L\u2019aparici\u00f3 de c\u00e0ries es triplica durant les vacances d\u2019estiu i aix\u00f2 es deu principalment a alteraci\u00f3ns de la nostra rutina habitual. Evita'l\",\"breadcrumb\":{\"@id\":\"https:\/\/imaxilodental.com\/ca\/com-cuidar-les-dents-durant-les-vacances\/#breadcrumb\"},\"inLanguage\":\"ca\",\"potentialAction\":[{\"@type\":\"ReadAction\",\"target\":[\"https:\/\/imaxilodental.com\/ca\/com-cuidar-les-dents-durant-les-vacances\/\"]}]},{\"@type\":\"ImageObject\",\"inLanguage\":\"ca\",\"@id\":\"https:\/\/imaxilodental.com\/ca\/com-cuidar-les-dents-durant-les-vacances\/#primaryimage\",\"url\":\"https:\/\/imaxilodental.com\/wp-content\/uploads\/2021\/07\/Untitled-design.jpg\",\"contentUrl\":\"https:\/\/imaxilodental.com\/wp-content\/uploads\/2021\/07\/Untitled-design.jpg\",\"width\":1080,\"height\":1080},{\"@type\":\"BreadcrumbList\",\"@id\":\"https:\/\/imaxilodental.com\/ca\/com-cuidar-les-dents-durant-les-vacances\/#breadcrumb\",\"itemListElement\":[{\"@type\":\"ListItem\",\"position\":1,\"name\":\"Portada\",\"item\":\"https:\/\/imaxilodental.com\/ca\/\"},{\"@type\":\"ListItem\",\"position\":2,\"name\":\"Com cuidar les dents durant les vacances\"}]},{\"@type\":\"WebSite\",\"@id\":\"https:\/\/imaxilodental.com\/#website\",\"url\":\"https:\/\/imaxilodental.com\/\",\"name\":\"iMaxilodental\",\"description\":\"\",\"potentialAction\":[{\"@type\":\"SearchAction\",\"target\":{\"@type\":\"EntryPoint\",\"urlTemplate\":\"https:\/\/imaxilodental.com\/?s={search_term_string}\"},\"query-input\":{\"@type\":\"PropertyValueSpecification\",\"valueRequired\":true,\"valueName\":\"search_term_string\"}}],\"inLanguage\":\"ca\"},{\"@type\":\"Person\",\"@id\":\"https:\/\/imaxilodental.com\/#\/schema\/person\/8eecf3ba33736908920c568859317699\",\"name\":\"Alicia\",\"image\":{\"@type\":\"ImageObject\",\"inLanguage\":\"ca\",\"@id\":\"https:\/\/secure.gravatar.com\/avatar\/494cef922b404e869e55de756d4b7c31b30808b870efa63391045a4ac077e3ae?s=96&d=mm&r=g\",\"url\":\"https:\/\/secure.gravatar.com\/avatar\/494cef922b404e869e55de756d4b7c31b30808b870efa63391045a4ac077e3ae?s=96&d=mm&r=g\",\"contentUrl\":\"https:\/\/secure.gravatar.com\/avatar\/494cef922b404e869e55de756d4b7c31b30808b870efa63391045a4ac077e3ae?s=96&d=mm&r=g\",\"caption\":\"Alicia\"},\"url\":\"https:\/\/imaxilodental.com\/ca\/author\/alicia\/\"}]}<\/script>\n<!-- \/ Yoast SEO plugin. -->","yoast_head_json":{"title":"Com cuidar les dents durant les vacances - iMaxilodental","description":"L\u2019aparici\u00f3 de c\u00e0ries es triplica durant les vacances d\u2019estiu i aix\u00f2 es deu principalment a alteraci\u00f3ns de la nostra rutina habitual. Evita'l","robots":{"index":"index","follow":"follow","max-snippet":"max-snippet:-1","max-image-preview":"max-image-preview:large","max-video-preview":"max-video-preview:-1"},"canonical":"https:\/\/imaxilodental.com\/ca\/com-cuidar-les-dents-durant-les-vacances\/","og_locale":"ca_ES","og_type":"article","og_title":"Com cuidar les dents durant les vacances - iMaxilodental","og_description":"L\u2019aparici\u00f3 de c\u00e0ries es triplica durant les vacances d\u2019estiu i aix\u00f2 es deu principalment a alteraci\u00f3ns de la nostra rutina habitual. Evita'l","og_url":"https:\/\/imaxilodental.com\/ca\/com-cuidar-les-dents-durant-les-vacances\/","og_site_name":"iMaxilodental","article_published_time":"2021-07-12T10:48:50+00:00","article_modified_time":"2022-01-10T16:10:22+00:00","og_image":[{"width":1080,"height":1080,"url":"https:\/\/imaxilodental.com\/wp-content\/uploads\/2021\/07\/Untitled-design.jpg","type":"image\/jpeg"}],"author":"Alicia","twitter_misc":{"Escrit per":"Alicia","Temps estimat de lectura":"2 minuts"},"schema":{"@context":"https:\/\/schema.org","@graph":[{"@type":"Article","@id":"https:\/\/imaxilodental.com\/ca\/com-cuidar-les-dents-durant-les-vacances\/#article","isPartOf":{"@id":"https:\/\/imaxilodental.com\/ca\/com-cuidar-les-dents-durant-les-vacances\/"},"author":{"name":"Alicia","@id":"https:\/\/imaxilodental.com\/#\/schema\/person\/8eecf3ba33736908920c568859317699"},"headline":"Com cuidar les dents durant les vacances","datePublished":"2021-07-12T10:48:50+00:00","dateModified":"2022-01-10T16:10:22+00:00","mainEntityOfPage":{"@id":"https:\/\/imaxilodental.com\/ca\/com-cuidar-les-dents-durant-les-vacances\/"},"wordCount":396,"image":{"@id":"https:\/\/imaxilodental.com\/ca\/com-cuidar-les-dents-durant-les-vacances\/#primaryimage"},"thumbnailUrl":"https:\/\/imaxilodental.com\/wp-content\/uploads\/2021\/07\/Untitled-design.jpg","keywords":["higiene","higiene dental","neteja professional","ortodoncia","salut bucal"],"articleSection":["Actualitat"],"inLanguage":"ca"},{"@type":"WebPage","@id":"https:\/\/imaxilodental.com\/ca\/com-cuidar-les-dents-durant-les-vacances\/","url":"https:\/\/imaxilodental.com\/ca\/com-cuidar-les-dents-durant-les-vacances\/","name":"Com cuidar les dents durant les vacances - iMaxilodental","isPartOf":{"@id":"https:\/\/imaxilodental.com\/#website"},"primaryImageOfPage":{"@id":"https:\/\/imaxilodental.com\/ca\/com-cuidar-les-dents-durant-les-vacances\/#primaryimage"},"image":{"@id":"https:\/\/imaxilodental.com\/ca\/com-cuidar-les-dents-durant-les-vacances\/#primaryimage"},"thumbnailUrl":"https:\/\/imaxilodental.com\/wp-content\/uploads\/2021\/07\/Untitled-design.jpg","datePublished":"2021-07-12T10:48:50+00:00","dateModified":"2022-01-10T16:10:22+00:00","author":{"@id":"https:\/\/imaxilodental.com\/#\/schema\/person\/8eecf3ba33736908920c568859317699"},"description":"L\u2019aparici\u00f3 de c\u00e0ries es triplica durant les vacances d\u2019estiu i aix\u00f2 es deu principalment a alteraci\u00f3ns de la nostra rutina habitual. Evita'l","breadcrumb":{"@id":"https:\/\/imaxilodental.com\/ca\/com-cuidar-les-dents-durant-les-vacances\/#breadcrumb"},"inLanguage":"ca","potentialAction":[{"@type":"ReadAction","target":["https:\/\/imaxilodental.com\/ca\/com-cuidar-les-dents-durant-les-vacances\/"]}]},{"@type":"ImageObject","inLanguage":"ca","@id":"https:\/\/imaxilodental.com\/ca\/com-cuidar-les-dents-durant-les-vacances\/#primaryimage","url":"https:\/\/imaxilodental.com\/wp-content\/uploads\/2021\/07\/Untitled-design.jpg","contentUrl":"https:\/\/imaxilodental.com\/wp-content\/uploads\/2021\/07\/Untitled-design.jpg","width":1080,"height":1080},{"@type":"BreadcrumbList","@id":"https:\/\/imaxilodental.com\/ca\/com-cuidar-les-dents-durant-les-vacances\/#breadcrumb","itemListElement":[{"@type":"ListItem","position":1,"name":"Portada","item":"https:\/\/imaxilodental.com\/ca\/"},{"@type":"ListItem","position":2,"name":"Com cuidar les dents durant les vacances"}]},{"@type":"WebSite","@id":"https:\/\/imaxilodental.com\/#website","url":"https:\/\/imaxilodental.com\/","name":"iMaxilodental","description":"","potentialAction":[{"@type":"SearchAction","target":{"@type":"EntryPoint","urlTemplate":"https:\/\/imaxilodental.com\/?s={search_term_string}"},"query-input":{"@type":"PropertyValueSpecification","valueRequired":true,"valueName":"search_term_string"}}],"inLanguage":"ca"},{"@type":"Person","@id":"https:\/\/imaxilodental.com\/#\/schema\/person\/8eecf3ba33736908920c568859317699","name":"Alicia","image":{"@type":"ImageObject","inLanguage":"ca","@id":"https:\/\/secure.gravatar.com\/avatar\/494cef922b404e869e55de756d4b7c31b30808b870efa63391045a4ac077e3ae?s=96&d=mm&r=g","url":"https:\/\/secure.gravatar.com\/avatar\/494cef922b404e869e55de756d4b7c31b30808b870efa63391045a4ac077e3ae?s=96&d=mm&r=g","contentUrl":"https:\/\/secure.gravatar.com\/avatar\/494cef922b404e869e55de756d4b7c31b30808b870efa63391045a4ac077e3ae?s=96&d=mm&r=g","caption":"Alicia"},"url":"https:\/\/imaxilodental.com\/ca\/author\/alicia\/"}]}},"meta_box":[],"_links":{"self":[{"href":"https:\/\/imaxilodental.com\/ca\/wp-json\/wp\/v2\/posts\/1809","targetHints":{"allow":["GET"]}}],"collection":[{"href":"https:\/\/imaxilodental.com\/ca\/wp-json\/wp\/v2\/posts"}],"about":[{"href":"https:\/\/imaxilodental.com\/ca\/wp-json\/wp\/v2\/types\/post"}],"author":[{"embeddable":true,"href":"https:\/\/imaxilodental.com\/ca\/wp-json\/wp\/v2\/users\/2"}],"replies":[{"embeddable":true,"href":"https:\/\/imaxilodental.com\/ca\/wp-json\/wp\/v2\/comments?post=1809"}],"version-history":[{"count":3,"href":"https:\/\/imaxilodental.com\/ca\/wp-json\/wp\/v2\/posts\/1809\/revisions"}],"predecessor-version":[{"id":2095,"href":"https:\/\/imaxilodental.com\/ca\/wp-json\/wp\/v2\/posts\/1809\/revisions\/2095"}],"wp:featuredmedia":[{"embeddable":true,"href":"https:\/\/imaxilodental.com\/ca\/wp-json\/wp\/v2\/media\/1807"}],"wp:attachment":[{"href":"https:\/\/imaxilodental.com\/ca\/wp-json\/wp\/v2\/media?parent=1809"}],"wp:term":[{"taxonomy":"category","embeddable":true,"href":"https:\/\/imaxilodental.com\/ca\/wp-json\/wp\/v2\/categories?post=1809"},{"taxonomy":"post_tag","embeddable":true,"href":"https:\/\/imaxilodental.com\/ca\/wp-json\/wp\/v2\/tags?post=1809"}],"curies":[{"name":"wp","href":"https:\/\/api.w.org\/{rel}","templated":true}]}}