{"id":1687,"date":"2021-05-26T07:57:22","date_gmt":"2021-05-26T07:57:22","guid":{"rendered":"https:\/\/imaxilodental.com\/?p=1687"},"modified":"2022-02-08T11:55:42","modified_gmt":"2022-02-08T11:55:42","slug":"malalties-bucals-mes-comuns","status":"publish","type":"post","link":"https:\/\/imaxilodental.com\/ca\/malalties-bucals-mes-comuns\/","title":{"rendered":"Malalties bucals m\u00e9s comuns"},"content":{"rendered":"<p>No hi ha pitjor mal que el de la boca &#8230; per\u00f2 us tenim una bona not\u00edcia: <strong>Els problemes bucals s\u00f3n senzills de prevenir!<\/strong><\/p>\n<p>\nCom podeu fer-ho? Raspallant-vos les dents dues vegades a el dia, utilitzant fil dental cada dia, menjant adequadament i sobretot, realitzant-vos <a href=\"https:\/\/imaxilodental.com\/ca\/contacte\/\" target=\"_blank\" rel=\"noopener noreferrer\"><strong>revisions dentals regulars.<\/strong><\/a><\/p>\n<p>&nbsp;<\/p>\n<p>A continuaci\u00f3, us expliquem els trastorns bucals de la salut m\u00e9s comuns que trobem a la consulta:<\/p>\n<p>&nbsp;<\/p>\n<ul>\n<li><strong>Mal al\u00e8 o Halitosi<\/strong><\/li>\n<\/ul>\n<p>&nbsp;<\/p>\n<p>Segons diversos estudis dentals, en al voltant de l&#8217;85% de les persones amb halitosi persistent, dit mal al\u00e8 prov\u00e9 d&#8217;una afecci\u00f3 dental.<\/p>\n<p>&nbsp;<\/p>\n<p>Utilitzar col\u00b7lutori bucal per dissimular el mal al\u00e8 quan hi ha un problema dental sol emmascarar\u00e0 l&#8217;olor i no el curar\u00e0. Si tens mal al\u00e8 cr\u00f2nic, visita al teu dentista per descartar qualsevol altra malaltia bucal.<\/p>\n<p>&nbsp;<\/p>\n<ul>\n<li><a href=\"https:\/\/imaxilodental.com\/ca\/periodoncia\/\" target=\"_blank\" rel=\"noopener noreferrer\"><strong>Gingivitis i Periodontitis (o malaltia de les genives)<\/strong><\/a><\/li>\n<\/ul>\n<p>&nbsp;<\/p>\n<p>La malaltia de les genives \u00e9s una de les principals causes de p\u00e8rdua de dents entre els adults.<\/p>\n<p>&nbsp;<\/p>\n<p>La inflamaci\u00f3 de les genives i el conseq\u00fcent sagnat comporten a la p\u00e8rdua progressiva d&#8217;estructura \u00f2ssia que suporta a la dent, podent acabar en la p\u00e8rdua d&#8217;aquest. Entre d&#8217;altres s\u00edmptomes de malaltia de les genives tamb\u00e9 trobem el mal al\u00e8, genives inflades, sensibles i mol\u00e8sties al mastegar. Altres malalties sist\u00e8miques com la diabetis i la boca seca contribueixen a un augment d&#8217;aquesta malaltia.<\/p>\n<p>&nbsp;<\/p>\n<ul>\n<li><strong>C\u00e0ncer Oral<\/strong><\/li>\n<\/ul>\n<p>&nbsp;<\/p>\n<p>El c\u00e0ncer oral \u00e9s una malaltia greu i mortal que afecta milions de persones. Els majors factors de risc s\u00f3n el consum de tabac i alcohol, incl\u00f2s el tabac de mastegar.<\/p>\n<p>&nbsp;<\/p>\n<p>Els s\u00edmptomes del c\u00e0ncer de boca o gola inclouen nafres, bonys o \u00e0rees aspres a la boca que no es curen. Les visites regulars al dentista poden ajudar a la detecci\u00f3 preco\u00e7 i augmentar les probabilitats d&#8217;\u00e8xit del tractament contra el c\u00e0ncer oral.<\/p>\n<p>&nbsp;<\/p>\n<ul>\n<li><a href=\"https:\/\/imaxilodental.com\/ca\/odontologia-general\/\" target=\"_blank\" rel=\"noopener noreferrer\"><strong>C\u00e0ries Dental<\/strong><\/a><\/li>\n<\/ul>\n<p>&nbsp;<\/p>\n<p>La c\u00e0ries dental \u00e9s l&#8217;afecci\u00f3 dental mes com\u00fa tant en adults com en nens. Aquesta ocorre quan la placa que es forma a les dents, es combina amb els sucres dels aliments que consumim i es produeixen uns \u00e0cids a la boca que ataquen l&#8217;esmalt dental.<\/p>\n<p>&nbsp;<\/p>\n<p>Recorda, tots aquests problemes bucals poden tractar molt millor si es detecten en les seves primeres fases, per aix\u00f2 \u00e9s important visitar regularment al teu especialista. <a href=\"https:\/\/imaxilodental.com\/ca\/contacte\/\" target=\"_blank\" rel=\"noopener noreferrer\">Truca&#8217;ns per concertar la teva propera visita!<\/a><\/p>\n<p>&nbsp;<\/p>\n<p>&nbsp;<\/p>\n<p><strong>Relacionat:<\/strong><\/p>\n<blockquote class=\"wp-embedded-content\" data-secret=\"uyH5UV71VM\"><p><a href=\"https:\/\/imaxilodental.com\/ca\/tajudem-a-combatre-les-malalties-periodontals\/\">T\u2019ajudem a combatre les malalties periodontals<\/a><\/p><\/blockquote>\n<p><iframe loading=\"lazy\" class=\"wp-embedded-content\" sandbox=\"allow-scripts\" security=\"restricted\" style=\"position: absolute; clip: rect(1px, 1px, 1px, 1px);\" title=\"&#8220;T\u2019ajudem a combatre les malalties periodontals&#8221; &#8212; iMaxilodental\" src=\"https:\/\/imaxilodental.com\/ca\/tajudem-a-combatre-les-malalties-periodontals\/embed\/#?secret=dhthzRTfLh#?secret=uyH5UV71VM\" data-secret=\"uyH5UV71VM\" width=\"500\" height=\"282\" frameborder=\"0\" marginwidth=\"0\" marginheight=\"0\" scrolling=\"no\"><\/iframe><\/p>\n<blockquote class=\"wp-embedded-content\" data-secret=\"d19c4ZbR8J\"><p><a href=\"https:\/\/imaxilodental.com\/ca\/3-signes-que-indiquen-malaltia-periodontal\/\">3 signes que indiquen malaltia periodontal<\/a><\/p><\/blockquote>\n<p><iframe loading=\"lazy\" class=\"wp-embedded-content\" sandbox=\"allow-scripts\" security=\"restricted\" style=\"position: absolute; clip: rect(1px, 1px, 1px, 1px);\" title=\"&#8220;3 signes que indiquen malaltia periodontal&#8221; &#8212; iMaxilodental\" src=\"https:\/\/imaxilodental.com\/ca\/3-signes-que-indiquen-malaltia-periodontal\/embed\/#?secret=7anLVc6wUU#?secret=d19c4ZbR8J\" data-secret=\"d19c4ZbR8J\" width=\"500\" height=\"282\" frameborder=\"0\" marginwidth=\"0\" marginheight=\"0\" scrolling=\"no\"><\/iframe><\/p>\n","protected":false},"excerpt":{"rendered":"<p>No hi ha pitjor mal que el de la boca &#8230; per\u00f2 us tenim una bona not\u00edcia: Els problemes bucals s\u00f3n senzills de prevenir! Com podeu fer-ho? Raspallant-vos les dents dues vegades a el dia, utilitzant fil dental cada dia, menjant adequadament i sobretot, realitzant-vos revisions dentals regulars. &nbsp; A continuaci\u00f3, us expliquem els trastorns [&hellip;]<\/p>\n","protected":false},"author":2,"featured_media":1684,"comment_status":"closed","ping_status":"open","sticky":false,"template":"","format":"standard","meta":{"footnotes":""},"categories":[10],"tags":[46,39,55,56,27,52],"class_list":["post-1687","post","type-post","status-publish","format-standard","has-post-thumbnail","hentry","category-actualitat","tag-caries-dental","tag-gingivitis","tag-halitosi","tag-malalties-bucals","tag-odontologia","tag-periodontitis"],"yoast_head":"<!-- This site is optimized with the Yoast SEO plugin v27.2 - https:\/\/yoast.com\/product\/yoast-seo-wordpress\/ -->\n<title>Malalties bucals m\u00e9s comuns - IMaxilodental Malalties bucals m\u00e9s comuns<\/title>\n<meta name=\"description\" content=\"En aquest article us expliquem els trastorns bucals de la salut m\u00e9s comuns que trobem a la consulta del nostre Institut.\" \/>\n<meta name=\"robots\" content=\"index, follow, max-snippet:-1, max-image-preview:large, max-video-preview:-1\" \/>\n<link rel=\"canonical\" href=\"https:\/\/imaxilodental.com\/ca\/malalties-bucals-mes-comuns\/\" \/>\n<meta property=\"og:locale\" content=\"ca_ES\" \/>\n<meta property=\"og:type\" content=\"article\" \/>\n<meta property=\"og:title\" content=\"Malalties bucals m\u00e9s comuns - IMaxilodental Malalties bucals m\u00e9s comuns\" \/>\n<meta property=\"og:description\" content=\"En aquest article us expliquem els trastorns bucals de la salut m\u00e9s comuns que trobem a la consulta del nostre Institut.\" \/>\n<meta property=\"og:url\" content=\"https:\/\/imaxilodental.com\/ca\/malalties-bucals-mes-comuns\/\" \/>\n<meta property=\"og:site_name\" content=\"iMaxilodental\" \/>\n<meta property=\"article:published_time\" content=\"2021-05-26T07:57:22+00:00\" \/>\n<meta property=\"article:modified_time\" content=\"2022-02-08T11:55:42+00:00\" \/>\n<meta property=\"og:image\" content=\"https:\/\/imaxilodental.com\/wp-content\/uploads\/2021\/05\/Enfermedades-Bucales-mas-comunes.jpg\" \/>\n\t<meta property=\"og:image:width\" content=\"1080\" \/>\n\t<meta property=\"og:image:height\" content=\"1080\" \/>\n\t<meta property=\"og:image:type\" content=\"image\/jpeg\" \/>\n<meta name=\"author\" content=\"Alicia\" \/>\n<meta name=\"twitter:label1\" content=\"Escrit per\" \/>\n\t<meta name=\"twitter:data1\" content=\"Alicia\" \/>\n\t<meta name=\"twitter:label2\" content=\"Temps estimat de lectura\" \/>\n\t<meta name=\"twitter:data2\" content=\"2 minuts\" \/>\n<script type=\"application\/ld+json\" class=\"yoast-schema-graph\">{\"@context\":\"https:\/\/schema.org\",\"@graph\":[{\"@type\":\"Article\",\"@id\":\"https:\/\/imaxilodental.com\/ca\/malalties-bucals-mes-comuns\/#article\",\"isPartOf\":{\"@id\":\"https:\/\/imaxilodental.com\/ca\/malalties-bucals-mes-comuns\/\"},\"author\":{\"name\":\"Alicia\",\"@id\":\"https:\/\/imaxilodental.com\/#\/schema\/person\/8eecf3ba33736908920c568859317699\"},\"headline\":\"Malalties bucals m\u00e9s comuns\",\"datePublished\":\"2021-05-26T07:57:22+00:00\",\"dateModified\":\"2022-02-08T11:55:42+00:00\",\"mainEntityOfPage\":{\"@id\":\"https:\/\/imaxilodental.com\/ca\/malalties-bucals-mes-comuns\/\"},\"wordCount\":434,\"image\":{\"@id\":\"https:\/\/imaxilodental.com\/ca\/malalties-bucals-mes-comuns\/#primaryimage\"},\"thumbnailUrl\":\"https:\/\/imaxilodental.com\/wp-content\/uploads\/2021\/05\/Enfermedades-Bucales-mas-comunes.jpg\",\"keywords\":[\"c\u00e0ries dental\",\"gingivitis\",\"halitosi\",\"malalties bucals\",\"odontolog\u00eda\",\"periodontitis\"],\"articleSection\":[\"Actualitat\"],\"inLanguage\":\"ca\"},{\"@type\":\"WebPage\",\"@id\":\"https:\/\/imaxilodental.com\/ca\/malalties-bucals-mes-comuns\/\",\"url\":\"https:\/\/imaxilodental.com\/ca\/malalties-bucals-mes-comuns\/\",\"name\":\"Malalties bucals m\u00e9s comuns - IMaxilodental Malalties bucals m\u00e9s comuns\",\"isPartOf\":{\"@id\":\"https:\/\/imaxilodental.com\/#website\"},\"primaryImageOfPage\":{\"@id\":\"https:\/\/imaxilodental.com\/ca\/malalties-bucals-mes-comuns\/#primaryimage\"},\"image\":{\"@id\":\"https:\/\/imaxilodental.com\/ca\/malalties-bucals-mes-comuns\/#primaryimage\"},\"thumbnailUrl\":\"https:\/\/imaxilodental.com\/wp-content\/uploads\/2021\/05\/Enfermedades-Bucales-mas-comunes.jpg\",\"datePublished\":\"2021-05-26T07:57:22+00:00\",\"dateModified\":\"2022-02-08T11:55:42+00:00\",\"author\":{\"@id\":\"https:\/\/imaxilodental.com\/#\/schema\/person\/8eecf3ba33736908920c568859317699\"},\"description\":\"En aquest article us expliquem els trastorns bucals de la salut m\u00e9s comuns que trobem a la consulta del nostre Institut.\",\"breadcrumb\":{\"@id\":\"https:\/\/imaxilodental.com\/ca\/malalties-bucals-mes-comuns\/#breadcrumb\"},\"inLanguage\":\"ca\",\"potentialAction\":[{\"@type\":\"ReadAction\",\"target\":[\"https:\/\/imaxilodental.com\/ca\/malalties-bucals-mes-comuns\/\"]}]},{\"@type\":\"ImageObject\",\"inLanguage\":\"ca\",\"@id\":\"https:\/\/imaxilodental.com\/ca\/malalties-bucals-mes-comuns\/#primaryimage\",\"url\":\"https:\/\/imaxilodental.com\/wp-content\/uploads\/2021\/05\/Enfermedades-Bucales-mas-comunes.jpg\",\"contentUrl\":\"https:\/\/imaxilodental.com\/wp-content\/uploads\/2021\/05\/Enfermedades-Bucales-mas-comunes.jpg\",\"width\":1080,\"height\":1080},{\"@type\":\"BreadcrumbList\",\"@id\":\"https:\/\/imaxilodental.com\/ca\/malalties-bucals-mes-comuns\/#breadcrumb\",\"itemListElement\":[{\"@type\":\"ListItem\",\"position\":1,\"name\":\"Portada\",\"item\":\"https:\/\/imaxilodental.com\/ca\/\"},{\"@type\":\"ListItem\",\"position\":2,\"name\":\"Malalties bucals m\u00e9s comuns\"}]},{\"@type\":\"WebSite\",\"@id\":\"https:\/\/imaxilodental.com\/#website\",\"url\":\"https:\/\/imaxilodental.com\/\",\"name\":\"iMaxilodental\",\"description\":\"\",\"potentialAction\":[{\"@type\":\"SearchAction\",\"target\":{\"@type\":\"EntryPoint\",\"urlTemplate\":\"https:\/\/imaxilodental.com\/?s={search_term_string}\"},\"query-input\":{\"@type\":\"PropertyValueSpecification\",\"valueRequired\":true,\"valueName\":\"search_term_string\"}}],\"inLanguage\":\"ca\"},{\"@type\":\"Person\",\"@id\":\"https:\/\/imaxilodental.com\/#\/schema\/person\/8eecf3ba33736908920c568859317699\",\"name\":\"Alicia\",\"image\":{\"@type\":\"ImageObject\",\"inLanguage\":\"ca\",\"@id\":\"https:\/\/secure.gravatar.com\/avatar\/494cef922b404e869e55de756d4b7c31b30808b870efa63391045a4ac077e3ae?s=96&d=mm&r=g\",\"url\":\"https:\/\/secure.gravatar.com\/avatar\/494cef922b404e869e55de756d4b7c31b30808b870efa63391045a4ac077e3ae?s=96&d=mm&r=g\",\"contentUrl\":\"https:\/\/secure.gravatar.com\/avatar\/494cef922b404e869e55de756d4b7c31b30808b870efa63391045a4ac077e3ae?s=96&d=mm&r=g\",\"caption\":\"Alicia\"},\"url\":\"https:\/\/imaxilodental.com\/ca\/author\/alicia\/\"}]}<\/script>\n<!-- \/ Yoast SEO plugin. -->","yoast_head_json":{"title":"Malalties bucals m\u00e9s comuns - IMaxilodental Malalties bucals m\u00e9s comuns","description":"En aquest article us expliquem els trastorns bucals de la salut m\u00e9s comuns que trobem a la consulta del nostre Institut.","robots":{"index":"index","follow":"follow","max-snippet":"max-snippet:-1","max-image-preview":"max-image-preview:large","max-video-preview":"max-video-preview:-1"},"canonical":"https:\/\/imaxilodental.com\/ca\/malalties-bucals-mes-comuns\/","og_locale":"ca_ES","og_type":"article","og_title":"Malalties bucals m\u00e9s comuns - IMaxilodental Malalties bucals m\u00e9s comuns","og_description":"En aquest article us expliquem els trastorns bucals de la salut m\u00e9s comuns que trobem a la consulta del nostre Institut.","og_url":"https:\/\/imaxilodental.com\/ca\/malalties-bucals-mes-comuns\/","og_site_name":"iMaxilodental","article_published_time":"2021-05-26T07:57:22+00:00","article_modified_time":"2022-02-08T11:55:42+00:00","og_image":[{"width":1080,"height":1080,"url":"https:\/\/imaxilodental.com\/wp-content\/uploads\/2021\/05\/Enfermedades-Bucales-mas-comunes.jpg","type":"image\/jpeg"}],"author":"Alicia","twitter_misc":{"Escrit per":"Alicia","Temps estimat de lectura":"2 minuts"},"schema":{"@context":"https:\/\/schema.org","@graph":[{"@type":"Article","@id":"https:\/\/imaxilodental.com\/ca\/malalties-bucals-mes-comuns\/#article","isPartOf":{"@id":"https:\/\/imaxilodental.com\/ca\/malalties-bucals-mes-comuns\/"},"author":{"name":"Alicia","@id":"https:\/\/imaxilodental.com\/#\/schema\/person\/8eecf3ba33736908920c568859317699"},"headline":"Malalties bucals m\u00e9s comuns","datePublished":"2021-05-26T07:57:22+00:00","dateModified":"2022-02-08T11:55:42+00:00","mainEntityOfPage":{"@id":"https:\/\/imaxilodental.com\/ca\/malalties-bucals-mes-comuns\/"},"wordCount":434,"image":{"@id":"https:\/\/imaxilodental.com\/ca\/malalties-bucals-mes-comuns\/#primaryimage"},"thumbnailUrl":"https:\/\/imaxilodental.com\/wp-content\/uploads\/2021\/05\/Enfermedades-Bucales-mas-comunes.jpg","keywords":["c\u00e0ries dental","gingivitis","halitosi","malalties bucals","odontolog\u00eda","periodontitis"],"articleSection":["Actualitat"],"inLanguage":"ca"},{"@type":"WebPage","@id":"https:\/\/imaxilodental.com\/ca\/malalties-bucals-mes-comuns\/","url":"https:\/\/imaxilodental.com\/ca\/malalties-bucals-mes-comuns\/","name":"Malalties bucals m\u00e9s comuns - IMaxilodental Malalties bucals m\u00e9s comuns","isPartOf":{"@id":"https:\/\/imaxilodental.com\/#website"},"primaryImageOfPage":{"@id":"https:\/\/imaxilodental.com\/ca\/malalties-bucals-mes-comuns\/#primaryimage"},"image":{"@id":"https:\/\/imaxilodental.com\/ca\/malalties-bucals-mes-comuns\/#primaryimage"},"thumbnailUrl":"https:\/\/imaxilodental.com\/wp-content\/uploads\/2021\/05\/Enfermedades-Bucales-mas-comunes.jpg","datePublished":"2021-05-26T07:57:22+00:00","dateModified":"2022-02-08T11:55:42+00:00","author":{"@id":"https:\/\/imaxilodental.com\/#\/schema\/person\/8eecf3ba33736908920c568859317699"},"description":"En aquest article us expliquem els trastorns bucals de la salut m\u00e9s comuns que trobem a la consulta del nostre Institut.","breadcrumb":{"@id":"https:\/\/imaxilodental.com\/ca\/malalties-bucals-mes-comuns\/#breadcrumb"},"inLanguage":"ca","potentialAction":[{"@type":"ReadAction","target":["https:\/\/imaxilodental.com\/ca\/malalties-bucals-mes-comuns\/"]}]},{"@type":"ImageObject","inLanguage":"ca","@id":"https:\/\/imaxilodental.com\/ca\/malalties-bucals-mes-comuns\/#primaryimage","url":"https:\/\/imaxilodental.com\/wp-content\/uploads\/2021\/05\/Enfermedades-Bucales-mas-comunes.jpg","contentUrl":"https:\/\/imaxilodental.com\/wp-content\/uploads\/2021\/05\/Enfermedades-Bucales-mas-comunes.jpg","width":1080,"height":1080},{"@type":"BreadcrumbList","@id":"https:\/\/imaxilodental.com\/ca\/malalties-bucals-mes-comuns\/#breadcrumb","itemListElement":[{"@type":"ListItem","position":1,"name":"Portada","item":"https:\/\/imaxilodental.com\/ca\/"},{"@type":"ListItem","position":2,"name":"Malalties bucals m\u00e9s comuns"}]},{"@type":"WebSite","@id":"https:\/\/imaxilodental.com\/#website","url":"https:\/\/imaxilodental.com\/","name":"iMaxilodental","description":"","potentialAction":[{"@type":"SearchAction","target":{"@type":"EntryPoint","urlTemplate":"https:\/\/imaxilodental.com\/?s={search_term_string}"},"query-input":{"@type":"PropertyValueSpecification","valueRequired":true,"valueName":"search_term_string"}}],"inLanguage":"ca"},{"@type":"Person","@id":"https:\/\/imaxilodental.com\/#\/schema\/person\/8eecf3ba33736908920c568859317699","name":"Alicia","image":{"@type":"ImageObject","inLanguage":"ca","@id":"https:\/\/secure.gravatar.com\/avatar\/494cef922b404e869e55de756d4b7c31b30808b870efa63391045a4ac077e3ae?s=96&d=mm&r=g","url":"https:\/\/secure.gravatar.com\/avatar\/494cef922b404e869e55de756d4b7c31b30808b870efa63391045a4ac077e3ae?s=96&d=mm&r=g","contentUrl":"https:\/\/secure.gravatar.com\/avatar\/494cef922b404e869e55de756d4b7c31b30808b870efa63391045a4ac077e3ae?s=96&d=mm&r=g","caption":"Alicia"},"url":"https:\/\/imaxilodental.com\/ca\/author\/alicia\/"}]}},"meta_box":[],"_links":{"self":[{"href":"https:\/\/imaxilodental.com\/ca\/wp-json\/wp\/v2\/posts\/1687","targetHints":{"allow":["GET"]}}],"collection":[{"href":"https:\/\/imaxilodental.com\/ca\/wp-json\/wp\/v2\/posts"}],"about":[{"href":"https:\/\/imaxilodental.com\/ca\/wp-json\/wp\/v2\/types\/post"}],"author":[{"embeddable":true,"href":"https:\/\/imaxilodental.com\/ca\/wp-json\/wp\/v2\/users\/2"}],"replies":[{"embeddable":true,"href":"https:\/\/imaxilodental.com\/ca\/wp-json\/wp\/v2\/comments?post=1687"}],"version-history":[{"count":3,"href":"https:\/\/imaxilodental.com\/ca\/wp-json\/wp\/v2\/posts\/1687\/revisions"}],"predecessor-version":[{"id":1690,"href":"https:\/\/imaxilodental.com\/ca\/wp-json\/wp\/v2\/posts\/1687\/revisions\/1690"}],"wp:featuredmedia":[{"embeddable":true,"href":"https:\/\/imaxilodental.com\/ca\/wp-json\/wp\/v2\/media\/1684"}],"wp:attachment":[{"href":"https:\/\/imaxilodental.com\/ca\/wp-json\/wp\/v2\/media?parent=1687"}],"wp:term":[{"taxonomy":"category","embeddable":true,"href":"https:\/\/imaxilodental.com\/ca\/wp-json\/wp\/v2\/categories?post=1687"},{"taxonomy":"post_tag","embeddable":true,"href":"https:\/\/imaxilodental.com\/ca\/wp-json\/wp\/v2\/tags?post=1687"}],"curies":[{"name":"wp","href":"https:\/\/api.w.org\/{rel}","templated":true}]}}