{"id":1665,"date":"2021-04-19T08:15:19","date_gmt":"2021-04-19T08:15:19","guid":{"rendered":"https:\/\/imaxilodental.com\/?p=1665"},"modified":"2022-01-10T16:17:46","modified_gmt":"2022-01-10T16:17:46","slug":"els-queixals-del-seny-quan-es-necessari-extreurels","status":"publish","type":"post","link":"https:\/\/imaxilodental.com\/ca\/els-queixals-del-seny-quan-es-necessari-extreurels\/","title":{"rendered":"Els queixals del seny: Quan \u00e9s necessari extreure\u2019ls?"},"content":{"rendered":"<p><strong>L&#8217;extracci\u00f3 dels queixals del seny<\/strong> o tercers molars \u00e9s una intervenci\u00f3 habitual.<\/p>\n<p>Els queixals del seny <strong>s&#8217;han d&#8217;extreure sempre que no tinguin espai suficient per erupcionar o no hagin erupcionat de forma correcta<\/strong>.<\/p>\n<p>&nbsp;<\/p>\n<p>Generalment, els tercers molars, o queixals del seny, erupcionen a trav\u00e9s de les genives durant els \u00faltims anys de l&#8217;adolesc\u00e8ncia.<\/p>\n<p>&nbsp;<\/p>\n<p>A l&#8217;erupcionar m\u00e9s tard que els altres dents, \u00e9s habitual que afectin les peces adjacents, i poden provocar c\u00e0ries o fins i tot la p\u00e8rdua d&#8217;altres peces.<\/p>\n<p>&nbsp;<\/p>\n<p><strong>Com saber si m&#8217;he de treure els queixals del seny?<\/strong><\/p>\n<ol>\n<li>Problemes per obrir la mand\u00edbula<\/li>\n<li>Dolor al mastegar<\/li>\n<li>Dolor o irritaci\u00f3 a l&#8217;obrir la boca<\/li>\n<li>Genives inflades i sagnat al voltant de la mola<\/li>\n<\/ol>\n<p>&nbsp;<\/p>\n<p><strong>Les complicacions m\u00e9s comunes associades als queixals del seny s\u00f3n:<\/strong><\/p>\n<p>&#8211; C\u00e0ries dental<\/p>\n<p>&#8211; Malaltia de les genives (tamb\u00e9 anomenada gingivitis o malaltia periodontal)<\/p>\n<p>&#8211; Peri-coronaritis: quan la placa causa una infecci\u00f3 de el teixit tou que envolta la dent<\/p>\n<p>&#8211; Cel\u00b7lulitis: una infecci\u00f3 bacteriana a la galta, la llengua o la gola<\/p>\n<p>&#8211; Absc\u00e9s: acumulaci\u00f3 de pus en les queixals del seny o en el teixit circumdant com a resultat d&#8217;una infecci\u00f3 bacteriana<\/p>\n<p>&#8211; Quists<\/p>\n<p>&nbsp;<\/p>\n<p><strong>\u00bfCom \u00e9s la intervenci\u00f3 per extreure els queixals del seny?<\/strong><\/p>\n<p>Encara que molts d&#8217;aquests problemes es poden tractar amb antibi\u00f2tics i esbandides bucals antis\u00e8ptics, el primer que has de fer \u00e9s <a href=\"https:\/\/imaxilodental.com\/ca\/contacte\/\" target=\"_blank\" rel=\"noopener noreferrer\">consultar amb el teu dentista<\/a> perqu\u00e8 et informe sobre el que \u00e9s millor per a la teva situaci\u00f3. Els especialistes estudiaran la situaci\u00f3 i l&#8217;estat en qu\u00e8 es troben els teus queixals del seny a trav\u00e9s d&#8217;una exploraci\u00f3 i amb l&#8217;ajuda de radiografies panor\u00e0miques (2D) i \/ o tomografia axial computeritzada de feix c\u00f2nic (CBCT) (3D).<\/p>\n<p>&nbsp;<\/p>\n<p>La intervenci\u00f3 es pot fer sota anest\u00e8sia local i \/ o sedaci\u00f3 conscient en queixals m\u00e9s complicades, per a un millor control de l&#8217;estr\u00e8s i de l&#8217;ansietat del pacient.<\/p>\n<p>&nbsp;<\/p>\n<p><em><strong>Relacionat:<\/strong><\/em><\/p>\n<blockquote class=\"wp-embedded-content\" data-secret=\"z8PlBVwEjj\"><p><a href=\"https:\/\/imaxilodental.com\/ca\/3-signes-que-indiquen-malaltia-periodontal\/\">3 signes que indiquen malaltia periodontal<\/a><\/p><\/blockquote>\n<p><iframe loading=\"lazy\" class=\"wp-embedded-content\" sandbox=\"allow-scripts\" security=\"restricted\" style=\"position: absolute; clip: rect(1px, 1px, 1px, 1px);\" title=\"&#8220;3 signes que indiquen malaltia periodontal&#8221; &#8212; iMaxilodental\" src=\"https:\/\/imaxilodental.com\/ca\/3-signes-que-indiquen-malaltia-periodontal\/embed\/#?secret=GDoppGRd6Q#?secret=z8PlBVwEjj\" data-secret=\"z8PlBVwEjj\" width=\"500\" height=\"282\" frameborder=\"0\" marginwidth=\"0\" marginheight=\"0\" scrolling=\"no\"><\/iframe><\/p>\n<blockquote class=\"wp-embedded-content\" data-secret=\"NCxUDGf5aR\"><p><a href=\"https:\/\/imaxilodental.com\/ca\/tajudem-a-combatre-les-malalties-periodontals\/\">T\u2019ajudem a combatre les malalties periodontals<\/a><\/p><\/blockquote>\n<p><iframe loading=\"lazy\" class=\"wp-embedded-content\" sandbox=\"allow-scripts\" security=\"restricted\" style=\"position: absolute; clip: rect(1px, 1px, 1px, 1px);\" title=\"&#8220;T\u2019ajudem a combatre les malalties periodontals&#8221; &#8212; iMaxilodental\" src=\"https:\/\/imaxilodental.com\/ca\/tajudem-a-combatre-les-malalties-periodontals\/embed\/#?secret=Kit5kqEqQl#?secret=NCxUDGf5aR\" data-secret=\"NCxUDGf5aR\" width=\"500\" height=\"282\" frameborder=\"0\" marginwidth=\"0\" marginheight=\"0\" scrolling=\"no\"><\/iframe><\/p>\n","protected":false},"excerpt":{"rendered":"<p>L&#8217;extracci\u00f3 dels queixals del seny o tercers molars \u00e9s una intervenci\u00f3 habitual. Els queixals del seny s&#8217;han d&#8217;extreure sempre que no tinguin espai suficient per erupcionar o no hagin erupcionat de forma correcta. &nbsp; Generalment, els tercers molars, o queixals del seny, erupcionen a trav\u00e9s de les genives durant els \u00faltims anys de l&#8217;adolesc\u00e8ncia. &nbsp; [&hellip;]<\/p>\n","protected":false},"author":2,"featured_media":1663,"comment_status":"closed","ping_status":"open","sticky":false,"template":"","format":"standard","meta":{"footnotes":""},"categories":[10],"tags":[47,46,39,48,49,35],"class_list":["post-1665","post","type-post","status-publish","format-standard","has-post-thumbnail","hentry","category-actualitat","tag-absces","tag-caries-dental","tag-gingivitis","tag-queixals-del-seny","tag-sedacio-conscient","tag-tractament-ortodontic"],"yoast_head":"<!-- This site is optimized with the Yoast SEO plugin v27.2 - https:\/\/yoast.com\/product\/yoast-seo-wordpress\/ -->\n<title>Els queixals del seny: Quan \u00e9s necessari extreure\u2019ls? - iMaxilodental<\/title>\n<meta name=\"description\" content=\"Els queixals del seny erupcionen a trav\u00e9s de les genives durant els darrers anys de l&#039;adolesc\u00e8ncia. T&#039;expliquem quan s&#039;han de treure.\" \/>\n<meta name=\"robots\" content=\"index, follow, max-snippet:-1, max-image-preview:large, max-video-preview:-1\" \/>\n<link rel=\"canonical\" href=\"https:\/\/imaxilodental.com\/ca\/els-queixals-del-seny-quan-es-necessari-extreurels\/\" \/>\n<meta property=\"og:locale\" content=\"ca_ES\" \/>\n<meta property=\"og:type\" content=\"article\" \/>\n<meta property=\"og:title\" content=\"Els queixals del seny: Quan \u00e9s necessari extreure\u2019ls? - iMaxilodental\" \/>\n<meta property=\"og:description\" content=\"Els queixals del seny erupcionen a trav\u00e9s de les genives durant els darrers anys de l&#039;adolesc\u00e8ncia. T&#039;expliquem quan s&#039;han de treure.\" \/>\n<meta property=\"og:url\" content=\"https:\/\/imaxilodental.com\/ca\/els-queixals-del-seny-quan-es-necessari-extreurels\/\" \/>\n<meta property=\"og:site_name\" content=\"iMaxilodental\" \/>\n<meta property=\"article:published_time\" content=\"2021-04-19T08:15:19+00:00\" \/>\n<meta property=\"article:modified_time\" content=\"2022-01-10T16:17:46+00:00\" \/>\n<meta property=\"og:image\" content=\"https:\/\/imaxilodental.com\/wp-content\/uploads\/2021\/04\/muelasdeljuicio.jpg\" \/>\n\t<meta property=\"og:image:width\" content=\"820\" \/>\n\t<meta property=\"og:image:height\" content=\"880\" \/>\n\t<meta property=\"og:image:type\" content=\"image\/jpeg\" \/>\n<meta name=\"author\" content=\"Alicia\" \/>\n<meta name=\"twitter:label1\" content=\"Escrit per\" \/>\n\t<meta name=\"twitter:data1\" content=\"Alicia\" \/>\n\t<meta name=\"twitter:label2\" content=\"Temps estimat de lectura\" \/>\n\t<meta name=\"twitter:data2\" content=\"2 minuts\" \/>\n<script type=\"application\/ld+json\" class=\"yoast-schema-graph\">{\"@context\":\"https:\/\/schema.org\",\"@graph\":[{\"@type\":\"Article\",\"@id\":\"https:\/\/imaxilodental.com\/ca\/els-queixals-del-seny-quan-es-necessari-extreurels\/#article\",\"isPartOf\":{\"@id\":\"https:\/\/imaxilodental.com\/ca\/els-queixals-del-seny-quan-es-necessari-extreurels\/\"},\"author\":{\"name\":\"Alicia\",\"@id\":\"https:\/\/imaxilodental.com\/#\/schema\/person\/8eecf3ba33736908920c568859317699\"},\"headline\":\"Els queixals del seny: Quan \u00e9s necessari extreure\u2019ls?\",\"datePublished\":\"2021-04-19T08:15:19+00:00\",\"dateModified\":\"2022-01-10T16:17:46+00:00\",\"mainEntityOfPage\":{\"@id\":\"https:\/\/imaxilodental.com\/ca\/els-queixals-del-seny-quan-es-necessari-extreurels\/\"},\"wordCount\":365,\"image\":{\"@id\":\"https:\/\/imaxilodental.com\/ca\/els-queixals-del-seny-quan-es-necessari-extreurels\/#primaryimage\"},\"thumbnailUrl\":\"https:\/\/imaxilodental.com\/wp-content\/uploads\/2021\/04\/muelasdeljuicio.jpg\",\"keywords\":[\"absc\u00e9s\",\"c\u00e0ries dental\",\"gingivitis\",\"queixals del seny\",\"sedaci\u00f3 conscient\",\"tractament ortod\u00f2ntic\"],\"articleSection\":[\"Actualitat\"],\"inLanguage\":\"ca\"},{\"@type\":\"WebPage\",\"@id\":\"https:\/\/imaxilodental.com\/ca\/els-queixals-del-seny-quan-es-necessari-extreurels\/\",\"url\":\"https:\/\/imaxilodental.com\/ca\/els-queixals-del-seny-quan-es-necessari-extreurels\/\",\"name\":\"Els queixals del seny: Quan \u00e9s necessari extreure\u2019ls? - iMaxilodental\",\"isPartOf\":{\"@id\":\"https:\/\/imaxilodental.com\/#website\"},\"primaryImageOfPage\":{\"@id\":\"https:\/\/imaxilodental.com\/ca\/els-queixals-del-seny-quan-es-necessari-extreurels\/#primaryimage\"},\"image\":{\"@id\":\"https:\/\/imaxilodental.com\/ca\/els-queixals-del-seny-quan-es-necessari-extreurels\/#primaryimage\"},\"thumbnailUrl\":\"https:\/\/imaxilodental.com\/wp-content\/uploads\/2021\/04\/muelasdeljuicio.jpg\",\"datePublished\":\"2021-04-19T08:15:19+00:00\",\"dateModified\":\"2022-01-10T16:17:46+00:00\",\"author\":{\"@id\":\"https:\/\/imaxilodental.com\/#\/schema\/person\/8eecf3ba33736908920c568859317699\"},\"description\":\"Els queixals del seny erupcionen a trav\u00e9s de les genives durant els darrers anys de l'adolesc\u00e8ncia. T'expliquem quan s'han de treure.\",\"breadcrumb\":{\"@id\":\"https:\/\/imaxilodental.com\/ca\/els-queixals-del-seny-quan-es-necessari-extreurels\/#breadcrumb\"},\"inLanguage\":\"ca\",\"potentialAction\":[{\"@type\":\"ReadAction\",\"target\":[\"https:\/\/imaxilodental.com\/ca\/els-queixals-del-seny-quan-es-necessari-extreurels\/\"]}]},{\"@type\":\"ImageObject\",\"inLanguage\":\"ca\",\"@id\":\"https:\/\/imaxilodental.com\/ca\/els-queixals-del-seny-quan-es-necessari-extreurels\/#primaryimage\",\"url\":\"https:\/\/imaxilodental.com\/wp-content\/uploads\/2021\/04\/muelasdeljuicio.jpg\",\"contentUrl\":\"https:\/\/imaxilodental.com\/wp-content\/uploads\/2021\/04\/muelasdeljuicio.jpg\",\"width\":820,\"height\":880},{\"@type\":\"BreadcrumbList\",\"@id\":\"https:\/\/imaxilodental.com\/ca\/els-queixals-del-seny-quan-es-necessari-extreurels\/#breadcrumb\",\"itemListElement\":[{\"@type\":\"ListItem\",\"position\":1,\"name\":\"Portada\",\"item\":\"https:\/\/imaxilodental.com\/ca\/\"},{\"@type\":\"ListItem\",\"position\":2,\"name\":\"Els queixals del seny: Quan \u00e9s necessari extreure\u2019ls?\"}]},{\"@type\":\"WebSite\",\"@id\":\"https:\/\/imaxilodental.com\/#website\",\"url\":\"https:\/\/imaxilodental.com\/\",\"name\":\"iMaxilodental\",\"description\":\"\",\"potentialAction\":[{\"@type\":\"SearchAction\",\"target\":{\"@type\":\"EntryPoint\",\"urlTemplate\":\"https:\/\/imaxilodental.com\/?s={search_term_string}\"},\"query-input\":{\"@type\":\"PropertyValueSpecification\",\"valueRequired\":true,\"valueName\":\"search_term_string\"}}],\"inLanguage\":\"ca\"},{\"@type\":\"Person\",\"@id\":\"https:\/\/imaxilodental.com\/#\/schema\/person\/8eecf3ba33736908920c568859317699\",\"name\":\"Alicia\",\"image\":{\"@type\":\"ImageObject\",\"inLanguage\":\"ca\",\"@id\":\"https:\/\/secure.gravatar.com\/avatar\/494cef922b404e869e55de756d4b7c31b30808b870efa63391045a4ac077e3ae?s=96&d=mm&r=g\",\"url\":\"https:\/\/secure.gravatar.com\/avatar\/494cef922b404e869e55de756d4b7c31b30808b870efa63391045a4ac077e3ae?s=96&d=mm&r=g\",\"contentUrl\":\"https:\/\/secure.gravatar.com\/avatar\/494cef922b404e869e55de756d4b7c31b30808b870efa63391045a4ac077e3ae?s=96&d=mm&r=g\",\"caption\":\"Alicia\"},\"url\":\"https:\/\/imaxilodental.com\/ca\/author\/alicia\/\"}]}<\/script>\n<!-- \/ Yoast SEO plugin. -->","yoast_head_json":{"title":"Els queixals del seny: Quan \u00e9s necessari extreure\u2019ls? - iMaxilodental","description":"Els queixals del seny erupcionen a trav\u00e9s de les genives durant els darrers anys de l'adolesc\u00e8ncia. T'expliquem quan s'han de treure.","robots":{"index":"index","follow":"follow","max-snippet":"max-snippet:-1","max-image-preview":"max-image-preview:large","max-video-preview":"max-video-preview:-1"},"canonical":"https:\/\/imaxilodental.com\/ca\/els-queixals-del-seny-quan-es-necessari-extreurels\/","og_locale":"ca_ES","og_type":"article","og_title":"Els queixals del seny: Quan \u00e9s necessari extreure\u2019ls? - iMaxilodental","og_description":"Els queixals del seny erupcionen a trav\u00e9s de les genives durant els darrers anys de l'adolesc\u00e8ncia. T'expliquem quan s'han de treure.","og_url":"https:\/\/imaxilodental.com\/ca\/els-queixals-del-seny-quan-es-necessari-extreurels\/","og_site_name":"iMaxilodental","article_published_time":"2021-04-19T08:15:19+00:00","article_modified_time":"2022-01-10T16:17:46+00:00","og_image":[{"width":820,"height":880,"url":"https:\/\/imaxilodental.com\/wp-content\/uploads\/2021\/04\/muelasdeljuicio.jpg","type":"image\/jpeg"}],"author":"Alicia","twitter_misc":{"Escrit per":"Alicia","Temps estimat de lectura":"2 minuts"},"schema":{"@context":"https:\/\/schema.org","@graph":[{"@type":"Article","@id":"https:\/\/imaxilodental.com\/ca\/els-queixals-del-seny-quan-es-necessari-extreurels\/#article","isPartOf":{"@id":"https:\/\/imaxilodental.com\/ca\/els-queixals-del-seny-quan-es-necessari-extreurels\/"},"author":{"name":"Alicia","@id":"https:\/\/imaxilodental.com\/#\/schema\/person\/8eecf3ba33736908920c568859317699"},"headline":"Els queixals del seny: Quan \u00e9s necessari extreure\u2019ls?","datePublished":"2021-04-19T08:15:19+00:00","dateModified":"2022-01-10T16:17:46+00:00","mainEntityOfPage":{"@id":"https:\/\/imaxilodental.com\/ca\/els-queixals-del-seny-quan-es-necessari-extreurels\/"},"wordCount":365,"image":{"@id":"https:\/\/imaxilodental.com\/ca\/els-queixals-del-seny-quan-es-necessari-extreurels\/#primaryimage"},"thumbnailUrl":"https:\/\/imaxilodental.com\/wp-content\/uploads\/2021\/04\/muelasdeljuicio.jpg","keywords":["absc\u00e9s","c\u00e0ries dental","gingivitis","queixals del seny","sedaci\u00f3 conscient","tractament ortod\u00f2ntic"],"articleSection":["Actualitat"],"inLanguage":"ca"},{"@type":"WebPage","@id":"https:\/\/imaxilodental.com\/ca\/els-queixals-del-seny-quan-es-necessari-extreurels\/","url":"https:\/\/imaxilodental.com\/ca\/els-queixals-del-seny-quan-es-necessari-extreurels\/","name":"Els queixals del seny: Quan \u00e9s necessari extreure\u2019ls? - iMaxilodental","isPartOf":{"@id":"https:\/\/imaxilodental.com\/#website"},"primaryImageOfPage":{"@id":"https:\/\/imaxilodental.com\/ca\/els-queixals-del-seny-quan-es-necessari-extreurels\/#primaryimage"},"image":{"@id":"https:\/\/imaxilodental.com\/ca\/els-queixals-del-seny-quan-es-necessari-extreurels\/#primaryimage"},"thumbnailUrl":"https:\/\/imaxilodental.com\/wp-content\/uploads\/2021\/04\/muelasdeljuicio.jpg","datePublished":"2021-04-19T08:15:19+00:00","dateModified":"2022-01-10T16:17:46+00:00","author":{"@id":"https:\/\/imaxilodental.com\/#\/schema\/person\/8eecf3ba33736908920c568859317699"},"description":"Els queixals del seny erupcionen a trav\u00e9s de les genives durant els darrers anys de l'adolesc\u00e8ncia. T'expliquem quan s'han de treure.","breadcrumb":{"@id":"https:\/\/imaxilodental.com\/ca\/els-queixals-del-seny-quan-es-necessari-extreurels\/#breadcrumb"},"inLanguage":"ca","potentialAction":[{"@type":"ReadAction","target":["https:\/\/imaxilodental.com\/ca\/els-queixals-del-seny-quan-es-necessari-extreurels\/"]}]},{"@type":"ImageObject","inLanguage":"ca","@id":"https:\/\/imaxilodental.com\/ca\/els-queixals-del-seny-quan-es-necessari-extreurels\/#primaryimage","url":"https:\/\/imaxilodental.com\/wp-content\/uploads\/2021\/04\/muelasdeljuicio.jpg","contentUrl":"https:\/\/imaxilodental.com\/wp-content\/uploads\/2021\/04\/muelasdeljuicio.jpg","width":820,"height":880},{"@type":"BreadcrumbList","@id":"https:\/\/imaxilodental.com\/ca\/els-queixals-del-seny-quan-es-necessari-extreurels\/#breadcrumb","itemListElement":[{"@type":"ListItem","position":1,"name":"Portada","item":"https:\/\/imaxilodental.com\/ca\/"},{"@type":"ListItem","position":2,"name":"Els queixals del seny: Quan \u00e9s necessari extreure\u2019ls?"}]},{"@type":"WebSite","@id":"https:\/\/imaxilodental.com\/#website","url":"https:\/\/imaxilodental.com\/","name":"iMaxilodental","description":"","potentialAction":[{"@type":"SearchAction","target":{"@type":"EntryPoint","urlTemplate":"https:\/\/imaxilodental.com\/?s={search_term_string}"},"query-input":{"@type":"PropertyValueSpecification","valueRequired":true,"valueName":"search_term_string"}}],"inLanguage":"ca"},{"@type":"Person","@id":"https:\/\/imaxilodental.com\/#\/schema\/person\/8eecf3ba33736908920c568859317699","name":"Alicia","image":{"@type":"ImageObject","inLanguage":"ca","@id":"https:\/\/secure.gravatar.com\/avatar\/494cef922b404e869e55de756d4b7c31b30808b870efa63391045a4ac077e3ae?s=96&d=mm&r=g","url":"https:\/\/secure.gravatar.com\/avatar\/494cef922b404e869e55de756d4b7c31b30808b870efa63391045a4ac077e3ae?s=96&d=mm&r=g","contentUrl":"https:\/\/secure.gravatar.com\/avatar\/494cef922b404e869e55de756d4b7c31b30808b870efa63391045a4ac077e3ae?s=96&d=mm&r=g","caption":"Alicia"},"url":"https:\/\/imaxilodental.com\/ca\/author\/alicia\/"}]}},"meta_box":[],"_links":{"self":[{"href":"https:\/\/imaxilodental.com\/ca\/wp-json\/wp\/v2\/posts\/1665","targetHints":{"allow":["GET"]}}],"collection":[{"href":"https:\/\/imaxilodental.com\/ca\/wp-json\/wp\/v2\/posts"}],"about":[{"href":"https:\/\/imaxilodental.com\/ca\/wp-json\/wp\/v2\/types\/post"}],"author":[{"embeddable":true,"href":"https:\/\/imaxilodental.com\/ca\/wp-json\/wp\/v2\/users\/2"}],"replies":[{"embeddable":true,"href":"https:\/\/imaxilodental.com\/ca\/wp-json\/wp\/v2\/comments?post=1665"}],"version-history":[{"count":2,"href":"https:\/\/imaxilodental.com\/ca\/wp-json\/wp\/v2\/posts\/1665\/revisions"}],"predecessor-version":[{"id":2100,"href":"https:\/\/imaxilodental.com\/ca\/wp-json\/wp\/v2\/posts\/1665\/revisions\/2100"}],"wp:featuredmedia":[{"embeddable":true,"href":"https:\/\/imaxilodental.com\/ca\/wp-json\/wp\/v2\/media\/1663"}],"wp:attachment":[{"href":"https:\/\/imaxilodental.com\/ca\/wp-json\/wp\/v2\/media?parent=1665"}],"wp:term":[{"taxonomy":"category","embeddable":true,"href":"https:\/\/imaxilodental.com\/ca\/wp-json\/wp\/v2\/categories?post=1665"},{"taxonomy":"post_tag","embeddable":true,"href":"https:\/\/imaxilodental.com\/ca\/wp-json\/wp\/v2\/tags?post=1665"}],"curies":[{"name":"wp","href":"https:\/\/api.w.org\/{rel}","templated":true}]}}