{"id":1602,"date":"2021-03-01T11:21:08","date_gmt":"2021-03-01T11:21:08","guid":{"rendered":"https:\/\/imaxilodental.com\/?p=1602"},"modified":"2022-01-10T16:14:02","modified_gmt":"2022-01-10T16:14:02","slug":"com-sera-el-teu-tractament-a-mollet-del-valles","status":"publish","type":"post","link":"https:\/\/imaxilodental.com\/ca\/com-sera-el-teu-tractament-a-mollet-del-valles\/","title":{"rendered":"Invisalign en 4 passos: Com ser\u00e0 el teu tractament"},"content":{"rendered":"<p>Avui volem explicar-te pas a pas el <a href=\"https:\/\/imaxilodental.com\/ca\/ortodoncia\/\" target=\"_blank\" rel=\"noopener noreferrer\"><strong><em>tractament ortod\u00f2ntic amb Invisalign<\/em><\/strong> <strong>a Institut Maxil.lodental de l&#8217;Vall\u00e8s<\/strong><\/a>. Invisalign\u00ae \u00e9s un tractament innovador que aconsegueix resultats sorprenents, sense necessitat de posar-te Brackets, i d&#8217;una manera senzilla i poc invasiva:<\/p>\n<p>&nbsp;<\/p>\n<ol>\n<li><a href=\"https:\/\/imaxilodental.com\/ca\/contacte\/\" target=\"_blank\" rel=\"noopener noreferrer\"><strong>Demana la teva primera visita d&#8217;exploraci\u00f3<\/strong><\/a>. Un membre del nostre equip et far\u00e0 una radiografia digital i far\u00e0 fotos de les teves dents i cara. Despr\u00e9s, la <a href=\"https:\/\/imaxilodental.com\/ca\/equip\/\" target=\"_blank\" rel=\"noopener noreferrer\">nostra ortodoncista<\/a> utilitzar\u00e0 aquesta informaci\u00f3 per arribar a un diagn\u00f2stic. Et explicarem els objectius dels alineadors invisibles, el que pots esperar d&#8217;ells, el preu i respondrem a totes les teves preguntes. A m\u00e9s, amb el nostre nou esc\u00e0ner Itero, <strong>et mostrarem el resultat final del teu tractament, des de la primera visita!<\/strong><\/li>\n<\/ol>\n<p>&nbsp;<\/p>\n<ol start=\"2\">\n<li><strong>Crearem una imatge digital 3D de la teva boca<\/strong>: no nom\u00e9s utilitzarem el nostre esc\u00e0ner iTero\u00ae per mostrar-te els resultats de la teva futura somriure, sin\u00f3 que tamb\u00e9 el farem servir per prendre imatges d&#8217;alta qualitat de les teves dents, genives i mand\u00edbula.<\/li>\n<\/ol>\n<p>&nbsp;<\/p>\n<ol start=\"3\">\n<li><strong>Et donarem una altra cita per recollir les teves alineadors transparents<\/strong>: Invisalign\u00ae ens enviar\u00e0 els alineadors fets a mida. Haur\u00e0s de portar els alineadors entre 20 i 22 hores al dia, traient-te&#8217;ls per menjar, raspallar-te les dents i utilitzar fil dental. Et canviarem els alineadors cada dues setmanes, encara que la quantitat final d&#8217;alineadors que necessitarem per aconseguir resultats \u00f2ptims dependr\u00e0 de la complexitat del teu cas.<\/li>\n<\/ol>\n<p>&nbsp;<\/p>\n<ol start=\"4\">\n<li>Passat aquest proc\u00e9s, podr\u00e0s <strong>gaudir de la teva nova somriure<\/strong>. Mentre acabes l&#8217;\u00faltima fase d&#8217;ortod\u00f2ncia, comen\u00e7arem amb la fase de retenci\u00f3 per mantenir les teves dents en la seva nova posici\u00f3 i conservar el teu bell somriure de per vida.<\/li>\n<\/ol>\n<p>&nbsp;<\/p>\n<p>Comen\u00e7a a millorar el teu somriure avui mateix. <strong>Truca&#8217;ns a l&#8217;+34 931.279.804<\/strong> per comen\u00e7ar el teu tractament.<\/p>\n<p>&nbsp;<\/p>\n<p><strong><em>Contingut relacionat:<\/em><\/strong><\/p>\n<blockquote class=\"wp-embedded-content\" data-secret=\"0lK7vmAIId\"><p><a href=\"https:\/\/imaxilodental.com\/ca\/que-no-menjar-quan-portes-aparell-dortodoncia\/\">Qu\u00e8 NO menjar quan portes aparell d&#8217;ortod\u00f2ncia<\/a><\/p><\/blockquote>\n<p><iframe loading=\"lazy\" class=\"wp-embedded-content\" sandbox=\"allow-scripts\" security=\"restricted\" style=\"position: absolute; clip: rect(1px, 1px, 1px, 1px);\" title=\"&#8220;Qu\u00e8 NO menjar quan portes aparell d&#8217;ortod\u00f2ncia&#8221; &#8212; iMaxilodental\" src=\"https:\/\/imaxilodental.com\/ca\/que-no-menjar-quan-portes-aparell-dortodoncia\/embed\/#?secret=rpdd76biGg#?secret=0lK7vmAIId\" data-secret=\"0lK7vmAIId\" width=\"500\" height=\"282\" frameborder=\"0\" marginwidth=\"0\" marginheight=\"0\" scrolling=\"no\"><\/iframe><\/p>\n<blockquote class=\"wp-embedded-content\" data-secret=\"kzOCOODTYg\"><p><a href=\"https:\/\/imaxilodental.com\/ca\/5-dades-que-no-sabies-sobre-lortodoncia-invisible\/\">5 dades que no sabies sobre l&#8217;ortod\u00f2ncia invisible<\/a><\/p><\/blockquote>\n<p><iframe loading=\"lazy\" class=\"wp-embedded-content\" sandbox=\"allow-scripts\" security=\"restricted\" style=\"position: absolute; clip: rect(1px, 1px, 1px, 1px);\" title=\"&#8220;5 dades que no sabies sobre l&#8217;ortod\u00f2ncia invisible&#8221; &#8212; iMaxilodental\" src=\"https:\/\/imaxilodental.com\/ca\/5-dades-que-no-sabies-sobre-lortodoncia-invisible\/embed\/#?secret=WV9iqaoV6b#?secret=kzOCOODTYg\" data-secret=\"kzOCOODTYg\" width=\"500\" height=\"282\" frameborder=\"0\" marginwidth=\"0\" marginheight=\"0\" scrolling=\"no\"><\/iframe><\/p>\n<blockquote class=\"wp-embedded-content\" data-secret=\"fe7OB3quEK\"><p><a href=\"https:\/\/imaxilodental.com\/ca\/ortodoncia-9-dades-que-has-de-saber\/\">Ortod\u00f2ncia: 9 dades que has de saber<\/a><\/p><\/blockquote>\n<p><iframe loading=\"lazy\" class=\"wp-embedded-content\" sandbox=\"allow-scripts\" security=\"restricted\" style=\"position: absolute; clip: rect(1px, 1px, 1px, 1px);\" title=\"&#8220;Ortod\u00f2ncia: 9 dades que has de saber&#8221; &#8212; iMaxilodental\" src=\"https:\/\/imaxilodental.com\/ca\/ortodoncia-9-dades-que-has-de-saber\/embed\/#?secret=wpZdRy15Hu#?secret=fe7OB3quEK\" data-secret=\"fe7OB3quEK\" width=\"500\" height=\"282\" frameborder=\"0\" marginwidth=\"0\" marginheight=\"0\" scrolling=\"no\"><\/iframe><\/p>\n","protected":false},"excerpt":{"rendered":"<p>Avui volem explicar-te pas a pas el tractament ortod\u00f2ntic amb Invisalign a Institut Maxil.lodental de l&#8217;Vall\u00e8s. Invisalign\u00ae \u00e9s un tractament innovador que aconsegueix resultats sorprenents, sense necessitat de posar-te Brackets, i d&#8217;una manera senzilla i poc invasiva: &nbsp; Demana la teva primera visita d&#8217;exploraci\u00f3. Un membre del nostre equip et far\u00e0 una radiografia digital i [&hellip;]<\/p>\n","protected":false},"author":2,"featured_media":1597,"comment_status":"closed","ping_status":"open","sticky":false,"template":"","format":"standard","meta":{"footnotes":""},"categories":[10],"tags":[30,11,29,35],"class_list":["post-1602","post","type-post","status-publish","format-standard","has-post-thumbnail","hentry","category-actualitat","tag-invisalign","tag-ortodoncia","tag-ortodoncia-invisible","tag-tractament-ortodontic"],"yoast_head":"<!-- This site is optimized with the Yoast SEO plugin v27.2 - https:\/\/yoast.com\/product\/yoast-seo-wordpress\/ -->\n<title>Invisalign en 4 passos: Com ser\u00e0 el teu tractament - iMaxilodental<\/title>\n<meta name=\"description\" content=\"T&#039;expliquem pas a pas el tractament ortod\u00f2ncic amb Invisalign, un tractament poc invasiu que aconsegueix resultats sorprenents.\" \/>\n<meta name=\"robots\" content=\"index, follow, max-snippet:-1, max-image-preview:large, max-video-preview:-1\" \/>\n<link rel=\"canonical\" href=\"https:\/\/imaxilodental.com\/ca\/com-sera-el-teu-tractament-a-mollet-del-valles\/\" \/>\n<meta property=\"og:locale\" content=\"ca_ES\" \/>\n<meta property=\"og:type\" content=\"article\" \/>\n<meta property=\"og:title\" content=\"Invisalign en 4 passos: Com ser\u00e0 el teu tractament - iMaxilodental\" \/>\n<meta property=\"og:description\" content=\"T&#039;expliquem pas a pas el tractament ortod\u00f2ncic amb Invisalign, un tractament poc invasiu que aconsegueix resultats sorprenents.\" \/>\n<meta property=\"og:url\" content=\"https:\/\/imaxilodental.com\/ca\/com-sera-el-teu-tractament-a-mollet-del-valles\/\" \/>\n<meta property=\"og:site_name\" content=\"iMaxilodental\" \/>\n<meta property=\"article:published_time\" content=\"2021-03-01T11:21:08+00:00\" \/>\n<meta property=\"article:modified_time\" content=\"2022-01-10T16:14:02+00:00\" \/>\n<meta property=\"og:image\" content=\"https:\/\/imaxilodental.com\/wp-content\/uploads\/2021\/03\/invisalign.jpg\" \/>\n\t<meta property=\"og:image:width\" content=\"820\" \/>\n\t<meta property=\"og:image:height\" content=\"880\" \/>\n\t<meta property=\"og:image:type\" content=\"image\/jpeg\" \/>\n<meta name=\"author\" content=\"Alicia\" \/>\n<meta name=\"twitter:label1\" content=\"Escrit per\" \/>\n\t<meta name=\"twitter:data1\" content=\"Alicia\" \/>\n\t<meta name=\"twitter:label2\" content=\"Temps estimat de lectura\" \/>\n\t<meta name=\"twitter:data2\" content=\"2 minuts\" \/>\n<script type=\"application\/ld+json\" class=\"yoast-schema-graph\">{\"@context\":\"https:\/\/schema.org\",\"@graph\":[{\"@type\":\"Article\",\"@id\":\"https:\/\/imaxilodental.com\/ca\/com-sera-el-teu-tractament-a-mollet-del-valles\/#article\",\"isPartOf\":{\"@id\":\"https:\/\/imaxilodental.com\/ca\/com-sera-el-teu-tractament-a-mollet-del-valles\/\"},\"author\":{\"name\":\"Alicia\",\"@id\":\"https:\/\/imaxilodental.com\/#\/schema\/person\/8eecf3ba33736908920c568859317699\"},\"headline\":\"Invisalign en 4 passos: Com ser\u00e0 el teu tractament\",\"datePublished\":\"2021-03-01T11:21:08+00:00\",\"dateModified\":\"2022-01-10T16:14:02+00:00\",\"mainEntityOfPage\":{\"@id\":\"https:\/\/imaxilodental.com\/ca\/com-sera-el-teu-tractament-a-mollet-del-valles\/\"},\"wordCount\":339,\"image\":{\"@id\":\"https:\/\/imaxilodental.com\/ca\/com-sera-el-teu-tractament-a-mollet-del-valles\/#primaryimage\"},\"thumbnailUrl\":\"https:\/\/imaxilodental.com\/wp-content\/uploads\/2021\/03\/invisalign.jpg\",\"keywords\":[\"invisalign\",\"ortodoncia\",\"ortodoncia invisible\",\"tractament ortod\u00f2ntic\"],\"articleSection\":[\"Actualitat\"],\"inLanguage\":\"ca\"},{\"@type\":\"WebPage\",\"@id\":\"https:\/\/imaxilodental.com\/ca\/com-sera-el-teu-tractament-a-mollet-del-valles\/\",\"url\":\"https:\/\/imaxilodental.com\/ca\/com-sera-el-teu-tractament-a-mollet-del-valles\/\",\"name\":\"Invisalign en 4 passos: Com ser\u00e0 el teu tractament - iMaxilodental\",\"isPartOf\":{\"@id\":\"https:\/\/imaxilodental.com\/#website\"},\"primaryImageOfPage\":{\"@id\":\"https:\/\/imaxilodental.com\/ca\/com-sera-el-teu-tractament-a-mollet-del-valles\/#primaryimage\"},\"image\":{\"@id\":\"https:\/\/imaxilodental.com\/ca\/com-sera-el-teu-tractament-a-mollet-del-valles\/#primaryimage\"},\"thumbnailUrl\":\"https:\/\/imaxilodental.com\/wp-content\/uploads\/2021\/03\/invisalign.jpg\",\"datePublished\":\"2021-03-01T11:21:08+00:00\",\"dateModified\":\"2022-01-10T16:14:02+00:00\",\"author\":{\"@id\":\"https:\/\/imaxilodental.com\/#\/schema\/person\/8eecf3ba33736908920c568859317699\"},\"description\":\"T'expliquem pas a pas el tractament ortod\u00f2ncic amb Invisalign, un tractament poc invasiu que aconsegueix resultats sorprenents.\",\"breadcrumb\":{\"@id\":\"https:\/\/imaxilodental.com\/ca\/com-sera-el-teu-tractament-a-mollet-del-valles\/#breadcrumb\"},\"inLanguage\":\"ca\",\"potentialAction\":[{\"@type\":\"ReadAction\",\"target\":[\"https:\/\/imaxilodental.com\/ca\/com-sera-el-teu-tractament-a-mollet-del-valles\/\"]}]},{\"@type\":\"ImageObject\",\"inLanguage\":\"ca\",\"@id\":\"https:\/\/imaxilodental.com\/ca\/com-sera-el-teu-tractament-a-mollet-del-valles\/#primaryimage\",\"url\":\"https:\/\/imaxilodental.com\/wp-content\/uploads\/2021\/03\/invisalign.jpg\",\"contentUrl\":\"https:\/\/imaxilodental.com\/wp-content\/uploads\/2021\/03\/invisalign.jpg\",\"width\":820,\"height\":880},{\"@type\":\"BreadcrumbList\",\"@id\":\"https:\/\/imaxilodental.com\/ca\/com-sera-el-teu-tractament-a-mollet-del-valles\/#breadcrumb\",\"itemListElement\":[{\"@type\":\"ListItem\",\"position\":1,\"name\":\"Portada\",\"item\":\"https:\/\/imaxilodental.com\/ca\/\"},{\"@type\":\"ListItem\",\"position\":2,\"name\":\"Invisalign en 4 passos: Com ser\u00e0 el teu tractament\"}]},{\"@type\":\"WebSite\",\"@id\":\"https:\/\/imaxilodental.com\/#website\",\"url\":\"https:\/\/imaxilodental.com\/\",\"name\":\"iMaxilodental\",\"description\":\"\",\"potentialAction\":[{\"@type\":\"SearchAction\",\"target\":{\"@type\":\"EntryPoint\",\"urlTemplate\":\"https:\/\/imaxilodental.com\/?s={search_term_string}\"},\"query-input\":{\"@type\":\"PropertyValueSpecification\",\"valueRequired\":true,\"valueName\":\"search_term_string\"}}],\"inLanguage\":\"ca\"},{\"@type\":\"Person\",\"@id\":\"https:\/\/imaxilodental.com\/#\/schema\/person\/8eecf3ba33736908920c568859317699\",\"name\":\"Alicia\",\"image\":{\"@type\":\"ImageObject\",\"inLanguage\":\"ca\",\"@id\":\"https:\/\/secure.gravatar.com\/avatar\/494cef922b404e869e55de756d4b7c31b30808b870efa63391045a4ac077e3ae?s=96&d=mm&r=g\",\"url\":\"https:\/\/secure.gravatar.com\/avatar\/494cef922b404e869e55de756d4b7c31b30808b870efa63391045a4ac077e3ae?s=96&d=mm&r=g\",\"contentUrl\":\"https:\/\/secure.gravatar.com\/avatar\/494cef922b404e869e55de756d4b7c31b30808b870efa63391045a4ac077e3ae?s=96&d=mm&r=g\",\"caption\":\"Alicia\"},\"url\":\"https:\/\/imaxilodental.com\/ca\/author\/alicia\/\"}]}<\/script>\n<!-- \/ Yoast SEO plugin. -->","yoast_head_json":{"title":"Invisalign en 4 passos: Com ser\u00e0 el teu tractament - iMaxilodental","description":"T'expliquem pas a pas el tractament ortod\u00f2ncic amb Invisalign, un tractament poc invasiu que aconsegueix resultats sorprenents.","robots":{"index":"index","follow":"follow","max-snippet":"max-snippet:-1","max-image-preview":"max-image-preview:large","max-video-preview":"max-video-preview:-1"},"canonical":"https:\/\/imaxilodental.com\/ca\/com-sera-el-teu-tractament-a-mollet-del-valles\/","og_locale":"ca_ES","og_type":"article","og_title":"Invisalign en 4 passos: Com ser\u00e0 el teu tractament - iMaxilodental","og_description":"T'expliquem pas a pas el tractament ortod\u00f2ncic amb Invisalign, un tractament poc invasiu que aconsegueix resultats sorprenents.","og_url":"https:\/\/imaxilodental.com\/ca\/com-sera-el-teu-tractament-a-mollet-del-valles\/","og_site_name":"iMaxilodental","article_published_time":"2021-03-01T11:21:08+00:00","article_modified_time":"2022-01-10T16:14:02+00:00","og_image":[{"width":820,"height":880,"url":"https:\/\/imaxilodental.com\/wp-content\/uploads\/2021\/03\/invisalign.jpg","type":"image\/jpeg"}],"author":"Alicia","twitter_misc":{"Escrit per":"Alicia","Temps estimat de lectura":"2 minuts"},"schema":{"@context":"https:\/\/schema.org","@graph":[{"@type":"Article","@id":"https:\/\/imaxilodental.com\/ca\/com-sera-el-teu-tractament-a-mollet-del-valles\/#article","isPartOf":{"@id":"https:\/\/imaxilodental.com\/ca\/com-sera-el-teu-tractament-a-mollet-del-valles\/"},"author":{"name":"Alicia","@id":"https:\/\/imaxilodental.com\/#\/schema\/person\/8eecf3ba33736908920c568859317699"},"headline":"Invisalign en 4 passos: Com ser\u00e0 el teu tractament","datePublished":"2021-03-01T11:21:08+00:00","dateModified":"2022-01-10T16:14:02+00:00","mainEntityOfPage":{"@id":"https:\/\/imaxilodental.com\/ca\/com-sera-el-teu-tractament-a-mollet-del-valles\/"},"wordCount":339,"image":{"@id":"https:\/\/imaxilodental.com\/ca\/com-sera-el-teu-tractament-a-mollet-del-valles\/#primaryimage"},"thumbnailUrl":"https:\/\/imaxilodental.com\/wp-content\/uploads\/2021\/03\/invisalign.jpg","keywords":["invisalign","ortodoncia","ortodoncia invisible","tractament ortod\u00f2ntic"],"articleSection":["Actualitat"],"inLanguage":"ca"},{"@type":"WebPage","@id":"https:\/\/imaxilodental.com\/ca\/com-sera-el-teu-tractament-a-mollet-del-valles\/","url":"https:\/\/imaxilodental.com\/ca\/com-sera-el-teu-tractament-a-mollet-del-valles\/","name":"Invisalign en 4 passos: Com ser\u00e0 el teu tractament - iMaxilodental","isPartOf":{"@id":"https:\/\/imaxilodental.com\/#website"},"primaryImageOfPage":{"@id":"https:\/\/imaxilodental.com\/ca\/com-sera-el-teu-tractament-a-mollet-del-valles\/#primaryimage"},"image":{"@id":"https:\/\/imaxilodental.com\/ca\/com-sera-el-teu-tractament-a-mollet-del-valles\/#primaryimage"},"thumbnailUrl":"https:\/\/imaxilodental.com\/wp-content\/uploads\/2021\/03\/invisalign.jpg","datePublished":"2021-03-01T11:21:08+00:00","dateModified":"2022-01-10T16:14:02+00:00","author":{"@id":"https:\/\/imaxilodental.com\/#\/schema\/person\/8eecf3ba33736908920c568859317699"},"description":"T'expliquem pas a pas el tractament ortod\u00f2ncic amb Invisalign, un tractament poc invasiu que aconsegueix resultats sorprenents.","breadcrumb":{"@id":"https:\/\/imaxilodental.com\/ca\/com-sera-el-teu-tractament-a-mollet-del-valles\/#breadcrumb"},"inLanguage":"ca","potentialAction":[{"@type":"ReadAction","target":["https:\/\/imaxilodental.com\/ca\/com-sera-el-teu-tractament-a-mollet-del-valles\/"]}]},{"@type":"ImageObject","inLanguage":"ca","@id":"https:\/\/imaxilodental.com\/ca\/com-sera-el-teu-tractament-a-mollet-del-valles\/#primaryimage","url":"https:\/\/imaxilodental.com\/wp-content\/uploads\/2021\/03\/invisalign.jpg","contentUrl":"https:\/\/imaxilodental.com\/wp-content\/uploads\/2021\/03\/invisalign.jpg","width":820,"height":880},{"@type":"BreadcrumbList","@id":"https:\/\/imaxilodental.com\/ca\/com-sera-el-teu-tractament-a-mollet-del-valles\/#breadcrumb","itemListElement":[{"@type":"ListItem","position":1,"name":"Portada","item":"https:\/\/imaxilodental.com\/ca\/"},{"@type":"ListItem","position":2,"name":"Invisalign en 4 passos: Com ser\u00e0 el teu tractament"}]},{"@type":"WebSite","@id":"https:\/\/imaxilodental.com\/#website","url":"https:\/\/imaxilodental.com\/","name":"iMaxilodental","description":"","potentialAction":[{"@type":"SearchAction","target":{"@type":"EntryPoint","urlTemplate":"https:\/\/imaxilodental.com\/?s={search_term_string}"},"query-input":{"@type":"PropertyValueSpecification","valueRequired":true,"valueName":"search_term_string"}}],"inLanguage":"ca"},{"@type":"Person","@id":"https:\/\/imaxilodental.com\/#\/schema\/person\/8eecf3ba33736908920c568859317699","name":"Alicia","image":{"@type":"ImageObject","inLanguage":"ca","@id":"https:\/\/secure.gravatar.com\/avatar\/494cef922b404e869e55de756d4b7c31b30808b870efa63391045a4ac077e3ae?s=96&d=mm&r=g","url":"https:\/\/secure.gravatar.com\/avatar\/494cef922b404e869e55de756d4b7c31b30808b870efa63391045a4ac077e3ae?s=96&d=mm&r=g","contentUrl":"https:\/\/secure.gravatar.com\/avatar\/494cef922b404e869e55de756d4b7c31b30808b870efa63391045a4ac077e3ae?s=96&d=mm&r=g","caption":"Alicia"},"url":"https:\/\/imaxilodental.com\/ca\/author\/alicia\/"}]}},"meta_box":[],"_links":{"self":[{"href":"https:\/\/imaxilodental.com\/ca\/wp-json\/wp\/v2\/posts\/1602","targetHints":{"allow":["GET"]}}],"collection":[{"href":"https:\/\/imaxilodental.com\/ca\/wp-json\/wp\/v2\/posts"}],"about":[{"href":"https:\/\/imaxilodental.com\/ca\/wp-json\/wp\/v2\/types\/post"}],"author":[{"embeddable":true,"href":"https:\/\/imaxilodental.com\/ca\/wp-json\/wp\/v2\/users\/2"}],"replies":[{"embeddable":true,"href":"https:\/\/imaxilodental.com\/ca\/wp-json\/wp\/v2\/comments?post=1602"}],"version-history":[{"count":3,"href":"https:\/\/imaxilodental.com\/ca\/wp-json\/wp\/v2\/posts\/1602\/revisions"}],"predecessor-version":[{"id":2097,"href":"https:\/\/imaxilodental.com\/ca\/wp-json\/wp\/v2\/posts\/1602\/revisions\/2097"}],"wp:featuredmedia":[{"embeddable":true,"href":"https:\/\/imaxilodental.com\/ca\/wp-json\/wp\/v2\/media\/1597"}],"wp:attachment":[{"href":"https:\/\/imaxilodental.com\/ca\/wp-json\/wp\/v2\/media?parent=1602"}],"wp:term":[{"taxonomy":"category","embeddable":true,"href":"https:\/\/imaxilodental.com\/ca\/wp-json\/wp\/v2\/categories?post=1602"},{"taxonomy":"post_tag","embeddable":true,"href":"https:\/\/imaxilodental.com\/ca\/wp-json\/wp\/v2\/tags?post=1602"}],"curies":[{"name":"wp","href":"https:\/\/api.w.org\/{rel}","templated":true}]}}