{"id":1417,"date":"2020-11-17T09:01:10","date_gmt":"2020-11-17T09:01:10","guid":{"rendered":"https:\/\/imaxilodental.com\/?p=1417"},"modified":"2021-12-21T13:25:27","modified_gmt":"2021-12-21T13:25:27","slug":"5-dades-que-no-sabies-sobre-lortodoncia-invisible","status":"publish","type":"post","link":"https:\/\/imaxilodental.com\/ca\/5-dades-que-no-sabies-sobre-lortodoncia-invisible\/","title":{"rendered":"5 dades que no sabies sobre l&#8217;ortod\u00f2ncia invisible"},"content":{"rendered":"<p>Si est\u00e0s considerant fer-te un <strong><a href=\"https:\/\/imaxilodental.com\/ca\/ortodoncia\/\">tractament ortod\u00f2ntic<\/a> amb alineadors invisibles<\/strong>, aquesta llista t&#8217;ajudar\u00e0 a prendre una decisi\u00f3 ben informada:<\/p>\n<p><strong>L&#8217;ortod\u00f2ncia invisible \u00e9s un tractament que consisteix en una s\u00e8rie d&#8217;alineadors de pl\u00e0stic que reposicionen teves dents d&#8217;una manera molt gradua<\/strong>l. Quan es cuiden correctament, la seva aparen\u00e7a \u00e9s pr\u00e0cticament imperceptible, la qual cosa els fa molt populars entre els adults que necessiten alinear la seva dentadura.<\/p>\n<p>Aqu\u00ed et deixem 5 dades que potser no sabies sobre aquest tipus de tractament:<\/p>\n<p>&nbsp;<\/p>\n<blockquote>\n<h3><strong>\u00c9s possible que necessitis ataches (ancoratges)<\/strong><\/h3>\n<\/blockquote>\n<p>Una de les caracter\u00edstiques que m\u00e9s agraden als usuaris de l&#8217;ortod\u00f2ncia invisible \u00e9s el fet que, a difer\u00e8ncia dels brackets, els alineadors s\u00f3n removibles. No obstant aix\u00f2,<strong> en algunes ocasions es col\u00b7loquen ataches per dur a terme determinats moviments per completar el tractament.<\/strong><\/p>\n<p>Els ancoratges s\u00f3n petits &#8220;botons&#8221; de color clar o transparent que s&#8217;enganxen a la dent amb adhesiu dental, i que seran col\u00b7locats i retirats per la teva ortodontista en les visites de control. No et preocupis, ja que, encara fixos, aquests ataches solen col\u00b7locar-se en les peces posteriors, i s\u00f3n pr\u00e0cticament imperceptibles.<\/p>\n<p>&nbsp;<\/p>\n<blockquote>\n<h3><strong>Nom\u00e9s podr\u00e0s beure coses fredes<\/strong><\/h3>\n<\/blockquote>\n<p>Si ets una d&#8217;aquestes persones que els agrada beure begudes calentes durant el dia, la mala not\u00edcia \u00e9s que haur\u00e0s de deixar de fer-ho. <strong>Els alineadors dentals estan fets d&#8217;un pl\u00e0stic molt fi, de manera que les begudes calentes els podrien deformar<\/strong>, afectant l&#8217;avan\u00e7 del tractament. \u00c9s per aix\u00f2 que durant el teu tractament (i ja que els alineadors s&#8217;han portar idealment\u00a0 al voltant de 22 hores al dia) haur\u00e0s de limitar el consum de begudes calentes per evitar que els teus alineadors es deformin o es taquin.<\/p>\n<p>Si veritablement no pots funcionar sense el teu caf\u00e8, llavors haur\u00e0s de retirar el teu alineador de torn cada vegada que vulguis gaudir d&#8217;un, rentar-te (o almenys esbandir-te) les dents, i tornar a posar-lo. Tot i que, si pots passar sense caf\u00e8 o te, molt millor per al teu tractament ????<\/p>\n<p>&nbsp;<\/p>\n<blockquote>\n<h3><strong>Haur\u00e0s de rentar-te les dents m\u00e9s seguit<\/strong><\/h3>\n<\/blockquote>\n<p><strong>\u00a0<\/strong>Normalment se&#8217;ns recomana rentar-nos les dents despr\u00e9s de cada \u00e0pat, encara que, ja sigui per estar fora de casa o per falta de temps (o ganes) poques persones realment el fan. <strong>Quan estem seguint un tractament d&#8217;ortod\u00f2ncia, \u00e9s especialment important mantenir una higiene impecable<\/strong> i rentar-nos les dents despr\u00e9s de menjar, ja que els nostres dents estan en moviment (encara que aquest sigui imperceptible) i per tant hi ha m\u00e9s probabilitat que les restes de menjar es quedin entre les dents, podent desenvolupar placa, c\u00e0ries i mal al\u00e8.<\/p>\n<p>En el cas de l&#8217;ortod\u00f2ncia invisible, hem de raspallar-nos les dents cada vegada que ens llevem els alineadors, ja sigui per picar alguna cosa r\u00e0pida o per un bon \u00e0pat. Aix\u00f2 pot arribar a ser un avantatge, ja que et trobar\u00e0s amb que et raspalles m\u00e9s les dents, i a m\u00e9s pot ser que la mandra de fer-ho cada vegada t&#8217;ajudi a saltar-algun capritx poc saludable entre \u00e0pats.<\/p>\n<p>&nbsp;<\/p>\n<blockquote>\n<h3><strong>Podria haver-hi un per\u00edode d&#8217;ajust<\/strong><\/h3>\n<\/blockquote>\n<p>Algunes persones tenen peces dentals que es resisteixen m\u00e9s al moviment que la resta. \u00c9s per aix\u00f2 que <strong>hi ha la possibilitat que, un cop finalitzat el per\u00edode fixat de tractament d&#8217;ortod\u00f2ncia invisible, el teu ortodoncista et doni encara alguns alineadors d&#8217;ajust<\/strong>, que ajudaran a aquestes dents obstinats a re col\u00b7locar-se en la posici\u00f3 desitjada. Repetim, aix\u00f2 no passa en tots els casos, per\u00f2 \u00e9s una possibilitat.<\/p>\n<p>Independentment del nombre d&#8217;alineadors que hagis fet servir durant el teu tractament, se&#8217;t lliurar\u00e0 una f\u00e8rula final que haur\u00e0s de portar per per\u00edodes curts per mantenir les teves dents al seu lloc.<\/p>\n<h3>\u00a0<\/h3>\n<blockquote>\n<h3><strong>L&#8217;ortod\u00f2ncia invisible no \u00e9s per a tots<\/strong><\/h3>\n<\/blockquote>\n<p>Tot i que la ortod\u00f2ncia invisible \u00e9s l&#8217;opci\u00f3 m\u00e9s popular entre els adults, <strong>de vegades no \u00e9s la millor opci\u00f3 per a les persones que presenten casos greus d\u2019apinyament o necessitat de grans moviments.<\/strong> Tamb\u00e9 cal saber que, si penses que no ser\u00e0s capa\u00e7 de portar els alineadors durant 22 hores al dia, aquesta tampoc \u00e9s l&#8217;opci\u00f3 ideal per tu. Per saber si ets o no candidat a utilitzar ortod\u00f2ncia invisible, consulta amb els nostres especialistes, elles trobaran l&#8217;opci\u00f3 m\u00e9s adequada d&#8217;acord a l&#8217;estat de la teva dentadura i el teu ritme de vida.<\/p>\n<p>&nbsp;<\/p>\n<p><em><strong>Contingut relacionat:<\/strong><\/em><\/p>\n<blockquote class=\"wp-embedded-content\" data-secret=\"yENj6kKAH7\"><p><a href=\"https:\/\/imaxilodental.com\/ca\/soc-massa-gran-per-utilitzar-ortodoncia\/\">S\u00f3c massa gran per utilitzar ortod\u00f2ncia?<\/a><\/p><\/blockquote>\n<p><iframe loading=\"lazy\" class=\"wp-embedded-content\" sandbox=\"allow-scripts\" security=\"restricted\" style=\"position: absolute; clip: rect(1px, 1px, 1px, 1px);\" title=\"&#8220;S\u00f3c massa gran per utilitzar ortod\u00f2ncia?&#8221; &#8212; iMaxilodental\" src=\"https:\/\/imaxilodental.com\/ca\/soc-massa-gran-per-utilitzar-ortodoncia\/embed\/#?secret=7H1ppAbqGG#?secret=yENj6kKAH7\" data-secret=\"yENj6kKAH7\" width=\"500\" height=\"282\" frameborder=\"0\" marginwidth=\"0\" marginheight=\"0\" scrolling=\"no\"><\/iframe><\/p>\n","protected":false},"excerpt":{"rendered":"<p>Si est\u00e0s considerant fer-te un tractament ortod\u00f2ntic amb alineadors invisibles, aquesta llista t&#8217;ajudar\u00e0 a prendre una decisi\u00f3 ben informada: L&#8217;ortod\u00f2ncia invisible \u00e9s un tractament que consisteix en una s\u00e8rie d&#8217;alineadors de pl\u00e0stic que reposicionen teves dents d&#8217;una manera molt gradual. Quan es cuiden correctament, la seva aparen\u00e7a \u00e9s pr\u00e0cticament imperceptible, la qual cosa els fa [&hellip;]<\/p>\n","protected":false},"author":1,"featured_media":1415,"comment_status":"closed","ping_status":"open","sticky":false,"template":"","format":"standard","meta":{"footnotes":""},"categories":[10],"tags":[30,11,29],"class_list":["post-1417","post","type-post","status-publish","format-standard","has-post-thumbnail","hentry","category-actualitat","tag-invisalign","tag-ortodoncia","tag-ortodoncia-invisible"],"yoast_head":"<!-- This site is optimized with the Yoast SEO plugin v27.2 - https:\/\/yoast.com\/product\/yoast-seo-wordpress\/ -->\n<title>5 dades que no sabies sobre l&#039;ortod\u00f2ncia invisible - iMaxilodental<\/title>\n<meta name=\"description\" content=\"Et donem 5 importants dades que potser no sabies sobre el tractament ortod\u00f2ntic amb alineadors invisibles.\" \/>\n<meta name=\"robots\" content=\"index, follow, max-snippet:-1, max-image-preview:large, max-video-preview:-1\" \/>\n<link rel=\"canonical\" href=\"https:\/\/imaxilodental.com\/ca\/5-dades-que-no-sabies-sobre-lortodoncia-invisible\/\" \/>\n<meta property=\"og:locale\" content=\"ca_ES\" \/>\n<meta property=\"og:type\" content=\"article\" \/>\n<meta property=\"og:title\" content=\"5 dades que no sabies sobre l&#039;ortod\u00f2ncia invisible - iMaxilodental\" \/>\n<meta property=\"og:description\" content=\"Et donem 5 importants dades que potser no sabies sobre el tractament ortod\u00f2ntic amb alineadors invisibles.\" \/>\n<meta property=\"og:url\" content=\"https:\/\/imaxilodental.com\/ca\/5-dades-que-no-sabies-sobre-lortodoncia-invisible\/\" \/>\n<meta property=\"og:site_name\" content=\"iMaxilodental\" \/>\n<meta property=\"article:published_time\" content=\"2020-11-17T09:01:10+00:00\" \/>\n<meta property=\"article:modified_time\" content=\"2021-12-21T13:25:27+00:00\" \/>\n<meta property=\"og:image\" content=\"https:\/\/imaxilodental.com\/wp-content\/uploads\/2020\/11\/iStock-1164496193-1.jpg\" \/>\n\t<meta property=\"og:image:width\" content=\"1260\" \/>\n\t<meta property=\"og:image:height\" content=\"1401\" \/>\n\t<meta property=\"og:image:type\" content=\"image\/jpeg\" \/>\n<meta name=\"author\" content=\"Institut Maxil\u00b7lodental\" \/>\n<meta name=\"twitter:label1\" content=\"Escrit per\" \/>\n\t<meta name=\"twitter:data1\" content=\"Institut Maxil\u00b7lodental\" \/>\n\t<meta name=\"twitter:label2\" content=\"Temps estimat de lectura\" \/>\n\t<meta name=\"twitter:data2\" content=\"4 minuts\" \/>\n<script type=\"application\/ld+json\" class=\"yoast-schema-graph\">{\"@context\":\"https:\/\/schema.org\",\"@graph\":[{\"@type\":\"Article\",\"@id\":\"https:\/\/imaxilodental.com\/ca\/5-dades-que-no-sabies-sobre-lortodoncia-invisible\/#article\",\"isPartOf\":{\"@id\":\"https:\/\/imaxilodental.com\/ca\/5-dades-que-no-sabies-sobre-lortodoncia-invisible\/\"},\"author\":{\"name\":\"Institut Maxil\u00b7lodental\",\"@id\":\"https:\/\/imaxilodental.com\/#\/schema\/person\/0e2be65fe5c58a890def71626ff879eb\"},\"headline\":\"5 dades que no sabies sobre l&#8217;ortod\u00f2ncia invisible\",\"datePublished\":\"2020-11-17T09:01:10+00:00\",\"dateModified\":\"2021-12-21T13:25:27+00:00\",\"mainEntityOfPage\":{\"@id\":\"https:\/\/imaxilodental.com\/ca\/5-dades-que-no-sabies-sobre-lortodoncia-invisible\/\"},\"wordCount\":788,\"image\":{\"@id\":\"https:\/\/imaxilodental.com\/ca\/5-dades-que-no-sabies-sobre-lortodoncia-invisible\/#primaryimage\"},\"thumbnailUrl\":\"https:\/\/imaxilodental.com\/wp-content\/uploads\/2020\/11\/iStock-1164496193-1.jpg\",\"keywords\":[\"invisalign\",\"ortodoncia\",\"ortodoncia invisible\"],\"articleSection\":[\"Actualitat\"],\"inLanguage\":\"ca\"},{\"@type\":\"WebPage\",\"@id\":\"https:\/\/imaxilodental.com\/ca\/5-dades-que-no-sabies-sobre-lortodoncia-invisible\/\",\"url\":\"https:\/\/imaxilodental.com\/ca\/5-dades-que-no-sabies-sobre-lortodoncia-invisible\/\",\"name\":\"5 dades que no sabies sobre l'ortod\u00f2ncia invisible - iMaxilodental\",\"isPartOf\":{\"@id\":\"https:\/\/imaxilodental.com\/#website\"},\"primaryImageOfPage\":{\"@id\":\"https:\/\/imaxilodental.com\/ca\/5-dades-que-no-sabies-sobre-lortodoncia-invisible\/#primaryimage\"},\"image\":{\"@id\":\"https:\/\/imaxilodental.com\/ca\/5-dades-que-no-sabies-sobre-lortodoncia-invisible\/#primaryimage\"},\"thumbnailUrl\":\"https:\/\/imaxilodental.com\/wp-content\/uploads\/2020\/11\/iStock-1164496193-1.jpg\",\"datePublished\":\"2020-11-17T09:01:10+00:00\",\"dateModified\":\"2021-12-21T13:25:27+00:00\",\"author\":{\"@id\":\"https:\/\/imaxilodental.com\/#\/schema\/person\/0e2be65fe5c58a890def71626ff879eb\"},\"description\":\"Et donem 5 importants dades que potser no sabies sobre el tractament ortod\u00f2ntic amb alineadors invisibles.\",\"breadcrumb\":{\"@id\":\"https:\/\/imaxilodental.com\/ca\/5-dades-que-no-sabies-sobre-lortodoncia-invisible\/#breadcrumb\"},\"inLanguage\":\"ca\",\"potentialAction\":[{\"@type\":\"ReadAction\",\"target\":[\"https:\/\/imaxilodental.com\/ca\/5-dades-que-no-sabies-sobre-lortodoncia-invisible\/\"]}]},{\"@type\":\"ImageObject\",\"inLanguage\":\"ca\",\"@id\":\"https:\/\/imaxilodental.com\/ca\/5-dades-que-no-sabies-sobre-lortodoncia-invisible\/#primaryimage\",\"url\":\"https:\/\/imaxilodental.com\/wp-content\/uploads\/2020\/11\/iStock-1164496193-1.jpg\",\"contentUrl\":\"https:\/\/imaxilodental.com\/wp-content\/uploads\/2020\/11\/iStock-1164496193-1.jpg\",\"width\":1260,\"height\":1401},{\"@type\":\"BreadcrumbList\",\"@id\":\"https:\/\/imaxilodental.com\/ca\/5-dades-que-no-sabies-sobre-lortodoncia-invisible\/#breadcrumb\",\"itemListElement\":[{\"@type\":\"ListItem\",\"position\":1,\"name\":\"Portada\",\"item\":\"https:\/\/imaxilodental.com\/ca\/\"},{\"@type\":\"ListItem\",\"position\":2,\"name\":\"5 dades que no sabies sobre l&#8217;ortod\u00f2ncia invisible\"}]},{\"@type\":\"WebSite\",\"@id\":\"https:\/\/imaxilodental.com\/#website\",\"url\":\"https:\/\/imaxilodental.com\/\",\"name\":\"iMaxilodental\",\"description\":\"\",\"potentialAction\":[{\"@type\":\"SearchAction\",\"target\":{\"@type\":\"EntryPoint\",\"urlTemplate\":\"https:\/\/imaxilodental.com\/?s={search_term_string}\"},\"query-input\":{\"@type\":\"PropertyValueSpecification\",\"valueRequired\":true,\"valueName\":\"search_term_string\"}}],\"inLanguage\":\"ca\"},{\"@type\":\"Person\",\"@id\":\"https:\/\/imaxilodental.com\/#\/schema\/person\/0e2be65fe5c58a890def71626ff879eb\",\"name\":\"Institut Maxil\u00b7lodental\",\"image\":{\"@type\":\"ImageObject\",\"inLanguage\":\"ca\",\"@id\":\"https:\/\/secure.gravatar.com\/avatar\/dd77c6bb181e05063fd56a8b54fa4fc916d912b7ff5940a9b931c9f84fa29360?s=96&d=mm&r=g\",\"url\":\"https:\/\/secure.gravatar.com\/avatar\/dd77c6bb181e05063fd56a8b54fa4fc916d912b7ff5940a9b931c9f84fa29360?s=96&d=mm&r=g\",\"contentUrl\":\"https:\/\/secure.gravatar.com\/avatar\/dd77c6bb181e05063fd56a8b54fa4fc916d912b7ff5940a9b931c9f84fa29360?s=96&d=mm&r=g\",\"caption\":\"Institut Maxil\u00b7lodental\"},\"url\":\"https:\/\/imaxilodental.com\/ca\/author\/admin\/\"}]}<\/script>\n<!-- \/ Yoast SEO plugin. -->","yoast_head_json":{"title":"5 dades que no sabies sobre l'ortod\u00f2ncia invisible - iMaxilodental","description":"Et donem 5 importants dades que potser no sabies sobre el tractament ortod\u00f2ntic amb alineadors invisibles.","robots":{"index":"index","follow":"follow","max-snippet":"max-snippet:-1","max-image-preview":"max-image-preview:large","max-video-preview":"max-video-preview:-1"},"canonical":"https:\/\/imaxilodental.com\/ca\/5-dades-que-no-sabies-sobre-lortodoncia-invisible\/","og_locale":"ca_ES","og_type":"article","og_title":"5 dades que no sabies sobre l'ortod\u00f2ncia invisible - iMaxilodental","og_description":"Et donem 5 importants dades que potser no sabies sobre el tractament ortod\u00f2ntic amb alineadors invisibles.","og_url":"https:\/\/imaxilodental.com\/ca\/5-dades-que-no-sabies-sobre-lortodoncia-invisible\/","og_site_name":"iMaxilodental","article_published_time":"2020-11-17T09:01:10+00:00","article_modified_time":"2021-12-21T13:25:27+00:00","og_image":[{"width":1260,"height":1401,"url":"https:\/\/imaxilodental.com\/wp-content\/uploads\/2020\/11\/iStock-1164496193-1.jpg","type":"image\/jpeg"}],"author":"Institut Maxil\u00b7lodental","twitter_misc":{"Escrit per":"Institut Maxil\u00b7lodental","Temps estimat de lectura":"4 minuts"},"schema":{"@context":"https:\/\/schema.org","@graph":[{"@type":"Article","@id":"https:\/\/imaxilodental.com\/ca\/5-dades-que-no-sabies-sobre-lortodoncia-invisible\/#article","isPartOf":{"@id":"https:\/\/imaxilodental.com\/ca\/5-dades-que-no-sabies-sobre-lortodoncia-invisible\/"},"author":{"name":"Institut Maxil\u00b7lodental","@id":"https:\/\/imaxilodental.com\/#\/schema\/person\/0e2be65fe5c58a890def71626ff879eb"},"headline":"5 dades que no sabies sobre l&#8217;ortod\u00f2ncia invisible","datePublished":"2020-11-17T09:01:10+00:00","dateModified":"2021-12-21T13:25:27+00:00","mainEntityOfPage":{"@id":"https:\/\/imaxilodental.com\/ca\/5-dades-que-no-sabies-sobre-lortodoncia-invisible\/"},"wordCount":788,"image":{"@id":"https:\/\/imaxilodental.com\/ca\/5-dades-que-no-sabies-sobre-lortodoncia-invisible\/#primaryimage"},"thumbnailUrl":"https:\/\/imaxilodental.com\/wp-content\/uploads\/2020\/11\/iStock-1164496193-1.jpg","keywords":["invisalign","ortodoncia","ortodoncia invisible"],"articleSection":["Actualitat"],"inLanguage":"ca"},{"@type":"WebPage","@id":"https:\/\/imaxilodental.com\/ca\/5-dades-que-no-sabies-sobre-lortodoncia-invisible\/","url":"https:\/\/imaxilodental.com\/ca\/5-dades-que-no-sabies-sobre-lortodoncia-invisible\/","name":"5 dades que no sabies sobre l'ortod\u00f2ncia invisible - iMaxilodental","isPartOf":{"@id":"https:\/\/imaxilodental.com\/#website"},"primaryImageOfPage":{"@id":"https:\/\/imaxilodental.com\/ca\/5-dades-que-no-sabies-sobre-lortodoncia-invisible\/#primaryimage"},"image":{"@id":"https:\/\/imaxilodental.com\/ca\/5-dades-que-no-sabies-sobre-lortodoncia-invisible\/#primaryimage"},"thumbnailUrl":"https:\/\/imaxilodental.com\/wp-content\/uploads\/2020\/11\/iStock-1164496193-1.jpg","datePublished":"2020-11-17T09:01:10+00:00","dateModified":"2021-12-21T13:25:27+00:00","author":{"@id":"https:\/\/imaxilodental.com\/#\/schema\/person\/0e2be65fe5c58a890def71626ff879eb"},"description":"Et donem 5 importants dades que potser no sabies sobre el tractament ortod\u00f2ntic amb alineadors invisibles.","breadcrumb":{"@id":"https:\/\/imaxilodental.com\/ca\/5-dades-que-no-sabies-sobre-lortodoncia-invisible\/#breadcrumb"},"inLanguage":"ca","potentialAction":[{"@type":"ReadAction","target":["https:\/\/imaxilodental.com\/ca\/5-dades-que-no-sabies-sobre-lortodoncia-invisible\/"]}]},{"@type":"ImageObject","inLanguage":"ca","@id":"https:\/\/imaxilodental.com\/ca\/5-dades-que-no-sabies-sobre-lortodoncia-invisible\/#primaryimage","url":"https:\/\/imaxilodental.com\/wp-content\/uploads\/2020\/11\/iStock-1164496193-1.jpg","contentUrl":"https:\/\/imaxilodental.com\/wp-content\/uploads\/2020\/11\/iStock-1164496193-1.jpg","width":1260,"height":1401},{"@type":"BreadcrumbList","@id":"https:\/\/imaxilodental.com\/ca\/5-dades-que-no-sabies-sobre-lortodoncia-invisible\/#breadcrumb","itemListElement":[{"@type":"ListItem","position":1,"name":"Portada","item":"https:\/\/imaxilodental.com\/ca\/"},{"@type":"ListItem","position":2,"name":"5 dades que no sabies sobre l&#8217;ortod\u00f2ncia invisible"}]},{"@type":"WebSite","@id":"https:\/\/imaxilodental.com\/#website","url":"https:\/\/imaxilodental.com\/","name":"iMaxilodental","description":"","potentialAction":[{"@type":"SearchAction","target":{"@type":"EntryPoint","urlTemplate":"https:\/\/imaxilodental.com\/?s={search_term_string}"},"query-input":{"@type":"PropertyValueSpecification","valueRequired":true,"valueName":"search_term_string"}}],"inLanguage":"ca"},{"@type":"Person","@id":"https:\/\/imaxilodental.com\/#\/schema\/person\/0e2be65fe5c58a890def71626ff879eb","name":"Institut Maxil\u00b7lodental","image":{"@type":"ImageObject","inLanguage":"ca","@id":"https:\/\/secure.gravatar.com\/avatar\/dd77c6bb181e05063fd56a8b54fa4fc916d912b7ff5940a9b931c9f84fa29360?s=96&d=mm&r=g","url":"https:\/\/secure.gravatar.com\/avatar\/dd77c6bb181e05063fd56a8b54fa4fc916d912b7ff5940a9b931c9f84fa29360?s=96&d=mm&r=g","contentUrl":"https:\/\/secure.gravatar.com\/avatar\/dd77c6bb181e05063fd56a8b54fa4fc916d912b7ff5940a9b931c9f84fa29360?s=96&d=mm&r=g","caption":"Institut Maxil\u00b7lodental"},"url":"https:\/\/imaxilodental.com\/ca\/author\/admin\/"}]}},"meta_box":[],"_links":{"self":[{"href":"https:\/\/imaxilodental.com\/ca\/wp-json\/wp\/v2\/posts\/1417","targetHints":{"allow":["GET"]}}],"collection":[{"href":"https:\/\/imaxilodental.com\/ca\/wp-json\/wp\/v2\/posts"}],"about":[{"href":"https:\/\/imaxilodental.com\/ca\/wp-json\/wp\/v2\/types\/post"}],"author":[{"embeddable":true,"href":"https:\/\/imaxilodental.com\/ca\/wp-json\/wp\/v2\/users\/1"}],"replies":[{"embeddable":true,"href":"https:\/\/imaxilodental.com\/ca\/wp-json\/wp\/v2\/comments?post=1417"}],"version-history":[{"count":3,"href":"https:\/\/imaxilodental.com\/ca\/wp-json\/wp\/v2\/posts\/1417\/revisions"}],"predecessor-version":[{"id":2054,"href":"https:\/\/imaxilodental.com\/ca\/wp-json\/wp\/v2\/posts\/1417\/revisions\/2054"}],"wp:featuredmedia":[{"embeddable":true,"href":"https:\/\/imaxilodental.com\/ca\/wp-json\/wp\/v2\/media\/1415"}],"wp:attachment":[{"href":"https:\/\/imaxilodental.com\/ca\/wp-json\/wp\/v2\/media?parent=1417"}],"wp:term":[{"taxonomy":"category","embeddable":true,"href":"https:\/\/imaxilodental.com\/ca\/wp-json\/wp\/v2\/categories?post=1417"},{"taxonomy":"post_tag","embeddable":true,"href":"https:\/\/imaxilodental.com\/ca\/wp-json\/wp\/v2\/tags?post=1417"}],"curies":[{"name":"wp","href":"https:\/\/api.w.org\/{rel}","templated":true}]}}