{"id":1165,"date":"2020-08-25T11:00:17","date_gmt":"2020-08-25T11:00:17","guid":{"rendered":"https:\/\/imaxilodental.com\/?p=1165"},"modified":"2021-12-23T11:49:16","modified_gmt":"2021-12-23T11:49:16","slug":"blanquejament-dental-ho-aconsellen-els-professionals","status":"publish","type":"post","link":"https:\/\/imaxilodental.com\/ca\/blanquejament-dental-ho-aconsellen-els-professionals\/","title":{"rendered":"Blanquejament dental, \u00bfho aconsellen els professionals?"},"content":{"rendered":"<p>\u00c9s segur pels dents el blanquejament dental? El <strong>blanquejament de les dents<\/strong> s\u2019ha convertit en un tractament cada vegada m\u00e9s atractiu pels nostres pacients. Anys enrere ens pregunt\u00e0vem fins a quin punt eren efica\u00e7os i perdurables en el temps i, fins i tot, si els seus efectes sobre la salut bucal es podien qualificar de favorables o no. Actualment, <strong>amb els nous productes odontol\u00f2gics que s\u2019han elaborat i les millores que s\u2019han introdu\u00eft dins del camp de l\u2019est\u00e8tica dental, el blanquejament dental \u00e9s un procediment que nom\u00e9s ofereix avantatges:<\/strong><\/p>\n<p>\u2022 Elimina les taques de caf\u00e8, t\u00e9, tabac i altres subst\u00e0ncies que hi ha sobre les dents.<br \/>\n\u2022 Proporciona un aspecte molt m\u00e9s brillant a les dents que provoca una millora est\u00e8tica immediata a tota la cara.<br \/>\n\u2022 Un dels principals avantatges del blanquejament dental \u00e9s el seu efecte rejovenidor sobre tot el rostre.<\/p>\n<p><strong>Com funcionen?<\/strong><br \/>\nEls tractaments de blanquejament dental s\u00f3n t\u00e8cniques que consisteixen en l\u2019aplicaci\u00f3 d\u2019agents que aclareixen les dents com el per\u00f2xid de carbamida o d\u2019hidrogen. Aquests tractaments acostumen a combinar-se amb altres que el pacient pot realitzar des de casa seva mitjan\u00e7ant tamb\u00e9 productes que potencien la intensitat del blanc de les dents i optimitzen, per tant, els resultats finals.<\/p>\n<p>Cal destacar, per\u00f2, que <strong>per aquells pacients que fumen o tenen h\u00e0bits higi\u00e8nics nocius, el blanquejament dental no \u00e9s un m\u00e8tode suficient per aclarir el color de les dents<\/strong>. En aquests casos, la soluci\u00f3 definitiva \u00e9s la col\u00b7locaci\u00f3 de carilles dentals de resina o porcellana.<\/p>\n<p>Des de l\u2019<strong>Institut Maxil\u00b7lodental del Vall\u00e8s<\/strong> us animem a regalar al vostre somriure una dosi de joventut i frescor amb els \u00faltims tractaments de <strong>blanquejament dental<\/strong> que realitzem a la nostra cl\u00ednica.<\/p>\n","protected":false},"excerpt":{"rendered":"<p>\u00c9s segur pels dents el blanquejament dental? El blanquejament de les dents s\u2019ha convertit en un tractament cada vegada m\u00e9s atractiu pels nostres pacients. Anys enrere ens pregunt\u00e0vem fins a quin punt eren efica\u00e7os i perdurables en el temps i, fins i tot, si els seus efectes sobre la salut bucal es podien qualificar de [&hellip;]<\/p>\n","protected":false},"author":1,"featured_media":1166,"comment_status":"open","ping_status":"open","sticky":false,"template":"","format":"standard","meta":{"footnotes":""},"categories":[10],"tags":[23,24,25],"class_list":["post-1165","post","type-post","status-publish","format-standard","has-post-thumbnail","hentry","category-actualitat","tag-blanqueamiento-dental","tag-cosmetica-dental","tag-estetica-dental"],"yoast_head":"<!-- This site is optimized with the Yoast SEO plugin v27.2 - https:\/\/yoast.com\/product\/yoast-seo-wordpress\/ -->\n<title>Blanquejament dental, \u00bfho aconsellen els professionals? - iMaxilodental<\/title>\n<meta name=\"description\" content=\"El blanquejament de les dents s\u2019ha convertit en un tractament cada vegada m\u00e9s atractiu pels nostres pacients, \u00e9s segur pels nostres dents?\" \/>\n<meta name=\"robots\" content=\"index, follow, max-snippet:-1, max-image-preview:large, max-video-preview:-1\" \/>\n<link rel=\"canonical\" href=\"https:\/\/imaxilodental.com\/ca\/blanquejament-dental-ho-aconsellen-els-professionals\/\" \/>\n<meta property=\"og:locale\" content=\"ca_ES\" \/>\n<meta property=\"og:type\" content=\"article\" \/>\n<meta property=\"og:title\" content=\"Blanquejament dental, \u00bfho aconsellen els professionals? - iMaxilodental\" \/>\n<meta property=\"og:description\" content=\"El blanquejament de les dents s\u2019ha convertit en un tractament cada vegada m\u00e9s atractiu pels nostres pacients, \u00e9s segur pels nostres dents?\" \/>\n<meta property=\"og:url\" content=\"https:\/\/imaxilodental.com\/ca\/blanquejament-dental-ho-aconsellen-els-professionals\/\" \/>\n<meta property=\"og:site_name\" content=\"iMaxilodental\" \/>\n<meta property=\"article:published_time\" content=\"2020-08-25T11:00:17+00:00\" \/>\n<meta property=\"article:modified_time\" content=\"2021-12-23T11:49:16+00:00\" \/>\n<meta property=\"og:image\" content=\"https:\/\/imaxilodental.com\/wp-content\/uploads\/2020\/08\/iStock-475738136-1.jpg\" \/>\n\t<meta property=\"og:image:width\" content=\"586\" \/>\n\t<meta property=\"og:image:height\" content=\"672\" \/>\n\t<meta property=\"og:image:type\" content=\"image\/jpeg\" \/>\n<meta name=\"author\" content=\"Institut Maxil\u00b7lodental\" \/>\n<meta name=\"twitter:label1\" content=\"Escrit per\" \/>\n\t<meta name=\"twitter:data1\" content=\"Institut Maxil\u00b7lodental\" \/>\n\t<meta name=\"twitter:label2\" content=\"Temps estimat de lectura\" \/>\n\t<meta name=\"twitter:data2\" content=\"2 minuts\" \/>\n<script type=\"application\/ld+json\" class=\"yoast-schema-graph\">{\"@context\":\"https:\/\/schema.org\",\"@graph\":[{\"@type\":\"Article\",\"@id\":\"https:\/\/imaxilodental.com\/ca\/blanquejament-dental-ho-aconsellen-els-professionals\/#article\",\"isPartOf\":{\"@id\":\"https:\/\/imaxilodental.com\/ca\/blanquejament-dental-ho-aconsellen-els-professionals\/\"},\"author\":{\"name\":\"Institut Maxil\u00b7lodental\",\"@id\":\"https:\/\/imaxilodental.com\/#\/schema\/person\/0e2be65fe5c58a890def71626ff879eb\"},\"headline\":\"Blanquejament dental, \u00bfho aconsellen els professionals?\",\"datePublished\":\"2020-08-25T11:00:17+00:00\",\"dateModified\":\"2021-12-23T11:49:16+00:00\",\"mainEntityOfPage\":{\"@id\":\"https:\/\/imaxilodental.com\/ca\/blanquejament-dental-ho-aconsellen-els-professionals\/\"},\"wordCount\":312,\"commentCount\":0,\"image\":{\"@id\":\"https:\/\/imaxilodental.com\/ca\/blanquejament-dental-ho-aconsellen-els-professionals\/#primaryimage\"},\"thumbnailUrl\":\"https:\/\/imaxilodental.com\/wp-content\/uploads\/2020\/08\/iStock-475738136-1.jpg\",\"keywords\":[\"blanqueamiento dental\",\"cosm\u00e9tica dental\",\"est\u00e9tica dental\"],\"articleSection\":[\"Actualitat\"],\"inLanguage\":\"ca\",\"potentialAction\":[{\"@type\":\"CommentAction\",\"name\":\"Comment\",\"target\":[\"https:\/\/imaxilodental.com\/ca\/blanquejament-dental-ho-aconsellen-els-professionals\/#respond\"]}]},{\"@type\":\"WebPage\",\"@id\":\"https:\/\/imaxilodental.com\/ca\/blanquejament-dental-ho-aconsellen-els-professionals\/\",\"url\":\"https:\/\/imaxilodental.com\/ca\/blanquejament-dental-ho-aconsellen-els-professionals\/\",\"name\":\"Blanquejament dental, \u00bfho aconsellen els professionals? - iMaxilodental\",\"isPartOf\":{\"@id\":\"https:\/\/imaxilodental.com\/#website\"},\"primaryImageOfPage\":{\"@id\":\"https:\/\/imaxilodental.com\/ca\/blanquejament-dental-ho-aconsellen-els-professionals\/#primaryimage\"},\"image\":{\"@id\":\"https:\/\/imaxilodental.com\/ca\/blanquejament-dental-ho-aconsellen-els-professionals\/#primaryimage\"},\"thumbnailUrl\":\"https:\/\/imaxilodental.com\/wp-content\/uploads\/2020\/08\/iStock-475738136-1.jpg\",\"datePublished\":\"2020-08-25T11:00:17+00:00\",\"dateModified\":\"2021-12-23T11:49:16+00:00\",\"author\":{\"@id\":\"https:\/\/imaxilodental.com\/#\/schema\/person\/0e2be65fe5c58a890def71626ff879eb\"},\"description\":\"El blanquejament de les dents s\u2019ha convertit en un tractament cada vegada m\u00e9s atractiu pels nostres pacients, \u00e9s segur pels nostres dents?\",\"breadcrumb\":{\"@id\":\"https:\/\/imaxilodental.com\/ca\/blanquejament-dental-ho-aconsellen-els-professionals\/#breadcrumb\"},\"inLanguage\":\"ca\",\"potentialAction\":[{\"@type\":\"ReadAction\",\"target\":[\"https:\/\/imaxilodental.com\/ca\/blanquejament-dental-ho-aconsellen-els-professionals\/\"]}]},{\"@type\":\"ImageObject\",\"inLanguage\":\"ca\",\"@id\":\"https:\/\/imaxilodental.com\/ca\/blanquejament-dental-ho-aconsellen-els-professionals\/#primaryimage\",\"url\":\"https:\/\/imaxilodental.com\/wp-content\/uploads\/2020\/08\/iStock-475738136-1.jpg\",\"contentUrl\":\"https:\/\/imaxilodental.com\/wp-content\/uploads\/2020\/08\/iStock-475738136-1.jpg\",\"width\":586,\"height\":672},{\"@type\":\"BreadcrumbList\",\"@id\":\"https:\/\/imaxilodental.com\/ca\/blanquejament-dental-ho-aconsellen-els-professionals\/#breadcrumb\",\"itemListElement\":[{\"@type\":\"ListItem\",\"position\":1,\"name\":\"Portada\",\"item\":\"https:\/\/imaxilodental.com\/ca\/\"},{\"@type\":\"ListItem\",\"position\":2,\"name\":\"Blanquejament dental, \u00bfho aconsellen els professionals?\"}]},{\"@type\":\"WebSite\",\"@id\":\"https:\/\/imaxilodental.com\/#website\",\"url\":\"https:\/\/imaxilodental.com\/\",\"name\":\"iMaxilodental\",\"description\":\"\",\"potentialAction\":[{\"@type\":\"SearchAction\",\"target\":{\"@type\":\"EntryPoint\",\"urlTemplate\":\"https:\/\/imaxilodental.com\/?s={search_term_string}\"},\"query-input\":{\"@type\":\"PropertyValueSpecification\",\"valueRequired\":true,\"valueName\":\"search_term_string\"}}],\"inLanguage\":\"ca\"},{\"@type\":\"Person\",\"@id\":\"https:\/\/imaxilodental.com\/#\/schema\/person\/0e2be65fe5c58a890def71626ff879eb\",\"name\":\"Institut Maxil\u00b7lodental\",\"image\":{\"@type\":\"ImageObject\",\"inLanguage\":\"ca\",\"@id\":\"https:\/\/secure.gravatar.com\/avatar\/dd77c6bb181e05063fd56a8b54fa4fc916d912b7ff5940a9b931c9f84fa29360?s=96&d=mm&r=g\",\"url\":\"https:\/\/secure.gravatar.com\/avatar\/dd77c6bb181e05063fd56a8b54fa4fc916d912b7ff5940a9b931c9f84fa29360?s=96&d=mm&r=g\",\"contentUrl\":\"https:\/\/secure.gravatar.com\/avatar\/dd77c6bb181e05063fd56a8b54fa4fc916d912b7ff5940a9b931c9f84fa29360?s=96&d=mm&r=g\",\"caption\":\"Institut Maxil\u00b7lodental\"},\"url\":\"https:\/\/imaxilodental.com\/ca\/author\/admin\/\"}]}<\/script>\n<!-- \/ Yoast SEO plugin. -->","yoast_head_json":{"title":"Blanquejament dental, \u00bfho aconsellen els professionals? - iMaxilodental","description":"El blanquejament de les dents s\u2019ha convertit en un tractament cada vegada m\u00e9s atractiu pels nostres pacients, \u00e9s segur pels nostres dents?","robots":{"index":"index","follow":"follow","max-snippet":"max-snippet:-1","max-image-preview":"max-image-preview:large","max-video-preview":"max-video-preview:-1"},"canonical":"https:\/\/imaxilodental.com\/ca\/blanquejament-dental-ho-aconsellen-els-professionals\/","og_locale":"ca_ES","og_type":"article","og_title":"Blanquejament dental, \u00bfho aconsellen els professionals? - iMaxilodental","og_description":"El blanquejament de les dents s\u2019ha convertit en un tractament cada vegada m\u00e9s atractiu pels nostres pacients, \u00e9s segur pels nostres dents?","og_url":"https:\/\/imaxilodental.com\/ca\/blanquejament-dental-ho-aconsellen-els-professionals\/","og_site_name":"iMaxilodental","article_published_time":"2020-08-25T11:00:17+00:00","article_modified_time":"2021-12-23T11:49:16+00:00","og_image":[{"width":586,"height":672,"url":"https:\/\/imaxilodental.com\/wp-content\/uploads\/2020\/08\/iStock-475738136-1.jpg","type":"image\/jpeg"}],"author":"Institut Maxil\u00b7lodental","twitter_misc":{"Escrit per":"Institut Maxil\u00b7lodental","Temps estimat de lectura":"2 minuts"},"schema":{"@context":"https:\/\/schema.org","@graph":[{"@type":"Article","@id":"https:\/\/imaxilodental.com\/ca\/blanquejament-dental-ho-aconsellen-els-professionals\/#article","isPartOf":{"@id":"https:\/\/imaxilodental.com\/ca\/blanquejament-dental-ho-aconsellen-els-professionals\/"},"author":{"name":"Institut Maxil\u00b7lodental","@id":"https:\/\/imaxilodental.com\/#\/schema\/person\/0e2be65fe5c58a890def71626ff879eb"},"headline":"Blanquejament dental, \u00bfho aconsellen els professionals?","datePublished":"2020-08-25T11:00:17+00:00","dateModified":"2021-12-23T11:49:16+00:00","mainEntityOfPage":{"@id":"https:\/\/imaxilodental.com\/ca\/blanquejament-dental-ho-aconsellen-els-professionals\/"},"wordCount":312,"commentCount":0,"image":{"@id":"https:\/\/imaxilodental.com\/ca\/blanquejament-dental-ho-aconsellen-els-professionals\/#primaryimage"},"thumbnailUrl":"https:\/\/imaxilodental.com\/wp-content\/uploads\/2020\/08\/iStock-475738136-1.jpg","keywords":["blanqueamiento dental","cosm\u00e9tica dental","est\u00e9tica dental"],"articleSection":["Actualitat"],"inLanguage":"ca","potentialAction":[{"@type":"CommentAction","name":"Comment","target":["https:\/\/imaxilodental.com\/ca\/blanquejament-dental-ho-aconsellen-els-professionals\/#respond"]}]},{"@type":"WebPage","@id":"https:\/\/imaxilodental.com\/ca\/blanquejament-dental-ho-aconsellen-els-professionals\/","url":"https:\/\/imaxilodental.com\/ca\/blanquejament-dental-ho-aconsellen-els-professionals\/","name":"Blanquejament dental, \u00bfho aconsellen els professionals? - iMaxilodental","isPartOf":{"@id":"https:\/\/imaxilodental.com\/#website"},"primaryImageOfPage":{"@id":"https:\/\/imaxilodental.com\/ca\/blanquejament-dental-ho-aconsellen-els-professionals\/#primaryimage"},"image":{"@id":"https:\/\/imaxilodental.com\/ca\/blanquejament-dental-ho-aconsellen-els-professionals\/#primaryimage"},"thumbnailUrl":"https:\/\/imaxilodental.com\/wp-content\/uploads\/2020\/08\/iStock-475738136-1.jpg","datePublished":"2020-08-25T11:00:17+00:00","dateModified":"2021-12-23T11:49:16+00:00","author":{"@id":"https:\/\/imaxilodental.com\/#\/schema\/person\/0e2be65fe5c58a890def71626ff879eb"},"description":"El blanquejament de les dents s\u2019ha convertit en un tractament cada vegada m\u00e9s atractiu pels nostres pacients, \u00e9s segur pels nostres dents?","breadcrumb":{"@id":"https:\/\/imaxilodental.com\/ca\/blanquejament-dental-ho-aconsellen-els-professionals\/#breadcrumb"},"inLanguage":"ca","potentialAction":[{"@type":"ReadAction","target":["https:\/\/imaxilodental.com\/ca\/blanquejament-dental-ho-aconsellen-els-professionals\/"]}]},{"@type":"ImageObject","inLanguage":"ca","@id":"https:\/\/imaxilodental.com\/ca\/blanquejament-dental-ho-aconsellen-els-professionals\/#primaryimage","url":"https:\/\/imaxilodental.com\/wp-content\/uploads\/2020\/08\/iStock-475738136-1.jpg","contentUrl":"https:\/\/imaxilodental.com\/wp-content\/uploads\/2020\/08\/iStock-475738136-1.jpg","width":586,"height":672},{"@type":"BreadcrumbList","@id":"https:\/\/imaxilodental.com\/ca\/blanquejament-dental-ho-aconsellen-els-professionals\/#breadcrumb","itemListElement":[{"@type":"ListItem","position":1,"name":"Portada","item":"https:\/\/imaxilodental.com\/ca\/"},{"@type":"ListItem","position":2,"name":"Blanquejament dental, \u00bfho aconsellen els professionals?"}]},{"@type":"WebSite","@id":"https:\/\/imaxilodental.com\/#website","url":"https:\/\/imaxilodental.com\/","name":"iMaxilodental","description":"","potentialAction":[{"@type":"SearchAction","target":{"@type":"EntryPoint","urlTemplate":"https:\/\/imaxilodental.com\/?s={search_term_string}"},"query-input":{"@type":"PropertyValueSpecification","valueRequired":true,"valueName":"search_term_string"}}],"inLanguage":"ca"},{"@type":"Person","@id":"https:\/\/imaxilodental.com\/#\/schema\/person\/0e2be65fe5c58a890def71626ff879eb","name":"Institut Maxil\u00b7lodental","image":{"@type":"ImageObject","inLanguage":"ca","@id":"https:\/\/secure.gravatar.com\/avatar\/dd77c6bb181e05063fd56a8b54fa4fc916d912b7ff5940a9b931c9f84fa29360?s=96&d=mm&r=g","url":"https:\/\/secure.gravatar.com\/avatar\/dd77c6bb181e05063fd56a8b54fa4fc916d912b7ff5940a9b931c9f84fa29360?s=96&d=mm&r=g","contentUrl":"https:\/\/secure.gravatar.com\/avatar\/dd77c6bb181e05063fd56a8b54fa4fc916d912b7ff5940a9b931c9f84fa29360?s=96&d=mm&r=g","caption":"Institut Maxil\u00b7lodental"},"url":"https:\/\/imaxilodental.com\/ca\/author\/admin\/"}]}},"meta_box":[],"_links":{"self":[{"href":"https:\/\/imaxilodental.com\/ca\/wp-json\/wp\/v2\/posts\/1165","targetHints":{"allow":["GET"]}}],"collection":[{"href":"https:\/\/imaxilodental.com\/ca\/wp-json\/wp\/v2\/posts"}],"about":[{"href":"https:\/\/imaxilodental.com\/ca\/wp-json\/wp\/v2\/types\/post"}],"author":[{"embeddable":true,"href":"https:\/\/imaxilodental.com\/ca\/wp-json\/wp\/v2\/users\/1"}],"replies":[{"embeddable":true,"href":"https:\/\/imaxilodental.com\/ca\/wp-json\/wp\/v2\/comments?post=1165"}],"version-history":[{"count":2,"href":"https:\/\/imaxilodental.com\/ca\/wp-json\/wp\/v2\/posts\/1165\/revisions"}],"predecessor-version":[{"id":2064,"href":"https:\/\/imaxilodental.com\/ca\/wp-json\/wp\/v2\/posts\/1165\/revisions\/2064"}],"wp:featuredmedia":[{"embeddable":true,"href":"https:\/\/imaxilodental.com\/ca\/wp-json\/wp\/v2\/media\/1166"}],"wp:attachment":[{"href":"https:\/\/imaxilodental.com\/ca\/wp-json\/wp\/v2\/media?parent=1165"}],"wp:term":[{"taxonomy":"category","embeddable":true,"href":"https:\/\/imaxilodental.com\/ca\/wp-json\/wp\/v2\/categories?post=1165"},{"taxonomy":"post_tag","embeddable":true,"href":"https:\/\/imaxilodental.com\/ca\/wp-json\/wp\/v2\/tags?post=1165"}],"curies":[{"name":"wp","href":"https:\/\/api.w.org\/{rel}","templated":true}]}}