{"id":1160,"date":"2020-07-02T12:59:18","date_gmt":"2020-07-02T12:59:18","guid":{"rendered":"https:\/\/imaxilodental.com\/?p=1160"},"modified":"2022-01-10T16:30:24","modified_gmt":"2022-01-10T16:30:24","slug":"ortodoncia-9-dades-que-has-de-saber","status":"publish","type":"post","link":"https:\/\/imaxilodental.com\/ca\/ortodoncia-9-dades-que-has-de-saber\/","title":{"rendered":"Ortod\u00f2ncia: 9 dades que has de saber"},"content":{"rendered":"<p>Si est\u00e0s pensant en posar-te un aparell d&#8217;ortod\u00f2ncia, et compartim 9 dades a tenir en compte sobre l&#8217;ortod\u00f2ncia per abans, durant i despr\u00e9s del tractament.<\/p>\n<p><span style=\"text-decoration: underline;\"><strong>Abans:<\/strong><\/span><\/p>\n<p><em><strong>&#8211; Els canvis en la teva vida seran m\u00ednims<\/strong>.<\/em> L&#8217;\u00fas d&#8217;aparells d&#8217;ortod\u00f2ncia tant en nens com en adults est\u00e0 molt normalitzat, aix\u00ed que, encara que sentis que tothom et mira, o que et veus menys atractiu, aix\u00f2 no \u00e9s aix\u00ed. A el cap d&#8217;uns dies, ni notar\u00e0s que el portes!<br \/>\n<strong><em>-No \u00e9s un tractament dolor\u00f3s.<\/em><\/strong> Encara que \u00e9s veritat que durant els primers dies que els portis, i en els dies on hi hagi ajustos sentir\u00e0s una mica de dolor i pressi\u00f3, aix\u00f2 se soluciona f\u00e0cilment amb analg\u00e8sics suaus, i una vegada que la teva boca s&#8217;acostuma a ells, la incomoditat desapareix.<br \/>\n<strong><em>&#8211; Val la pena cada dia del tractament<\/em><\/strong>. Si en algun moment dubtes sobre el teu tractament, recorda que el somriure \u00e9s la primera cosa que mirem a la cara d&#8217;una persona, i que el teu tractament d&#8217;un o dos anys, servir\u00e0 per tenir un somriure perfecte durant la resta de la teva vida! A m\u00e9s, si no t&#8217;agrada la idea de canviar la teva imatge durant el tractament, sempre pots optar per Invisalign, brackets transparents, o ortod\u00f2ncia lingual.<\/p>\n<\/p>\n<div id=\"attachment_1153\" style=\"width: 412px\" class=\"wp-caption alignnone\"><a href=\"https:\/\/imaxilodental.com\/wp-content\/uploads\/2020\/07\/iStock-1181454422.jpg\"><img loading=\"lazy\" decoding=\"async\" aria-describedby=\"caption-attachment-1153\" class=\" wp-image-1153\" src=\"https:\/\/imaxilodental.com\/wp-content\/uploads\/2020\/07\/iStock-1181454422.jpg\" alt=\"\" width=\"402\" height=\"268\" srcset=\"https:\/\/imaxilodental.com\/wp-content\/uploads\/2020\/07\/iStock-1181454422.jpg 1253w, https:\/\/imaxilodental.com\/wp-content\/uploads\/2020\/07\/iStock-1181454422-300x200.jpg 300w, https:\/\/imaxilodental.com\/wp-content\/uploads\/2020\/07\/iStock-1181454422-768x512.jpg 768w, https:\/\/imaxilodental.com\/wp-content\/uploads\/2020\/07\/iStock-1181454422-1024x683.jpg 1024w, https:\/\/imaxilodental.com\/wp-content\/uploads\/2020\/07\/iStock-1181454422-560x372.jpg 560w, https:\/\/imaxilodental.com\/wp-content\/uploads\/2020\/07\/iStock-1181454422-212x140.jpg 212w\" sizes=\"auto, (max-width: 402px) 100vw, 402px\" \/><\/a><p id=\"caption-attachment-1153\" class=\"wp-caption-text\"><span style=\"text-decoration: underline;\"><strong><span style=\"font-size: 16px;\">Durant:<\/span><\/strong><\/span><\/p><\/div>\n<p><strong><em>&#8211; Haur\u00e0s de modificar lleugerament la teva dieta.<\/em><\/strong> Si optes per els brackets, hi ha alguns menjars que poden danyar-los i retardar el tractament, de manera que haur\u00e0s de oblidar-te d&#8217;elles per un temps. Els aliments a evitar s\u00f3n aquells de consist\u00e8ncia molt dura, cruixent, corretjosa o enganxosa. No et preocupis, que a Institut Maxilodental de Vall\u00e8s et donarem una guia detallada perqu\u00e8 tinguis ben clar qu\u00e8 pots menjar i qu\u00e8 no. I si no pots pensar en renunciar als teus aliments favorits, el Invisalign \u00e9s l&#8217;opci\u00f3 per a tu, ja que et permet menjar com sempre durant el teu tractament.<br \/>\n<strong><em>&#8211; La teva rutina d&#8217;higiene bucal ser\u00e0 m\u00e9s llarga<\/em><\/strong>. Els aparells d&#8217;ortod\u00f2ncia requereixen una higiene molt minuciosa per lliurar-los de brut\u00edcia i rastres de menjar. En aquesta etapa cal ser molt diligent i mai deixar passar el moment de la higiene dental. No et preocupis, a la cl\u00ednica et donarem consells i guies per netejar els teus aparells correctament.<br \/>\n&#8211; <strong><em>Haur\u00e0s de protegir la teva boca.<\/em><\/strong> Si practiques esport, cal pensar en protegir les teves aparells contra els impactes. La nostra ortodoncista t&#8217;ajudar\u00e0 a trobar un protector bucal adequat per a tu.<\/p>\n<\/p>\n<div id=\"attachment_1155\" style=\"width: 422px\" class=\"wp-caption alignnone\"><a href=\"https:\/\/imaxilodental.com\/wp-content\/uploads\/2020\/07\/iStock-1177380740.jpg\"><img loading=\"lazy\" decoding=\"async\" aria-describedby=\"caption-attachment-1155\" class=\" wp-image-1155\" src=\"https:\/\/imaxilodental.com\/wp-content\/uploads\/2020\/07\/iStock-1177380740.jpg\" alt=\"\" width=\"412\" height=\"275\" srcset=\"https:\/\/imaxilodental.com\/wp-content\/uploads\/2020\/07\/iStock-1177380740.jpg 1254w, https:\/\/imaxilodental.com\/wp-content\/uploads\/2020\/07\/iStock-1177380740-300x200.jpg 300w, https:\/\/imaxilodental.com\/wp-content\/uploads\/2020\/07\/iStock-1177380740-768x512.jpg 768w, https:\/\/imaxilodental.com\/wp-content\/uploads\/2020\/07\/iStock-1177380740-1024x683.jpg 1024w, https:\/\/imaxilodental.com\/wp-content\/uploads\/2020\/07\/iStock-1177380740-560x372.jpg 560w\" sizes=\"auto, (max-width: 412px) 100vw, 412px\" \/><\/a><p id=\"caption-attachment-1155\" class=\"wp-caption-text\"><span style=\"text-decoration: underline;\"><strong><span style=\"font-size: 16px;\">Despr\u00e9s:<\/span><\/strong><\/span><\/p><\/div>\n<p>&#8211; <strong><em>Les teves dents estaran una mica sensibles durant els primers dies<\/em><\/strong> despr\u00e9s de la retirada del teu aparell. Aix\u00ed que cal vigilar el que menjem durant aquests primers dies d&#8217;adaptaci\u00f3. No \u00e9s recomanable comen\u00e7ar de seguida a menjar aliments durs.<\/p>\n<p>&#8211; <strong><em>Haur\u00e0s de portar un retenidor.<\/em> <\/strong>Un cop acabat el tractament d&#8217;ortod\u00f2ncia, cal fer servir un retenidor per assegurar que les dents es queden al seu lloc. Podr\u00e0s triar entre fer servir un retenidor fix o removible. No et preocupis, no sentir\u00e0s absolutament res amb cap dels dos.<\/p>\n<p><em><strong>-Necessitar\u00e0s una neteja professional.<\/strong><\/em> Encara que durant tot el teu tractament hagis mantingut una higiene impecable, hi ha \u00e0rees de les dents que no han pogut ser netejades durant el tractament per la pres\u00e8ncia del aparell. Per netejar correctament totes aquestes \u00e0rees ser\u00e0 necessari realitzar una neteja professional amb un higienista. A m\u00e9s, aquest tipus de neteja est\u00e0 indicat en totes les persones una o dues vegades per any.<\/p>\n<p>Si tens dubtes sobre qualsevol aspecte del teu tractament d&#8217;ortod\u00f2ncia, truca&#8217;ns al 931.279.804, estarem encantats d&#8217;ajudar-te.<\/p>\n","protected":false},"excerpt":{"rendered":"<p>Si est\u00e0s pensant en posar-te un aparell d&#8217;ortod\u00f2ncia, et compartim 9 dades a tenir en compte sobre l&#8217;ortod\u00f2ncia per abans, durant i despr\u00e9s del tractament. Abans: &#8211; Els canvis en la teva vida seran m\u00ednims. L&#8217;\u00fas d&#8217;aparells d&#8217;ortod\u00f2ncia tant en nens com en adults est\u00e0 molt normalitzat, aix\u00ed que, encara que sentis que tothom et [&hellip;]<\/p>\n","protected":false},"author":1,"featured_media":1149,"comment_status":"closed","ping_status":"open","sticky":false,"template":"","format":"standard","meta":{"footnotes":""},"categories":[10],"tags":[11],"class_list":["post-1160","post","type-post","status-publish","format-standard","has-post-thumbnail","hentry","category-actualitat","tag-ortodoncia"],"yoast_head":"<!-- This site is optimized with the Yoast SEO plugin v27.2 - https:\/\/yoast.com\/product\/yoast-seo-wordpress\/ -->\n<title>Ortod\u00f2ncia: 9 dades que has de saber - iMaxilodental<\/title>\n<meta name=\"description\" content=\"Pensant en ortod\u00f2ncia? Nou dades importants a tenir en compte sobre l&#039;ortod\u00f2ncia abans, durant i despr\u00e9s del tractament.\" \/>\n<meta name=\"robots\" content=\"index, follow, max-snippet:-1, max-image-preview:large, max-video-preview:-1\" \/>\n<link rel=\"canonical\" href=\"https:\/\/imaxilodental.com\/ca\/ortodoncia-9-dades-que-has-de-saber\/\" \/>\n<meta property=\"og:locale\" content=\"ca_ES\" \/>\n<meta property=\"og:type\" content=\"article\" \/>\n<meta property=\"og:title\" content=\"Ortod\u00f2ncia: 9 dades que has de saber - iMaxilodental\" \/>\n<meta property=\"og:description\" content=\"Pensant en ortod\u00f2ncia? Nou dades importants a tenir en compte sobre l&#039;ortod\u00f2ncia abans, durant i despr\u00e9s del tractament.\" \/>\n<meta property=\"og:url\" content=\"https:\/\/imaxilodental.com\/ca\/ortodoncia-9-dades-que-has-de-saber\/\" \/>\n<meta property=\"og:site_name\" content=\"iMaxilodental\" \/>\n<meta property=\"article:published_time\" content=\"2020-07-02T12:59:18+00:00\" \/>\n<meta property=\"article:modified_time\" content=\"2022-01-10T16:30:24+00:00\" \/>\n<meta property=\"og:image\" content=\"https:\/\/imaxilodental.com\/wp-content\/uploads\/2020\/07\/iStock-1144738169.jpg\" \/>\n\t<meta property=\"og:image:width\" content=\"585\" \/>\n\t<meta property=\"og:image:height\" content=\"672\" \/>\n\t<meta property=\"og:image:type\" content=\"image\/jpeg\" \/>\n<meta name=\"author\" content=\"Institut Maxil\u00b7lodental\" \/>\n<meta name=\"twitter:label1\" content=\"Escrit per\" \/>\n\t<meta name=\"twitter:data1\" content=\"Institut Maxil\u00b7lodental\" \/>\n\t<meta name=\"twitter:label2\" content=\"Temps estimat de lectura\" \/>\n\t<meta name=\"twitter:data2\" content=\"4 minuts\" \/>\n<script type=\"application\/ld+json\" class=\"yoast-schema-graph\">{\"@context\":\"https:\/\/schema.org\",\"@graph\":[{\"@type\":\"Article\",\"@id\":\"https:\/\/imaxilodental.com\/ca\/ortodoncia-9-dades-que-has-de-saber\/#article\",\"isPartOf\":{\"@id\":\"https:\/\/imaxilodental.com\/ca\/ortodoncia-9-dades-que-has-de-saber\/\"},\"author\":{\"name\":\"Institut Maxil\u00b7lodental\",\"@id\":\"https:\/\/imaxilodental.com\/#\/schema\/person\/0e2be65fe5c58a890def71626ff879eb\"},\"headline\":\"Ortod\u00f2ncia: 9 dades que has de saber\",\"datePublished\":\"2020-07-02T12:59:18+00:00\",\"dateModified\":\"2022-01-10T16:30:24+00:00\",\"mainEntityOfPage\":{\"@id\":\"https:\/\/imaxilodental.com\/ca\/ortodoncia-9-dades-que-has-de-saber\/\"},\"wordCount\":649,\"image\":{\"@id\":\"https:\/\/imaxilodental.com\/ca\/ortodoncia-9-dades-que-has-de-saber\/#primaryimage\"},\"thumbnailUrl\":\"https:\/\/imaxilodental.com\/wp-content\/uploads\/2020\/07\/iStock-1144738169.jpg\",\"keywords\":[\"ortodoncia\"],\"articleSection\":[\"Actualitat\"],\"inLanguage\":\"ca\"},{\"@type\":\"WebPage\",\"@id\":\"https:\/\/imaxilodental.com\/ca\/ortodoncia-9-dades-que-has-de-saber\/\",\"url\":\"https:\/\/imaxilodental.com\/ca\/ortodoncia-9-dades-que-has-de-saber\/\",\"name\":\"Ortod\u00f2ncia: 9 dades que has de saber - iMaxilodental\",\"isPartOf\":{\"@id\":\"https:\/\/imaxilodental.com\/#website\"},\"primaryImageOfPage\":{\"@id\":\"https:\/\/imaxilodental.com\/ca\/ortodoncia-9-dades-que-has-de-saber\/#primaryimage\"},\"image\":{\"@id\":\"https:\/\/imaxilodental.com\/ca\/ortodoncia-9-dades-que-has-de-saber\/#primaryimage\"},\"thumbnailUrl\":\"https:\/\/imaxilodental.com\/wp-content\/uploads\/2020\/07\/iStock-1144738169.jpg\",\"datePublished\":\"2020-07-02T12:59:18+00:00\",\"dateModified\":\"2022-01-10T16:30:24+00:00\",\"author\":{\"@id\":\"https:\/\/imaxilodental.com\/#\/schema\/person\/0e2be65fe5c58a890def71626ff879eb\"},\"description\":\"Pensant en ortod\u00f2ncia? Nou dades importants a tenir en compte sobre l'ortod\u00f2ncia abans, durant i despr\u00e9s del tractament.\",\"breadcrumb\":{\"@id\":\"https:\/\/imaxilodental.com\/ca\/ortodoncia-9-dades-que-has-de-saber\/#breadcrumb\"},\"inLanguage\":\"ca\",\"potentialAction\":[{\"@type\":\"ReadAction\",\"target\":[\"https:\/\/imaxilodental.com\/ca\/ortodoncia-9-dades-que-has-de-saber\/\"]}]},{\"@type\":\"ImageObject\",\"inLanguage\":\"ca\",\"@id\":\"https:\/\/imaxilodental.com\/ca\/ortodoncia-9-dades-que-has-de-saber\/#primaryimage\",\"url\":\"https:\/\/imaxilodental.com\/wp-content\/uploads\/2020\/07\/iStock-1144738169.jpg\",\"contentUrl\":\"https:\/\/imaxilodental.com\/wp-content\/uploads\/2020\/07\/iStock-1144738169.jpg\",\"width\":585,\"height\":672},{\"@type\":\"BreadcrumbList\",\"@id\":\"https:\/\/imaxilodental.com\/ca\/ortodoncia-9-dades-que-has-de-saber\/#breadcrumb\",\"itemListElement\":[{\"@type\":\"ListItem\",\"position\":1,\"name\":\"Portada\",\"item\":\"https:\/\/imaxilodental.com\/ca\/\"},{\"@type\":\"ListItem\",\"position\":2,\"name\":\"Ortod\u00f2ncia: 9 dades que has de saber\"}]},{\"@type\":\"WebSite\",\"@id\":\"https:\/\/imaxilodental.com\/#website\",\"url\":\"https:\/\/imaxilodental.com\/\",\"name\":\"iMaxilodental\",\"description\":\"\",\"potentialAction\":[{\"@type\":\"SearchAction\",\"target\":{\"@type\":\"EntryPoint\",\"urlTemplate\":\"https:\/\/imaxilodental.com\/?s={search_term_string}\"},\"query-input\":{\"@type\":\"PropertyValueSpecification\",\"valueRequired\":true,\"valueName\":\"search_term_string\"}}],\"inLanguage\":\"ca\"},{\"@type\":\"Person\",\"@id\":\"https:\/\/imaxilodental.com\/#\/schema\/person\/0e2be65fe5c58a890def71626ff879eb\",\"name\":\"Institut Maxil\u00b7lodental\",\"image\":{\"@type\":\"ImageObject\",\"inLanguage\":\"ca\",\"@id\":\"https:\/\/secure.gravatar.com\/avatar\/dd77c6bb181e05063fd56a8b54fa4fc916d912b7ff5940a9b931c9f84fa29360?s=96&d=mm&r=g\",\"url\":\"https:\/\/secure.gravatar.com\/avatar\/dd77c6bb181e05063fd56a8b54fa4fc916d912b7ff5940a9b931c9f84fa29360?s=96&d=mm&r=g\",\"contentUrl\":\"https:\/\/secure.gravatar.com\/avatar\/dd77c6bb181e05063fd56a8b54fa4fc916d912b7ff5940a9b931c9f84fa29360?s=96&d=mm&r=g\",\"caption\":\"Institut Maxil\u00b7lodental\"},\"url\":\"https:\/\/imaxilodental.com\/ca\/author\/admin\/\"}]}<\/script>\n<!-- \/ Yoast SEO plugin. -->","yoast_head_json":{"title":"Ortod\u00f2ncia: 9 dades que has de saber - iMaxilodental","description":"Pensant en ortod\u00f2ncia? Nou dades importants a tenir en compte sobre l'ortod\u00f2ncia abans, durant i despr\u00e9s del tractament.","robots":{"index":"index","follow":"follow","max-snippet":"max-snippet:-1","max-image-preview":"max-image-preview:large","max-video-preview":"max-video-preview:-1"},"canonical":"https:\/\/imaxilodental.com\/ca\/ortodoncia-9-dades-que-has-de-saber\/","og_locale":"ca_ES","og_type":"article","og_title":"Ortod\u00f2ncia: 9 dades que has de saber - iMaxilodental","og_description":"Pensant en ortod\u00f2ncia? Nou dades importants a tenir en compte sobre l'ortod\u00f2ncia abans, durant i despr\u00e9s del tractament.","og_url":"https:\/\/imaxilodental.com\/ca\/ortodoncia-9-dades-que-has-de-saber\/","og_site_name":"iMaxilodental","article_published_time":"2020-07-02T12:59:18+00:00","article_modified_time":"2022-01-10T16:30:24+00:00","og_image":[{"width":585,"height":672,"url":"https:\/\/imaxilodental.com\/wp-content\/uploads\/2020\/07\/iStock-1144738169.jpg","type":"image\/jpeg"}],"author":"Institut Maxil\u00b7lodental","twitter_misc":{"Escrit per":"Institut Maxil\u00b7lodental","Temps estimat de lectura":"4 minuts"},"schema":{"@context":"https:\/\/schema.org","@graph":[{"@type":"Article","@id":"https:\/\/imaxilodental.com\/ca\/ortodoncia-9-dades-que-has-de-saber\/#article","isPartOf":{"@id":"https:\/\/imaxilodental.com\/ca\/ortodoncia-9-dades-que-has-de-saber\/"},"author":{"name":"Institut Maxil\u00b7lodental","@id":"https:\/\/imaxilodental.com\/#\/schema\/person\/0e2be65fe5c58a890def71626ff879eb"},"headline":"Ortod\u00f2ncia: 9 dades que has de saber","datePublished":"2020-07-02T12:59:18+00:00","dateModified":"2022-01-10T16:30:24+00:00","mainEntityOfPage":{"@id":"https:\/\/imaxilodental.com\/ca\/ortodoncia-9-dades-que-has-de-saber\/"},"wordCount":649,"image":{"@id":"https:\/\/imaxilodental.com\/ca\/ortodoncia-9-dades-que-has-de-saber\/#primaryimage"},"thumbnailUrl":"https:\/\/imaxilodental.com\/wp-content\/uploads\/2020\/07\/iStock-1144738169.jpg","keywords":["ortodoncia"],"articleSection":["Actualitat"],"inLanguage":"ca"},{"@type":"WebPage","@id":"https:\/\/imaxilodental.com\/ca\/ortodoncia-9-dades-que-has-de-saber\/","url":"https:\/\/imaxilodental.com\/ca\/ortodoncia-9-dades-que-has-de-saber\/","name":"Ortod\u00f2ncia: 9 dades que has de saber - iMaxilodental","isPartOf":{"@id":"https:\/\/imaxilodental.com\/#website"},"primaryImageOfPage":{"@id":"https:\/\/imaxilodental.com\/ca\/ortodoncia-9-dades-que-has-de-saber\/#primaryimage"},"image":{"@id":"https:\/\/imaxilodental.com\/ca\/ortodoncia-9-dades-que-has-de-saber\/#primaryimage"},"thumbnailUrl":"https:\/\/imaxilodental.com\/wp-content\/uploads\/2020\/07\/iStock-1144738169.jpg","datePublished":"2020-07-02T12:59:18+00:00","dateModified":"2022-01-10T16:30:24+00:00","author":{"@id":"https:\/\/imaxilodental.com\/#\/schema\/person\/0e2be65fe5c58a890def71626ff879eb"},"description":"Pensant en ortod\u00f2ncia? Nou dades importants a tenir en compte sobre l'ortod\u00f2ncia abans, durant i despr\u00e9s del tractament.","breadcrumb":{"@id":"https:\/\/imaxilodental.com\/ca\/ortodoncia-9-dades-que-has-de-saber\/#breadcrumb"},"inLanguage":"ca","potentialAction":[{"@type":"ReadAction","target":["https:\/\/imaxilodental.com\/ca\/ortodoncia-9-dades-que-has-de-saber\/"]}]},{"@type":"ImageObject","inLanguage":"ca","@id":"https:\/\/imaxilodental.com\/ca\/ortodoncia-9-dades-que-has-de-saber\/#primaryimage","url":"https:\/\/imaxilodental.com\/wp-content\/uploads\/2020\/07\/iStock-1144738169.jpg","contentUrl":"https:\/\/imaxilodental.com\/wp-content\/uploads\/2020\/07\/iStock-1144738169.jpg","width":585,"height":672},{"@type":"BreadcrumbList","@id":"https:\/\/imaxilodental.com\/ca\/ortodoncia-9-dades-que-has-de-saber\/#breadcrumb","itemListElement":[{"@type":"ListItem","position":1,"name":"Portada","item":"https:\/\/imaxilodental.com\/ca\/"},{"@type":"ListItem","position":2,"name":"Ortod\u00f2ncia: 9 dades que has de saber"}]},{"@type":"WebSite","@id":"https:\/\/imaxilodental.com\/#website","url":"https:\/\/imaxilodental.com\/","name":"iMaxilodental","description":"","potentialAction":[{"@type":"SearchAction","target":{"@type":"EntryPoint","urlTemplate":"https:\/\/imaxilodental.com\/?s={search_term_string}"},"query-input":{"@type":"PropertyValueSpecification","valueRequired":true,"valueName":"search_term_string"}}],"inLanguage":"ca"},{"@type":"Person","@id":"https:\/\/imaxilodental.com\/#\/schema\/person\/0e2be65fe5c58a890def71626ff879eb","name":"Institut Maxil\u00b7lodental","image":{"@type":"ImageObject","inLanguage":"ca","@id":"https:\/\/secure.gravatar.com\/avatar\/dd77c6bb181e05063fd56a8b54fa4fc916d912b7ff5940a9b931c9f84fa29360?s=96&d=mm&r=g","url":"https:\/\/secure.gravatar.com\/avatar\/dd77c6bb181e05063fd56a8b54fa4fc916d912b7ff5940a9b931c9f84fa29360?s=96&d=mm&r=g","contentUrl":"https:\/\/secure.gravatar.com\/avatar\/dd77c6bb181e05063fd56a8b54fa4fc916d912b7ff5940a9b931c9f84fa29360?s=96&d=mm&r=g","caption":"Institut Maxil\u00b7lodental"},"url":"https:\/\/imaxilodental.com\/ca\/author\/admin\/"}]}},"meta_box":[],"_links":{"self":[{"href":"https:\/\/imaxilodental.com\/ca\/wp-json\/wp\/v2\/posts\/1160","targetHints":{"allow":["GET"]}}],"collection":[{"href":"https:\/\/imaxilodental.com\/ca\/wp-json\/wp\/v2\/posts"}],"about":[{"href":"https:\/\/imaxilodental.com\/ca\/wp-json\/wp\/v2\/types\/post"}],"author":[{"embeddable":true,"href":"https:\/\/imaxilodental.com\/ca\/wp-json\/wp\/v2\/users\/1"}],"replies":[{"embeddable":true,"href":"https:\/\/imaxilodental.com\/ca\/wp-json\/wp\/v2\/comments?post=1160"}],"version-history":[{"count":3,"href":"https:\/\/imaxilodental.com\/ca\/wp-json\/wp\/v2\/posts\/1160\/revisions"}],"predecessor-version":[{"id":2114,"href":"https:\/\/imaxilodental.com\/ca\/wp-json\/wp\/v2\/posts\/1160\/revisions\/2114"}],"wp:featuredmedia":[{"embeddable":true,"href":"https:\/\/imaxilodental.com\/ca\/wp-json\/wp\/v2\/media\/1149"}],"wp:attachment":[{"href":"https:\/\/imaxilodental.com\/ca\/wp-json\/wp\/v2\/media?parent=1160"}],"wp:term":[{"taxonomy":"category","embeddable":true,"href":"https:\/\/imaxilodental.com\/ca\/wp-json\/wp\/v2\/categories?post=1160"},{"taxonomy":"post_tag","embeddable":true,"href":"https:\/\/imaxilodental.com\/ca\/wp-json\/wp\/v2\/tags?post=1160"}],"curies":[{"name":"wp","href":"https:\/\/api.w.org\/{rel}","templated":true}]}}